{"id":9387,"date":"2020-04-10T19:38:00","date_gmt":"2020-04-10T22:38:00","guid":{"rendered":"https:\/\/temucotelevision.cl\/web\/?p=9387"},"modified":"2020-04-10T19:38:36","modified_gmt":"2020-04-10T22:38:36","slug":"diputada-andrea-parra-ppd-presenta-proyectos-de-ley-que-protege-al-personal-de-salud-en-casos-de-crisis-sanitarias","status":"publish","type":"post","link":"https:\/\/temucotelevision.cl\/web\/2020\/04\/10\/diputada-andrea-parra-ppd-presenta-proyectos-de-ley-que-protege-al-personal-de-salud-en-casos-de-crisis-sanitarias\/","title":{"rendered":"Diputada Andrea Parra (PPD) presenta proyectos de ley que protege al personal de salud en casos de crisis sanitarias"},"content":{"rendered":"<div class=\"pvc_clear\"><\/div><p id=\"pvc_stats_9387\" class=\"pvc_stats total_only  \" data-element-id=\"9387\" style=\"\"><i class=\"pvc-stats-icon large\" aria-hidden=\"true\"><svg aria-hidden=\"true\" focusable=\"false\" data-prefix=\"far\" data-icon=\"chart-bar\" role=\"img\" xmlns=\"http:\/\/www.w3.org\/2000\/svg\" viewBox=\"0 0 512 512\" class=\"svg-inline--fa fa-chart-bar fa-w-16 fa-2x\"><path fill=\"currentColor\" d=\"M396.8 352h22.4c6.4 0 12.8-6.4 12.8-12.8V108.8c0-6.4-6.4-12.8-12.8-12.8h-22.4c-6.4 0-12.8 6.4-12.8 12.8v230.4c0 6.4 6.4 12.8 12.8 12.8zm-192 0h22.4c6.4 0 12.8-6.4 12.8-12.8V140.8c0-6.4-6.4-12.8-12.8-12.8h-22.4c-6.4 0-12.8 6.4-12.8 12.8v198.4c0 6.4 6.4 12.8 12.8 12.8zm96 0h22.4c6.4 0 12.8-6.4 12.8-12.8V204.8c0-6.4-6.4-12.8-12.8-12.8h-22.4c-6.4 0-12.8 6.4-12.8 12.8v134.4c0 6.4 6.4 12.8 12.8 12.8zM496 400H48V80c0-8.84-7.16-16-16-16H16C7.16 64 0 71.16 0 80v336c0 17.67 14.33 32 32 32h464c8.84 0 16-7.16 16-16v-16c0-8.84-7.16-16-16-16zm-387.2-48h22.4c6.4 0 12.8-6.4 12.8-12.8v-70.4c0-6.4-6.4-12.8-12.8-12.8h-22.4c-6.4 0-12.8 6.4-12.8 12.8v70.4c0 6.4 6.4 12.8 12.8 12.8z\" class=\"\"><\/path><\/svg><\/i> <img loading=\"lazy\" decoding=\"async\" width=\"16\" height=\"16\" alt=\"Loading\" src=\"https:\/\/temucotelevision.cl\/web\/wp-content\/plugins\/page-views-count\/ajax-loader-2x.gif\" border=0 \/><\/p><div class=\"pvc_clear\"><\/div>\n<p>La diputada del PPD, Andrea Parra, ingres\u00f3 un proyecto de ley que tiene por objetivo proteger al personal de salud -perteneciente a instituciones p\u00fablicas o privadas- que pudiera ser sujeto de discriminaciones arbitrarias durante episodios de crisis sanitarias, como la pandemia del Covid-19 que estamos viviendo actualmente.<\/p>\n\n\n\n<p>\u201cCreemos que es indispensable darle un estatuto jur\u00eddico especial de protecci\u00f3n a m\u00e9dicos, m\u00e9dicas, enfermeras, enfermeros, param\u00e9dicos, param\u00e9dicas, t\u00e9cnicos y t\u00e9cnicas a lo largo del pa\u00eds, en se\u00f1al de respaldo a la importante labor que d\u00eda a d\u00eda realizan. Es por ello, que proponemos incluir en la Ley Contra la Discriminaci\u00f3n, m\u00e1s conocida como Ley Zamudio, una protecci\u00f3n particular para ellos, aplicable durante una situaci\u00f3n de crisis sanitaria que pueda afectar al pa\u00eds\u201d, explic\u00f3 la diputada Parra.<\/p>\n\n\n\n<p>La parlamentaria sostuvo que \u201cmediante esta iniciativa, el tribunal podr\u00e1 aumentar al doble las sanciones contempladas en la ley, y en caso de reincidencia se aplicar\u00e1 al triple. Es decir, las sanciones podr\u00edan ir desde los 500 mil a los 5 millones de pesos\u201d.<\/p>\n\n\n\n<p>\u201cEste proyecto de ley radica en que hemos advertido con much\u00edsima preocupaci\u00f3n algunas situaciones de discriminaci\u00f3n y desprotecci\u00f3n hacia el personal de la salud producto del Covid-19. Incluso algunas administraciones de condominios y edificios han adoptado una serie de medidas restrictivas que proh\u00edben el uso de espacios comunes a los residentes que desempe\u00f1an funciones en hospitales, cl\u00ednicas y distintos centros de salud, por temor al contagio\u201d, afirm\u00f3 la legisladora.<\/p>\n\n\n\n<p>Andrea Parra sostuvo que \u201cel personal de salud ha redoblado sus esfuerzos para hacer frente a la mayor crisis sanitaria de las \u00faltimas d\u00e9cadas, por lo que es sumamente importante establecer un marco legal que les otorgue tranquilidad durante el ejercicio de sus funciones, y tambi\u00e9n en su esfera privada\u201d, finaliz\u00f3 la diputada del PPD.<\/p>\n","protected":false},"excerpt":{"rendered":"<div class=\"pvc_clear\"><\/div>\n<p id=\"pvc_stats_9387\" class=\"pvc_stats total_only  \" data-element-id=\"9387\" style=\"\"><i class=\"pvc-stats-icon large\" aria-hidden=\"true\"><svg aria-hidden=\"true\" focusable=\"false\" data-prefix=\"far\" data-icon=\"chart-bar\" role=\"img\" xmlns=\"http:\/\/www.w3.org\/2000\/svg\" viewBox=\"0 0 512 512\" class=\"svg-inline--fa fa-chart-bar fa-w-16 fa-2x\"><path fill=\"currentColor\" d=\"M396.8 352h22.4c6.4 0 12.8-6.4 12.8-12.8V108.8c0-6.4-6.4-12.8-12.8-12.8h-22.4c-6.4 0-12.8 6.4-12.8 12.8v230.4c0 6.4 6.4 12.8 12.8 12.8zm-192 0h22.4c6.4 0 12.8-6.4 12.8-12.8V140.8c0-6.4-6.4-12.8-12.8-12.8h-22.4c-6.4 0-12.8 6.4-12.8 12.8v198.4c0 6.4 6.4 12.8 12.8 12.8zm96 0h22.4c6.4 0 12.8-6.4 12.8-12.8V204.8c0-6.4-6.4-12.8-12.8-12.8h-22.4c-6.4 0-12.8 6.4-12.8 12.8v134.4c0 6.4 6.4 12.8 12.8 12.8zM496 400H48V80c0-8.84-7.16-16-16-16H16C7.16 64 0 71.16 0 80v336c0 17.67 14.33 32 32 32h464c8.84 0 16-7.16 16-16v-16c0-8.84-7.16-16-16-16zm-387.2-48h22.4c6.4 0 12.8-6.4 12.8-12.8v-70.4c0-6.4-6.4-12.8-12.8-12.8h-22.4c-6.4 0-12.8 6.4-12.8 12.8v70.4c0 6.4 6.4 12.8 12.8 12.8z\" class=\"\"><\/path><\/svg><\/i> <img loading=\"lazy\" decoding=\"async\" width=\"16\" height=\"16\" alt=\"Loading\" src=\"https:\/\/temucotelevision.cl\/web\/wp-content\/plugins\/page-views-count\/ajax-loader-2x.gif\" border=0 \/><\/p>\n<div class=\"pvc_clear\"><\/div>\n<p>La diputada del PPD, Andrea Parra, ingres\u00f3 un proyecto de ley que tiene por objetivo proteger al personal de salud<\/p>\n","protected":false},"author":1,"featured_media":5690,"comment_status":"open","ping_status":"open","sticky":false,"template":"","format":"standard","meta":{"colormag_page_container_layout":"default_layout","colormag_page_sidebar_layout":"default_layout","footnotes":""},"categories":[84],"tags":[],"class_list":["post-9387","post","type-post","status-publish","format-standard","has-post-thumbnail","hentry","category-politica"],"a3_pvc":{"activated":true,"total_views":30,"today_views":0},"_links":{"self":[{"href":"https:\/\/temucotelevision.cl\/web\/wp-json\/wp\/v2\/posts\/9387","targetHints":{"allow":["GET"]}}],"collection":[{"href":"https:\/\/temucotelevision.cl\/web\/wp-json\/wp\/v2\/posts"}],"about":[{"href":"https:\/\/temucotelevision.cl\/web\/wp-json\/wp\/v2\/types\/post"}],"author":[{"embeddable":true,"href":"https:\/\/temucotelevision.cl\/web\/wp-json\/wp\/v2\/users\/1"}],"replies":[{"embeddable":true,"href":"https:\/\/temucotelevision.cl\/web\/wp-json\/wp\/v2\/comments?post=9387"}],"version-history":[{"count":2,"href":"https:\/\/temucotelevision.cl\/web\/wp-json\/wp\/v2\/posts\/9387\/revisions"}],"predecessor-version":[{"id":9389,"href":"https:\/\/temucotelevision.cl\/web\/wp-json\/wp\/v2\/posts\/9387\/revisions\/9389"}],"wp:featuredmedia":[{"embeddable":true,"href":"https:\/\/temucotelevision.cl\/web\/wp-json\/wp\/v2\/media\/5690"}],"wp:attachment":[{"href":"https:\/\/temucotelevision.cl\/web\/wp-json\/wp\/v2\/media?parent=9387"}],"wp:term":[{"taxonomy":"category","embeddable":true,"href":"https:\/\/temucotelevision.cl\/web\/wp-json\/wp\/v2\/categories?post=9387"},{"taxonomy":"post_tag","embeddable":true,"href":"https:\/\/temucotelevision.cl\/web\/wp-json\/wp\/v2\/tags?post=9387"}],"curies":[{"name":"wp","href":"https:\/\/api.w.org\/{rel}","templated":true}]}}