{"id":9385,"date":"2020-04-10T19:16:08","date_gmt":"2020-04-10T22:16:08","guid":{"rendered":"https:\/\/temucotelevision.cl\/web\/?p=9385"},"modified":"2020-04-10T19:16:09","modified_gmt":"2020-04-10T22:16:09","slug":"busqueda-de-empleo%ef%bb%bf-claves-para-trabajar-la-empleabilidad-ante-la-crisis-sanitaria%ef%bb%bf","status":"publish","type":"post","link":"https:\/\/temucotelevision.cl\/web\/2020\/04\/10\/busqueda-de-empleo%ef%bb%bf-claves-para-trabajar-la-empleabilidad-ante-la-crisis-sanitaria%ef%bb%bf\/","title":{"rendered":"B\u00fasqueda de empleo:\ufeff Claves para trabajar la empleabilidad ante la crisis sanitaria\ufeff"},"content":{"rendered":"<div class=\"pvc_clear\"><\/div><p id=\"pvc_stats_9385\" class=\"pvc_stats total_only  \" data-element-id=\"9385\" style=\"\"><i class=\"pvc-stats-icon large\" aria-hidden=\"true\"><svg aria-hidden=\"true\" focusable=\"false\" data-prefix=\"far\" data-icon=\"chart-bar\" role=\"img\" xmlns=\"http:\/\/www.w3.org\/2000\/svg\" viewBox=\"0 0 512 512\" class=\"svg-inline--fa fa-chart-bar fa-w-16 fa-2x\"><path fill=\"currentColor\" d=\"M396.8 352h22.4c6.4 0 12.8-6.4 12.8-12.8V108.8c0-6.4-6.4-12.8-12.8-12.8h-22.4c-6.4 0-12.8 6.4-12.8 12.8v230.4c0 6.4 6.4 12.8 12.8 12.8zm-192 0h22.4c6.4 0 12.8-6.4 12.8-12.8V140.8c0-6.4-6.4-12.8-12.8-12.8h-22.4c-6.4 0-12.8 6.4-12.8 12.8v198.4c0 6.4 6.4 12.8 12.8 12.8zm96 0h22.4c6.4 0 12.8-6.4 12.8-12.8V204.8c0-6.4-6.4-12.8-12.8-12.8h-22.4c-6.4 0-12.8 6.4-12.8 12.8v134.4c0 6.4 6.4 12.8 12.8 12.8zM496 400H48V80c0-8.84-7.16-16-16-16H16C7.16 64 0 71.16 0 80v336c0 17.67 14.33 32 32 32h464c8.84 0 16-7.16 16-16v-16c0-8.84-7.16-16-16-16zm-387.2-48h22.4c6.4 0 12.8-6.4 12.8-12.8v-70.4c0-6.4-6.4-12.8-12.8-12.8h-22.4c-6.4 0-12.8 6.4-12.8 12.8v70.4c0 6.4 6.4 12.8 12.8 12.8z\" class=\"\"><\/path><\/svg><\/i> <img loading=\"lazy\" decoding=\"async\" width=\"16\" height=\"16\" alt=\"Loading\" src=\"https:\/\/temucotelevision.cl\/web\/wp-content\/plugins\/page-views-count\/ajax-loader-2x.gif\" border=0 \/><\/p><div class=\"pvc_clear\"><\/div>\n<h4 class=\"wp-block-heading\">Si bien el escenario es complicado, s\u00ed cuenta con ciertas caracter\u00edsticas que se pueden aprovechar, especialmente cuando se habla de participar en procesos de selecci\u00f3n o trabajar las redes de contacto.\u00a0<\/h4>\n\n\n\n<p>\u00a0\u00a0\u00a0\u00a0\u00a0\u00a0\u00a0\u00a0\u00a0\u00a0\u00a0\u00a0\u00a0\u00a0La incertidumbre laboral crece al paso de la crisis sanitaria por el Covid-19. Y es que al hablar de mercado laboral, y espec\u00edficamente de empleabilidad, es com\u00fan que surjan muchas dudas sobre c\u00f3mo enfrentar este momento, especialmente si se est\u00e1 en proceso de b\u00fasqueda de empleo.\u00a0<\/p>\n\n\n\n<p>&nbsp;&nbsp;&nbsp;&nbsp;&nbsp;&nbsp;&nbsp;&nbsp;&nbsp;&nbsp;&nbsp;&nbsp;&nbsp;&nbsp;&nbsp;&nbsp;&nbsp;&nbsp;&nbsp;&nbsp;&nbsp;&nbsp;Sin ir m\u00e1s lejos, proyecciones del corto y mediano plazo como las entregadas recientemente por el Banco Central, la C\u00e1mara Chilena de la Construcci\u00f3n y otros organismos, no son m\u00e1s alentadoras. Sin embargo, lo que muchos no saben es que la ocasi\u00f3n es un gran momento para sacarle provecho y, desde ah\u00ed, mejorar la empleabilidad para cuando superemos la crisis.&nbsp;<\/p>\n\n\n\n<p>&nbsp;&nbsp;&nbsp;&nbsp;&nbsp;&nbsp;&nbsp;&nbsp;&nbsp;&nbsp;&nbsp;&nbsp;&nbsp;&nbsp;&nbsp;&nbsp;&nbsp;&nbsp;&nbsp;&nbsp;&nbsp;&nbsp;Para&nbsp;<a href=\"https:\/\/www.linkedin.com\/in\/karinaperezd\/?locale=es_ES\">Karina P\u00e9rez<\/a>, directora de&nbsp;<a href=\"https:\/\/www.roberthalf.cl\/\">Robert Half Chile<\/a>, este proceso sin duda trae muchos beneficios m\u00e1s all\u00e1 de conseguir trabajo, ya que es una oportunidad para potenciar el desarrollo de carrera, trabajar las redes de contacto y aprender a utilizar las herramientas digitales de manera efectiva.&nbsp;<\/p>\n\n\n\n<p>&nbsp;&nbsp;&nbsp;&nbsp;&nbsp;&nbsp;&nbsp;&nbsp;&nbsp;&nbsp;&nbsp;&nbsp;&nbsp;&nbsp;&nbsp;&nbsp;&nbsp;&nbsp;&nbsp;&nbsp;&nbsp;&nbsp;\u201cPese a las circunstancias adversas, este puede ser un muy buen momento para pensar en el crecimiento profesional, a trav\u00e9s de la educaci\u00f3n continua, apertura a nuevas oportunidades y el dise\u00f1o de un buen plan de desarrollo de carrera. El trabajo remoto ha llevado a que las relaciones, el empleo y los negocios se muevan al entorno digital. Por lo tanto, hoy hay much\u00edsimas oportunidades en la red. Por ejemplo, muchas entidades est\u00e1n ofreciendo cursos y diplomados con valores rebajados o incluso gratuitos\u201d, afirma Karina P\u00e9rez.<\/p>\n\n\n\n<p>&nbsp;&nbsp;&nbsp;&nbsp;&nbsp;&nbsp;&nbsp;&nbsp;&nbsp;&nbsp;&nbsp;&nbsp;&nbsp;&nbsp;&nbsp;&nbsp;&nbsp;&nbsp;&nbsp;&nbsp;&nbsp;&nbsp;Por otro lado, se ha visto una gran oferta de charlas online, webinars y paneles de discusi\u00f3n gratuitos, siendo grandes oportunidades para conocer gente, mantenerse actualizado y entender cu\u00e1les son los temas que se est\u00e1n hablando en ciertas industrias o \u00e1reas. De esta manera, se puede aprovechar esta&nbsp;&nbsp;amplia oferta de contenido y una mayor disponibilidad de tiempo para&nbsp;<a href=\"https:\/\/www.linkedin.com\/pulse\/desarrollo-de-marca-personal-soy-nadie-si-s%25C3%25A9-quien-perez-galindo\/?trackingId=VSKZyfsWRVmwiCZ3dznqzA%3D%3D\">trabajar la Marca Personal<\/a>&nbsp;y mejorar las habilidades de comunicaci\u00f3n.<\/p>\n\n\n\n<p>&nbsp;&nbsp;&nbsp;&nbsp;&nbsp;&nbsp;&nbsp;&nbsp;&nbsp;&nbsp;&nbsp;&nbsp;&nbsp;&nbsp;&nbsp;&nbsp;&nbsp;&nbsp;&nbsp;&nbsp;&nbsp;&nbsp;\u201cVemos que el mundo sigue avanzando y funcionando, y esto tambi\u00e9n aplica a los procesos de selecci\u00f3n. Desde Robert Half, observamos que una&nbsp;<strong>parte de los procesos de selecci\u00f3n contin\u00faan activos<\/strong>, es decir la contrataci\u00f3n y la b\u00fasqueda de profesionales no se ha detenido por completo. El llamado es a seguir buscando oportunidades de entrevista. Es cierto que hay menos oportunidades, pero hay\u201d, se\u00f1ala la ejecutiva.&nbsp;<\/p>\n\n\n\n<p>&nbsp;&nbsp;&nbsp;&nbsp;&nbsp;&nbsp;&nbsp;&nbsp;&nbsp;&nbsp;&nbsp;&nbsp;&nbsp;&nbsp;&nbsp;&nbsp;&nbsp;&nbsp;&nbsp;&nbsp;&nbsp;&nbsp;Por un lado, los profesionales tienen a su favor la implementaci\u00f3n del teletrabajo. Esto implica que las personas a las que quieren contactar cuentan con tiempos m\u00e1s flexibles, ya que el trabajo remoto erradica los tiempos de traslado, lo que significa mayor disponibilidad. Esto tambi\u00e9n aplica a los headhunters, por lo que es una excelente oportunidad para retomar el contacto.<\/p>\n\n\n\n<p>&nbsp;&nbsp;&nbsp;&nbsp;&nbsp;&nbsp;&nbsp;&nbsp;&nbsp;&nbsp;&nbsp;&nbsp;&nbsp;&nbsp;&nbsp;&nbsp;&nbsp;&nbsp;&nbsp;&nbsp;&nbsp;&nbsp;Tambi\u00e9n, se le puede dar una mirada positiva al distanciamiento social. Desde que muchas personas est\u00e1n en sus casas, ya sea de manera voluntaria o porque estrictamente tienen cuarentena, se ha comenzado a valorar m\u00e1s el contacto.<\/p>\n\n\n\n<p>&nbsp;&nbsp;&nbsp;&nbsp;&nbsp;&nbsp;&nbsp;&nbsp;&nbsp;&nbsp;&nbsp;&nbsp;&nbsp;&nbsp;&nbsp;&nbsp;&nbsp;&nbsp;&nbsp;&nbsp;&nbsp;&nbsp;\u201cPor este motivo, podemos encontrarnos con que la gente est\u00e1 mucho m\u00e1s abierta a conversar, compartir ideas y conocer nuevos profesionales. Y como mencion\u00e9 anteriormente, esto no solo abre la posibilidad de participar en procesos de selecci\u00f3n, sino que hace de este el momento perfecto para trabajar y ampliar las redes de contacto\u201d, afirma Karina P\u00e9rez.<\/p>\n\n\n\n<p>&nbsp;&nbsp;&nbsp;&nbsp;&nbsp;&nbsp;&nbsp;&nbsp;&nbsp;&nbsp;&nbsp;&nbsp;&nbsp;&nbsp;&nbsp;&nbsp;&nbsp;&nbsp;&nbsp;&nbsp;&nbsp;&nbsp;Todo esto va de la mano con el mayor uso de las herramientas tecnol\u00f3gicas. Se tiene que ver la tecnolog\u00eda como un aliado y no como una amenaza, ya que en momentos como estos la digitalizaci\u00f3n es fundamental, no solo para continuar trabajando, sino tambi\u00e9n desde el punto de vista de mantener el contacto y las relaciones.&nbsp;<\/p>\n\n\n\n<p>&nbsp;&nbsp;&nbsp;&nbsp;&nbsp;&nbsp;&nbsp;&nbsp;&nbsp;&nbsp;&nbsp;&nbsp;&nbsp;&nbsp;&nbsp;&nbsp;&nbsp;&nbsp;&nbsp;&nbsp;&nbsp;&nbsp;Finalmente, para un escenario complicado como el actual, es clave para la empleabilidad el correcto uso de redes sociales, por lo tanto este puede ser un gran momento para actualizarlas y comenzar a tener mayor participaci\u00f3n en ellas. Esto no solo aumentar\u00e1 las posibilidades de conseguir empleo, sino que tambi\u00e9n ser\u00e1 un gran aporte para el desarrollo de carrera, potenciar las redes de contacto y trabajar la marca personal.&nbsp;<\/p>\n\n\n\n<p>Para mayor informaci\u00f3n contactar a:<\/p>\n\n\n\n<p>Juan Pablo D\u00edaz:&nbsp;jdiaz@extend.cl<\/p>\n\n\n\n<p>Celular:&nbsp;+56 9 6276 9831<\/p>\n\n\n\n<p>Extend<\/p>\n","protected":false},"excerpt":{"rendered":"<div class=\"pvc_clear\"><\/div>\n<p id=\"pvc_stats_9385\" class=\"pvc_stats total_only  \" data-element-id=\"9385\" style=\"\"><i class=\"pvc-stats-icon large\" aria-hidden=\"true\"><svg aria-hidden=\"true\" focusable=\"false\" data-prefix=\"far\" data-icon=\"chart-bar\" role=\"img\" xmlns=\"http:\/\/www.w3.org\/2000\/svg\" viewBox=\"0 0 512 512\" class=\"svg-inline--fa fa-chart-bar fa-w-16 fa-2x\"><path fill=\"currentColor\" d=\"M396.8 352h22.4c6.4 0 12.8-6.4 12.8-12.8V108.8c0-6.4-6.4-12.8-12.8-12.8h-22.4c-6.4 0-12.8 6.4-12.8 12.8v230.4c0 6.4 6.4 12.8 12.8 12.8zm-192 0h22.4c6.4 0 12.8-6.4 12.8-12.8V140.8c0-6.4-6.4-12.8-12.8-12.8h-22.4c-6.4 0-12.8 6.4-12.8 12.8v198.4c0 6.4 6.4 12.8 12.8 12.8zm96 0h22.4c6.4 0 12.8-6.4 12.8-12.8V204.8c0-6.4-6.4-12.8-12.8-12.8h-22.4c-6.4 0-12.8 6.4-12.8 12.8v134.4c0 6.4 6.4 12.8 12.8 12.8zM496 400H48V80c0-8.84-7.16-16-16-16H16C7.16 64 0 71.16 0 80v336c0 17.67 14.33 32 32 32h464c8.84 0 16-7.16 16-16v-16c0-8.84-7.16-16-16-16zm-387.2-48h22.4c6.4 0 12.8-6.4 12.8-12.8v-70.4c0-6.4-6.4-12.8-12.8-12.8h-22.4c-6.4 0-12.8 6.4-12.8 12.8v70.4c0 6.4 6.4 12.8 12.8 12.8z\" class=\"\"><\/path><\/svg><\/i> <img loading=\"lazy\" decoding=\"async\" width=\"16\" height=\"16\" alt=\"Loading\" src=\"https:\/\/temucotelevision.cl\/web\/wp-content\/plugins\/page-views-count\/ajax-loader-2x.gif\" border=0 \/><\/p>\n<div class=\"pvc_clear\"><\/div>\n<p>Si bien el escenario es complicado, s\u00ed cuenta con ciertas caracter\u00edsticas que se pueden aprovechar, especialmente cuando se habla de<\/p>\n","protected":false},"author":1,"featured_media":9177,"comment_status":"open","ping_status":"open","sticky":false,"template":"","format":"standard","meta":{"colormag_page_container_layout":"default_layout","colormag_page_sidebar_layout":"default_layout","footnotes":""},"categories":[101],"tags":[2216,704],"class_list":["post-9385","post","type-post","status-publish","format-standard","has-post-thumbnail","hentry","category-actualidad","tag-coronavirus","tag-empleo"],"a3_pvc":{"activated":true,"total_views":36,"today_views":0},"_links":{"self":[{"href":"https:\/\/temucotelevision.cl\/web\/wp-json\/wp\/v2\/posts\/9385","targetHints":{"allow":["GET"]}}],"collection":[{"href":"https:\/\/temucotelevision.cl\/web\/wp-json\/wp\/v2\/posts"}],"about":[{"href":"https:\/\/temucotelevision.cl\/web\/wp-json\/wp\/v2\/types\/post"}],"author":[{"embeddable":true,"href":"https:\/\/temucotelevision.cl\/web\/wp-json\/wp\/v2\/users\/1"}],"replies":[{"embeddable":true,"href":"https:\/\/temucotelevision.cl\/web\/wp-json\/wp\/v2\/comments?post=9385"}],"version-history":[{"count":1,"href":"https:\/\/temucotelevision.cl\/web\/wp-json\/wp\/v2\/posts\/9385\/revisions"}],"predecessor-version":[{"id":9386,"href":"https:\/\/temucotelevision.cl\/web\/wp-json\/wp\/v2\/posts\/9385\/revisions\/9386"}],"wp:featuredmedia":[{"embeddable":true,"href":"https:\/\/temucotelevision.cl\/web\/wp-json\/wp\/v2\/media\/9177"}],"wp:attachment":[{"href":"https:\/\/temucotelevision.cl\/web\/wp-json\/wp\/v2\/media?parent=9385"}],"wp:term":[{"taxonomy":"category","embeddable":true,"href":"https:\/\/temucotelevision.cl\/web\/wp-json\/wp\/v2\/categories?post=9385"},{"taxonomy":"post_tag","embeddable":true,"href":"https:\/\/temucotelevision.cl\/web\/wp-json\/wp\/v2\/tags?post=9385"}],"curies":[{"name":"wp","href":"https:\/\/api.w.org\/{rel}","templated":true}]}}