{"id":9380,"date":"2020-04-10T17:48:32","date_gmt":"2020-04-10T20:48:32","guid":{"rendered":"https:\/\/temucotelevision.cl\/web\/?p=9380"},"modified":"2020-04-10T17:48:34","modified_gmt":"2020-04-10T20:48:34","slug":"712-son-los-casos-confirmados-de-covid-19-en-la-araucania%ef%bb%bf","status":"publish","type":"post","link":"https:\/\/temucotelevision.cl\/web\/2020\/04\/10\/712-son-los-casos-confirmados-de-covid-19-en-la-araucania%ef%bb%bf\/","title":{"rendered":"712 son los casos confirmados de COVID- 19 en La Araucan\u00eda\ufeff"},"content":{"rendered":"<div class=\"pvc_clear\"><\/div><p id=\"pvc_stats_9380\" class=\"pvc_stats total_only  \" data-element-id=\"9380\" style=\"\"><i class=\"pvc-stats-icon large\" aria-hidden=\"true\"><svg aria-hidden=\"true\" focusable=\"false\" data-prefix=\"far\" data-icon=\"chart-bar\" role=\"img\" xmlns=\"http:\/\/www.w3.org\/2000\/svg\" viewBox=\"0 0 512 512\" class=\"svg-inline--fa fa-chart-bar fa-w-16 fa-2x\"><path fill=\"currentColor\" d=\"M396.8 352h22.4c6.4 0 12.8-6.4 12.8-12.8V108.8c0-6.4-6.4-12.8-12.8-12.8h-22.4c-6.4 0-12.8 6.4-12.8 12.8v230.4c0 6.4 6.4 12.8 12.8 12.8zm-192 0h22.4c6.4 0 12.8-6.4 12.8-12.8V140.8c0-6.4-6.4-12.8-12.8-12.8h-22.4c-6.4 0-12.8 6.4-12.8 12.8v198.4c0 6.4 6.4 12.8 12.8 12.8zm96 0h22.4c6.4 0 12.8-6.4 12.8-12.8V204.8c0-6.4-6.4-12.8-12.8-12.8h-22.4c-6.4 0-12.8 6.4-12.8 12.8v134.4c0 6.4 6.4 12.8 12.8 12.8zM496 400H48V80c0-8.84-7.16-16-16-16H16C7.16 64 0 71.16 0 80v336c0 17.67 14.33 32 32 32h464c8.84 0 16-7.16 16-16v-16c0-8.84-7.16-16-16-16zm-387.2-48h22.4c6.4 0 12.8-6.4 12.8-12.8v-70.4c0-6.4-6.4-12.8-12.8-12.8h-22.4c-6.4 0-12.8 6.4-12.8 12.8v70.4c0 6.4 6.4 12.8 12.8 12.8z\" class=\"\"><\/path><\/svg><\/i> <img loading=\"lazy\" decoding=\"async\" width=\"16\" height=\"16\" alt=\"Loading\" src=\"https:\/\/temucotelevision.cl\/web\/wp-content\/plugins\/page-views-count\/ajax-loader-2x.gif\" border=0 \/><\/p><div class=\"pvc_clear\"><\/div>\n<p>Durante el d\u00eda ayer a las 21 horas, fueron confirmados un total de 712 contagiados por COVID- 19 en la regi\u00f3n. Estos casos nos entregan la siguiente distribuci\u00f3n comunal:<\/p>\n\n\n\n<table class=\"wp-block-table aligncenter\"><tbody><tr><td><strong>Comuna de residencia<\/strong><\/td><td><strong>N\u00b0 de casos<\/strong><\/td><\/tr><tr><td>Angol<\/td><td>26<\/td><\/tr><tr><td>Carahue<\/td><td>10<\/td><\/tr><tr><td>Chol-Chol<\/td><td>3<\/td><\/tr><tr><td>Cunco<\/td><td>5<\/td><\/tr><tr><td>Curacaut\u00edn<\/td><td>4<\/td><\/tr><tr><td>Curarrehue<\/td><td>4<\/td><\/tr><tr><td>Ercilla<\/td><td>4<\/td><\/tr><tr><td>Freire<\/td><td>5<\/td><\/tr><tr><td>Galvarino<\/td><td>2<\/td><\/tr><tr><td>Gorbea<\/td><td>10<\/td><\/tr><tr><td>Lautaro<\/td><td>20<\/td><\/tr><tr><td>Loncoche<\/td><td>7<\/td><\/tr><tr><td>Nueva Imperial<\/td><td>21<\/td><\/tr><tr><td>Padre Las Casas<\/td><td>52<\/td><\/tr><tr><td>Perquenco<\/td><td>2<\/td><\/tr><tr><td>Pitrufquen<\/td><td>15<\/td><\/tr><tr><td>Puc\u00f3n<\/td><td>5<\/td><\/tr><tr><td>Puren<\/td><td>2<\/td><\/tr><tr><td>Renaico<\/td><td>1<\/td><\/tr><tr><td>Saavedra<\/td><td>1<\/td><\/tr><tr><td>Temuco<\/td><td>446<\/td><\/tr><tr><td>Teodoro Schmidt<\/td><td>3<\/td><\/tr><tr><td>Tolten<\/td><td>8<\/td><\/tr><tr><td>Victoria<\/td><td>14<\/td><\/tr><tr><td>Vilcun<\/td><td>24<\/td><\/tr><tr><td>Villarrica<\/td><td>16<\/td><\/tr><tr><td><strong>Total General<\/strong><\/td><td><strong>710<\/strong><\/td><\/tr><tr><td>* Se extraen 2 casos del an\u00e1lisis, puesto que presentan residencia en Regi\u00f3n del Biob\u00edo.<strong><\/strong><\/td><td><strong>&nbsp;<\/strong><\/td><\/tr><\/tbody><\/table>\n\n\n\n<table class=\"wp-block-table\"><tbody><tr><td><strong>Sexo<\/strong><\/td><td><strong>N\u00b0 Casos<\/strong><\/td><\/tr><tr><td>Hombre<\/td><td>356<\/td><\/tr><tr><td>Mujer<\/td><td>356<\/td><\/tr><\/tbody><\/table>\n\n\n\n<table class=\"wp-block-table\"><tbody><tr><td><strong>Fallecidos<\/strong><\/td><td>16<\/td><\/tr><\/tbody><\/table>\n\n\n\n<p>De la totalidad de casos 88 se encuentran hospitalizados, de estos, 65 en Unidades de Paciente Cr\u00edtico (UTI- UCI) y 50 conectados a ventilador mec\u00e1nico de los cuales 35 se encuentran en establecimientos de la red p\u00fablica y 15 en cl\u00ednicas privadas.<\/p>\n\n\n\n<p>&nbsp;Estos antecedentes suman un total de 712 casos confirmados en la regi\u00f3n de La Araucan\u00eda.<\/p>\n\n\n\n<p>\u2014\u2013\u2014\u2014<br><strong>Unidad de Comunicaciones<\/strong><\/p>\n\n\n\n<p>Seremi de Salud<\/p>\n","protected":false},"excerpt":{"rendered":"<div class=\"pvc_clear\"><\/div>\n<p id=\"pvc_stats_9380\" class=\"pvc_stats total_only  \" data-element-id=\"9380\" style=\"\"><i class=\"pvc-stats-icon large\" aria-hidden=\"true\"><svg aria-hidden=\"true\" focusable=\"false\" data-prefix=\"far\" data-icon=\"chart-bar\" role=\"img\" xmlns=\"http:\/\/www.w3.org\/2000\/svg\" viewBox=\"0 0 512 512\" class=\"svg-inline--fa fa-chart-bar fa-w-16 fa-2x\"><path fill=\"currentColor\" d=\"M396.8 352h22.4c6.4 0 12.8-6.4 12.8-12.8V108.8c0-6.4-6.4-12.8-12.8-12.8h-22.4c-6.4 0-12.8 6.4-12.8 12.8v230.4c0 6.4 6.4 12.8 12.8 12.8zm-192 0h22.4c6.4 0 12.8-6.4 12.8-12.8V140.8c0-6.4-6.4-12.8-12.8-12.8h-22.4c-6.4 0-12.8 6.4-12.8 12.8v198.4c0 6.4 6.4 12.8 12.8 12.8zm96 0h22.4c6.4 0 12.8-6.4 12.8-12.8V204.8c0-6.4-6.4-12.8-12.8-12.8h-22.4c-6.4 0-12.8 6.4-12.8 12.8v134.4c0 6.4 6.4 12.8 12.8 12.8zM496 400H48V80c0-8.84-7.16-16-16-16H16C7.16 64 0 71.16 0 80v336c0 17.67 14.33 32 32 32h464c8.84 0 16-7.16 16-16v-16c0-8.84-7.16-16-16-16zm-387.2-48h22.4c6.4 0 12.8-6.4 12.8-12.8v-70.4c0-6.4-6.4-12.8-12.8-12.8h-22.4c-6.4 0-12.8 6.4-12.8 12.8v70.4c0 6.4 6.4 12.8 12.8 12.8z\" class=\"\"><\/path><\/svg><\/i> <img loading=\"lazy\" decoding=\"async\" width=\"16\" height=\"16\" alt=\"Loading\" src=\"https:\/\/temucotelevision.cl\/web\/wp-content\/plugins\/page-views-count\/ajax-loader-2x.gif\" border=0 \/><\/p>\n<div class=\"pvc_clear\"><\/div>\n<p>Durante el d\u00eda ayer a las 21 horas, fueron confirmados un total de 712 contagiados por COVID- 19 en la<\/p>\n","protected":false},"author":1,"featured_media":9127,"comment_status":"open","ping_status":"open","sticky":false,"template":"","format":"standard","meta":{"colormag_page_container_layout":"default_layout","colormag_page_sidebar_layout":"default_layout","footnotes":""},"categories":[15],"tags":[2314,2216],"class_list":["post-9380","post","type-post","status-publish","format-standard","has-post-thumbnail","hentry","category-la-araucania","tag-casos","tag-coronavirus"],"a3_pvc":{"activated":true,"total_views":14,"today_views":0},"_links":{"self":[{"href":"https:\/\/temucotelevision.cl\/web\/wp-json\/wp\/v2\/posts\/9380","targetHints":{"allow":["GET"]}}],"collection":[{"href":"https:\/\/temucotelevision.cl\/web\/wp-json\/wp\/v2\/posts"}],"about":[{"href":"https:\/\/temucotelevision.cl\/web\/wp-json\/wp\/v2\/types\/post"}],"author":[{"embeddable":true,"href":"https:\/\/temucotelevision.cl\/web\/wp-json\/wp\/v2\/users\/1"}],"replies":[{"embeddable":true,"href":"https:\/\/temucotelevision.cl\/web\/wp-json\/wp\/v2\/comments?post=9380"}],"version-history":[{"count":1,"href":"https:\/\/temucotelevision.cl\/web\/wp-json\/wp\/v2\/posts\/9380\/revisions"}],"predecessor-version":[{"id":9381,"href":"https:\/\/temucotelevision.cl\/web\/wp-json\/wp\/v2\/posts\/9380\/revisions\/9381"}],"wp:featuredmedia":[{"embeddable":true,"href":"https:\/\/temucotelevision.cl\/web\/wp-json\/wp\/v2\/media\/9127"}],"wp:attachment":[{"href":"https:\/\/temucotelevision.cl\/web\/wp-json\/wp\/v2\/media?parent=9380"}],"wp:term":[{"taxonomy":"category","embeddable":true,"href":"https:\/\/temucotelevision.cl\/web\/wp-json\/wp\/v2\/categories?post=9380"},{"taxonomy":"post_tag","embeddable":true,"href":"https:\/\/temucotelevision.cl\/web\/wp-json\/wp\/v2\/tags?post=9380"}],"curies":[{"name":"wp","href":"https:\/\/api.w.org\/{rel}","templated":true}]}}