{"id":9376,"date":"2020-04-10T17:43:43","date_gmt":"2020-04-10T20:43:43","guid":{"rendered":"https:\/\/temucotelevision.cl\/web\/?p=9376"},"modified":"2020-04-10T17:43:44","modified_gmt":"2020-04-10T20:43:44","slug":"seremi-de-economia-destaca-plan-economico-de-emergencia-que-impactara-a-trabajadores-empresas-y-sus-familias%ef%bb%bf","status":"publish","type":"post","link":"https:\/\/temucotelevision.cl\/web\/2020\/04\/10\/seremi-de-economia-destaca-plan-economico-de-emergencia-que-impactara-a-trabajadores-empresas-y-sus-familias%ef%bb%bf\/","title":{"rendered":"Seremi de Econom\u00eda destaca Plan econ\u00f3mico de emergencia que impactar\u00e1 a trabajadores, empresas y sus familias\ufeff"},"content":{"rendered":"<div class=\"pvc_clear\"><\/div><p id=\"pvc_stats_9376\" class=\"pvc_stats total_only  \" data-element-id=\"9376\" style=\"\"><i class=\"pvc-stats-icon large\" aria-hidden=\"true\"><svg aria-hidden=\"true\" focusable=\"false\" data-prefix=\"far\" data-icon=\"chart-bar\" role=\"img\" xmlns=\"http:\/\/www.w3.org\/2000\/svg\" viewBox=\"0 0 512 512\" class=\"svg-inline--fa fa-chart-bar fa-w-16 fa-2x\"><path fill=\"currentColor\" d=\"M396.8 352h22.4c6.4 0 12.8-6.4 12.8-12.8V108.8c0-6.4-6.4-12.8-12.8-12.8h-22.4c-6.4 0-12.8 6.4-12.8 12.8v230.4c0 6.4 6.4 12.8 12.8 12.8zm-192 0h22.4c6.4 0 12.8-6.4 12.8-12.8V140.8c0-6.4-6.4-12.8-12.8-12.8h-22.4c-6.4 0-12.8 6.4-12.8 12.8v198.4c0 6.4 6.4 12.8 12.8 12.8zm96 0h22.4c6.4 0 12.8-6.4 12.8-12.8V204.8c0-6.4-6.4-12.8-12.8-12.8h-22.4c-6.4 0-12.8 6.4-12.8 12.8v134.4c0 6.4 6.4 12.8 12.8 12.8zM496 400H48V80c0-8.84-7.16-16-16-16H16C7.16 64 0 71.16 0 80v336c0 17.67 14.33 32 32 32h464c8.84 0 16-7.16 16-16v-16c0-8.84-7.16-16-16-16zm-387.2-48h22.4c6.4 0 12.8-6.4 12.8-12.8v-70.4c0-6.4-6.4-12.8-12.8-12.8h-22.4c-6.4 0-12.8 6.4-12.8 12.8v70.4c0 6.4 6.4 12.8 12.8 12.8z\" class=\"\"><\/path><\/svg><\/i> <img loading=\"lazy\" decoding=\"async\" width=\"16\" height=\"16\" alt=\"Loading\" src=\"https:\/\/temucotelevision.cl\/web\/wp-content\/plugins\/page-views-count\/ajax-loader-2x.gif\" border=0 \/><\/p><div class=\"pvc_clear\"><\/div>\n<p>El Seremi de Econom\u00eda de La Araucan\u00eda, Francisco L\u00f3pez valor\u00f3 el anuncio de esta segunda etapa del Plan de Emergencia, e indic\u00f3 \u201cSon importantes medidas, porque la pandemia del coronavirus no s\u00f3lo amenaza la salud de muchos compatriotas y la vida de aquellos que est\u00e1n en los grupos mayor riesgo, sino que tambi\u00e9n est\u00e1 afectando los ingresos y los empleos de muchos chilenos y poniendo en riesgo la supervivencia de la micro, peque\u00f1a y mediana empresa, que en el caso de nuestra Araucan\u00eda es hist\u00f3ricamente una regi\u00f3n muy Mipe, donde la cantidad de micro y peque\u00f1as empresas suman en total 46 mil, lo que representa un 97% del total regional. <\/p>\n\n\n\n<div class=\"wp-block-image\"><figure class=\"alignleft is-resized\"><img loading=\"lazy\" decoding=\"async\" src=\"https:\/\/temucotelevision.cl\/web\/wp-content\/uploads\/2020\/04\/seremi-economia-682x1024.jpeg\" alt=\"\" class=\"wp-image-9378\" width=\"182\" height=\"272\" srcset=\"https:\/\/temucotelevision.cl\/web\/wp-content\/uploads\/2020\/04\/seremi-economia-682x1024.jpeg 682w, https:\/\/temucotelevision.cl\/web\/wp-content\/uploads\/2020\/04\/seremi-economia-768x1152.jpeg 768w, https:\/\/temucotelevision.cl\/web\/wp-content\/uploads\/2020\/04\/seremi-economia.jpeg 853w\" sizes=\"auto, (max-width: 182px) 100vw, 182px\" \/><figcaption>Seremi de Econom\u00eda, Francisco Lopez<\/figcaption><\/figure><\/div>\n\n\n\n<p>Por tanto, ahora queda que los bancos tengan sentido de urgencia y est\u00e9n a la altura de las circunstancias y puedan entregar nuevos cr\u00e9ditos a las mipymes con el respaldo de la garant\u00eda estatal, que baja el riesgo del cr\u00e9dito a las instituciones que lo generan, dando un mayor acceso de este a miles de empresas que hoy lo necesitan con premura, por lo que esperamos que esta medida pueda sostener a muchas empresas que si bien hoy tienen una falta de liquidez, en el corto plazo cuando se logre pasar esta pandemia, son emprendimientos que de todas maneras aportar\u00e1n a la generaci\u00f3n de actividad econ\u00f3mica que ser\u00e1 tan relevante para continuar en la senda de crecimiento del pa\u00eds y nuestra regi\u00f3n\u201d.<\/p>\n\n\n\n<p><\/p>\n","protected":false},"excerpt":{"rendered":"<div class=\"pvc_clear\"><\/div>\n<p id=\"pvc_stats_9376\" class=\"pvc_stats total_only  \" data-element-id=\"9376\" style=\"\"><i class=\"pvc-stats-icon large\" aria-hidden=\"true\"><svg aria-hidden=\"true\" focusable=\"false\" data-prefix=\"far\" data-icon=\"chart-bar\" role=\"img\" xmlns=\"http:\/\/www.w3.org\/2000\/svg\" viewBox=\"0 0 512 512\" class=\"svg-inline--fa fa-chart-bar fa-w-16 fa-2x\"><path fill=\"currentColor\" d=\"M396.8 352h22.4c6.4 0 12.8-6.4 12.8-12.8V108.8c0-6.4-6.4-12.8-12.8-12.8h-22.4c-6.4 0-12.8 6.4-12.8 12.8v230.4c0 6.4 6.4 12.8 12.8 12.8zm-192 0h22.4c6.4 0 12.8-6.4 12.8-12.8V140.8c0-6.4-6.4-12.8-12.8-12.8h-22.4c-6.4 0-12.8 6.4-12.8 12.8v198.4c0 6.4 6.4 12.8 12.8 12.8zm96 0h22.4c6.4 0 12.8-6.4 12.8-12.8V204.8c0-6.4-6.4-12.8-12.8-12.8h-22.4c-6.4 0-12.8 6.4-12.8 12.8v134.4c0 6.4 6.4 12.8 12.8 12.8zM496 400H48V80c0-8.84-7.16-16-16-16H16C7.16 64 0 71.16 0 80v336c0 17.67 14.33 32 32 32h464c8.84 0 16-7.16 16-16v-16c0-8.84-7.16-16-16-16zm-387.2-48h22.4c6.4 0 12.8-6.4 12.8-12.8v-70.4c0-6.4-6.4-12.8-12.8-12.8h-22.4c-6.4 0-12.8 6.4-12.8 12.8v70.4c0 6.4 6.4 12.8 12.8 12.8z\" class=\"\"><\/path><\/svg><\/i> <img loading=\"lazy\" decoding=\"async\" width=\"16\" height=\"16\" alt=\"Loading\" src=\"https:\/\/temucotelevision.cl\/web\/wp-content\/plugins\/page-views-count\/ajax-loader-2x.gif\" border=0 \/><\/p>\n<div class=\"pvc_clear\"><\/div>\n<p>El Seremi de Econom\u00eda de La Araucan\u00eda, Francisco L\u00f3pez valor\u00f3 el anuncio de esta segunda etapa del Plan de Emergencia,<\/p>\n","protected":false},"author":1,"featured_media":9377,"comment_status":"open","ping_status":"open","sticky":false,"template":"","format":"standard","meta":{"colormag_page_container_layout":"default_layout","colormag_page_sidebar_layout":"default_layout","footnotes":""},"categories":[101],"tags":[644,2345,232],"class_list":["post-9376","post","type-post","status-publish","format-standard","has-post-thumbnail","hentry","category-actualidad","tag-creditos","tag-plan-economico","tag-seremi"],"a3_pvc":{"activated":true,"total_views":54,"today_views":0},"_links":{"self":[{"href":"https:\/\/temucotelevision.cl\/web\/wp-json\/wp\/v2\/posts\/9376","targetHints":{"allow":["GET"]}}],"collection":[{"href":"https:\/\/temucotelevision.cl\/web\/wp-json\/wp\/v2\/posts"}],"about":[{"href":"https:\/\/temucotelevision.cl\/web\/wp-json\/wp\/v2\/types\/post"}],"author":[{"embeddable":true,"href":"https:\/\/temucotelevision.cl\/web\/wp-json\/wp\/v2\/users\/1"}],"replies":[{"embeddable":true,"href":"https:\/\/temucotelevision.cl\/web\/wp-json\/wp\/v2\/comments?post=9376"}],"version-history":[{"count":1,"href":"https:\/\/temucotelevision.cl\/web\/wp-json\/wp\/v2\/posts\/9376\/revisions"}],"predecessor-version":[{"id":9379,"href":"https:\/\/temucotelevision.cl\/web\/wp-json\/wp\/v2\/posts\/9376\/revisions\/9379"}],"wp:featuredmedia":[{"embeddable":true,"href":"https:\/\/temucotelevision.cl\/web\/wp-json\/wp\/v2\/media\/9377"}],"wp:attachment":[{"href":"https:\/\/temucotelevision.cl\/web\/wp-json\/wp\/v2\/media?parent=9376"}],"wp:term":[{"taxonomy":"category","embeddable":true,"href":"https:\/\/temucotelevision.cl\/web\/wp-json\/wp\/v2\/categories?post=9376"},{"taxonomy":"post_tag","embeddable":true,"href":"https:\/\/temucotelevision.cl\/web\/wp-json\/wp\/v2\/tags?post=9376"}],"curies":[{"name":"wp","href":"https:\/\/api.w.org\/{rel}","templated":true}]}}