{"id":9372,"date":"2020-04-10T14:28:56","date_gmt":"2020-04-10T17:28:56","guid":{"rendered":"https:\/\/temucotelevision.cl\/web\/?p=9372"},"modified":"2020-04-10T14:28:58","modified_gmt":"2020-04-10T17:28:58","slug":"covid-19-clinicas-moviles-de-desafio-levantemos-chile-atenderan-a-pacientes-de-regiones-sin-moverse-de-sus-hogares","status":"publish","type":"post","link":"https:\/\/temucotelevision.cl\/web\/2020\/04\/10\/covid-19-clinicas-moviles-de-desafio-levantemos-chile-atenderan-a-pacientes-de-regiones-sin-moverse-de-sus-hogares\/","title":{"rendered":"COVID-19: Cl\u00ednicas m\u00f3viles de Desaf\u00edo Levantemos Chile atender\u00e1n a pacientes de regiones sin moverse de sus hogares"},"content":{"rendered":"<div class=\"pvc_clear\"><\/div><p id=\"pvc_stats_9372\" class=\"pvc_stats total_only  \" data-element-id=\"9372\" style=\"\"><i class=\"pvc-stats-icon large\" aria-hidden=\"true\"><svg aria-hidden=\"true\" focusable=\"false\" data-prefix=\"far\" data-icon=\"chart-bar\" role=\"img\" xmlns=\"http:\/\/www.w3.org\/2000\/svg\" viewBox=\"0 0 512 512\" class=\"svg-inline--fa fa-chart-bar fa-w-16 fa-2x\"><path fill=\"currentColor\" d=\"M396.8 352h22.4c6.4 0 12.8-6.4 12.8-12.8V108.8c0-6.4-6.4-12.8-12.8-12.8h-22.4c-6.4 0-12.8 6.4-12.8 12.8v230.4c0 6.4 6.4 12.8 12.8 12.8zm-192 0h22.4c6.4 0 12.8-6.4 12.8-12.8V140.8c0-6.4-6.4-12.8-12.8-12.8h-22.4c-6.4 0-12.8 6.4-12.8 12.8v198.4c0 6.4 6.4 12.8 12.8 12.8zm96 0h22.4c6.4 0 12.8-6.4 12.8-12.8V204.8c0-6.4-6.4-12.8-12.8-12.8h-22.4c-6.4 0-12.8 6.4-12.8 12.8v134.4c0 6.4 6.4 12.8 12.8 12.8zM496 400H48V80c0-8.84-7.16-16-16-16H16C7.16 64 0 71.16 0 80v336c0 17.67 14.33 32 32 32h464c8.84 0 16-7.16 16-16v-16c0-8.84-7.16-16-16-16zm-387.2-48h22.4c6.4 0 12.8-6.4 12.8-12.8v-70.4c0-6.4-6.4-12.8-12.8-12.8h-22.4c-6.4 0-12.8 6.4-12.8 12.8v70.4c0 6.4 6.4 12.8 12.8 12.8z\" class=\"\"><\/path><\/svg><\/i> <img loading=\"lazy\" decoding=\"async\" width=\"16\" height=\"16\" alt=\"Loading\" src=\"https:\/\/temucotelevision.cl\/web\/wp-content\/plugins\/page-views-count\/ajax-loader-2x.gif\" border=0 \/><\/p><div class=\"pvc_clear\"><\/div>\n<p>\u25cf&nbsp;&nbsp;&nbsp;&nbsp;&nbsp;<em>Desaf\u00edo Levantemos Chile y CMPC junto al Servicio de Salud de La Araucan\u00eda y de Biob\u00edo, implementar\u00e1n esta iniciativa que asistir\u00e1 a personas de ambas regiones, entreg\u00e1ndoles remedios, vacunas contra la influenza y la posibilidad de realizarse testeos&nbsp; por el coronavirus.<\/em><\/p>\n\n\n\n<p>\u25cf&nbsp;&nbsp;&nbsp;&nbsp;&nbsp;<em>Por otro lado, comenzar\u00e1 la entrega de los primeros 1.500 kits de emergencia recaudados por la ONG, para los sectores m\u00e1s vulnerables de La Araucan\u00eda.<\/em><\/p>\n\n\n\n<p>Con el objetivo de descongestionar la red de salud p\u00fablica y privada en algunas de las regiones m\u00e1s afectadas por el brote de coronavirus en Chile, desde hoy las personas de La Araucan\u00eda y el Biob\u00edo podr\u00e1n obtener remedios, vacunarse contra la influenza e incluso hacer testeos del Covid-19 sin necesidad de moverse de sus casas, gracias a un nuevo concepto llamado \u201cCl\u00ednicas M\u00f3viles\u201d.\u00a0<\/p>\n\n\n\n<p>\u201cEsta iniciativa nos permite llevar asistencia m\u00e9dica a casas particulares, evitando el colapso tanto de los centros de salud como de los hospitales y cl\u00ednicas. Este es uno de los puntos que m\u00e1s nos preocupa hoy al ver cifras como las de La Araucan\u00eda, donde el n\u00famero de casos de contagios representa casi un 12% del total a nivel nacional\u201d, afirm\u00f3 Nicol\u00e1s Birrell, director ejecutivo de Desaf\u00edo Levantemos Chile.<\/p>\n\n\n\n<p>Gracias a la campa\u00f1a \u201cEl Desaf\u00edo es de Todos\u201d, la ONG gestion\u00f3 la donaci\u00f3n de CMPC para que los Servicios de Salud de ambas regiones puedan operativizar estos furgones con los recursos humanos e insumos necesarios para dar una atenci\u00f3n de calidad a las comunidades vulnerables.<\/p>\n\n\n\n<p>Ignacio Lira, subgerente de Asuntos P\u00fablicos Bosques CMPC, record\u00f3 que como compa\u00f1\u00eda de productos esenciales no solo est\u00e1n preocupados de mantener el abastecimiento, sino que tambi\u00e9n del bienestar de sus colabores y del pa\u00eds. \u201cLa donaci\u00f3n de dos cl\u00ednicas m\u00f3viles se suma a los donativos de 100 mil pa\u00f1ales y alcohol gel para adultos mayores. Adem\u00e1s estamos colaborando en la sanitizaci\u00f3n de distintas comunas, y estamos importando dos m\u00e1quinas para fabricar mascarillas en Brasil y Chile, cada una con la capacidad de elaborar 1 mill\u00f3n 500 mil mascarillas al mes, y que se entregar\u00e1n gratis a los Servicios P\u00fablicos de Salud\u201d.<\/p>\n\n\n\n<p>\u201cQuiero agradecer el aporte que hicieron Desaf\u00eco Levantemos Chile y CMPC, quienes acaban de aportar un m\u00f3vil cl\u00ednico que permitir\u00e1 entregar una ayuda para toda la regi\u00f3n, inclu\u00edda La Araucan\u00eda Norte, a trav\u00e9s de este m\u00f3vil vamos a poder trasladar personal y equipamientos importantes que se requieran. Todos conocemos los accesos de nuestra zona rural y hoy, para llegar a todos lados, necesitamos herramientas como esta\u201d, explic\u00f3 Ren\u00e9 Lopetegui, director del Servicio de Salud Araucan\u00eda Sur.<\/p>\n\n\n\n<p>La primera cl\u00ednica m\u00f3vil comenz\u00f3 desde ayer a recorrer distintos sectores en la regi\u00f3n del Biob\u00edo y a partir de hoy viajar\u00e1 por Temuco y sus alrededores, cubriendo distintas necesidades durante esta pandemia en localidades apartadas, evitando problemas con el clima, caminos o distancias para poder entregar la atenci\u00f3n donde sea necesario.<\/p>\n\n\n\n<figure class=\"wp-block-image\"><img loading=\"lazy\" decoding=\"async\" width=\"800\" height=\"455\" src=\"https:\/\/temucotelevision.cl\/web\/wp-content\/uploads\/2020\/04\/Clinica-movil2.jpg\" alt=\"\" class=\"wp-image-9374\" srcset=\"https:\/\/temucotelevision.cl\/web\/wp-content\/uploads\/2020\/04\/Clinica-movil2.jpg 800w, https:\/\/temucotelevision.cl\/web\/wp-content\/uploads\/2020\/04\/Clinica-movil2-768x437.jpg 768w\" sizes=\"auto, (max-width: 800px) 100vw, 800px\" \/><\/figure>\n\n\n\n<p><strong>Entrega de kits de emergencia en La Araucan\u00eda<\/strong><\/p>\n\n\n\n<p>Por otro lado, Desaf\u00edo Levantemos Chile tambi\u00e9n comenz\u00f3 a repartir los primeros 1.500 kits de emergencia en La Araucan\u00eda, espec\u00edficamente de alimentaci\u00f3n e higiene, gracias a los primeros montos recaudados con su iniciativa nacional de recaudaci\u00f3n de fondos online, para ir en ayuda de los m\u00e1s necesitados como parte de su plan de acci\u00f3n frente al Covid-19.<\/p>\n\n\n\n<p>Gracias a las donaciones recibidas y la colaboraci\u00f3n de empresas, como Unilever, Softys y Transportes Nazar-, el Ej\u00e9rcito y Carabineros de Chile armar\u00e1n y entregar\u00e1n las cajas que beneficiar\u00e1n a aproximadamente 4 mil personas entre familias vulnerables, discapacitados y adultos mayores.<\/p>\n\n\n\n<p>Quienes deseen aportar a esta campa\u00f1a, deben dirigirse a la p\u00e1gina&nbsp;<a href=\"http:\/\/www.desafiolevantemoschile.org\/\" target=\"_blank\" rel=\"noreferrer noopener\">www.desafiolevantemoschile.org<\/a>, donde podr\u00e1n donar cualquiera de los tres kits disponibles (salud, higiene y\/ o alimentaci\u00f3n) o hacerlo de forma general a la fundaci\u00f3n a trav\u00e9s de la cuenta corriente del Banco de Chile 98027-07.<\/p>\n","protected":false},"excerpt":{"rendered":"<div class=\"pvc_clear\"><\/div>\n<p id=\"pvc_stats_9372\" class=\"pvc_stats total_only  \" data-element-id=\"9372\" style=\"\"><i class=\"pvc-stats-icon large\" aria-hidden=\"true\"><svg aria-hidden=\"true\" focusable=\"false\" data-prefix=\"far\" data-icon=\"chart-bar\" role=\"img\" xmlns=\"http:\/\/www.w3.org\/2000\/svg\" viewBox=\"0 0 512 512\" class=\"svg-inline--fa fa-chart-bar fa-w-16 fa-2x\"><path fill=\"currentColor\" d=\"M396.8 352h22.4c6.4 0 12.8-6.4 12.8-12.8V108.8c0-6.4-6.4-12.8-12.8-12.8h-22.4c-6.4 0-12.8 6.4-12.8 12.8v230.4c0 6.4 6.4 12.8 12.8 12.8zm-192 0h22.4c6.4 0 12.8-6.4 12.8-12.8V140.8c0-6.4-6.4-12.8-12.8-12.8h-22.4c-6.4 0-12.8 6.4-12.8 12.8v198.4c0 6.4 6.4 12.8 12.8 12.8zm96 0h22.4c6.4 0 12.8-6.4 12.8-12.8V204.8c0-6.4-6.4-12.8-12.8-12.8h-22.4c-6.4 0-12.8 6.4-12.8 12.8v134.4c0 6.4 6.4 12.8 12.8 12.8zM496 400H48V80c0-8.84-7.16-16-16-16H16C7.16 64 0 71.16 0 80v336c0 17.67 14.33 32 32 32h464c8.84 0 16-7.16 16-16v-16c0-8.84-7.16-16-16-16zm-387.2-48h22.4c6.4 0 12.8-6.4 12.8-12.8v-70.4c0-6.4-6.4-12.8-12.8-12.8h-22.4c-6.4 0-12.8 6.4-12.8 12.8v70.4c0 6.4 6.4 12.8 12.8 12.8z\" class=\"\"><\/path><\/svg><\/i> <img loading=\"lazy\" decoding=\"async\" width=\"16\" height=\"16\" alt=\"Loading\" src=\"https:\/\/temucotelevision.cl\/web\/wp-content\/plugins\/page-views-count\/ajax-loader-2x.gif\" border=0 \/><\/p>\n<div class=\"pvc_clear\"><\/div>\n<p>\u25cf&nbsp;&nbsp;&nbsp;&nbsp;&nbsp;Desaf\u00edo Levantemos Chile y CMPC junto al Servicio de Salud de La Araucan\u00eda y de Biob\u00edo, implementar\u00e1n esta iniciativa que<\/p>\n","protected":false},"author":1,"featured_media":9373,"comment_status":"open","ping_status":"open","sticky":false,"template":"","format":"standard","meta":{"colormag_page_container_layout":"default_layout","colormag_page_sidebar_layout":"default_layout","footnotes":""},"categories":[14],"tags":[2304,1710],"class_list":["post-9372","post","type-post","status-publish","format-standard","has-post-thumbnail","hentry","category-temuco","tag-covid-19","tag-moviles"],"a3_pvc":{"activated":true,"total_views":40,"today_views":0},"_links":{"self":[{"href":"https:\/\/temucotelevision.cl\/web\/wp-json\/wp\/v2\/posts\/9372","targetHints":{"allow":["GET"]}}],"collection":[{"href":"https:\/\/temucotelevision.cl\/web\/wp-json\/wp\/v2\/posts"}],"about":[{"href":"https:\/\/temucotelevision.cl\/web\/wp-json\/wp\/v2\/types\/post"}],"author":[{"embeddable":true,"href":"https:\/\/temucotelevision.cl\/web\/wp-json\/wp\/v2\/users\/1"}],"replies":[{"embeddable":true,"href":"https:\/\/temucotelevision.cl\/web\/wp-json\/wp\/v2\/comments?post=9372"}],"version-history":[{"count":1,"href":"https:\/\/temucotelevision.cl\/web\/wp-json\/wp\/v2\/posts\/9372\/revisions"}],"predecessor-version":[{"id":9375,"href":"https:\/\/temucotelevision.cl\/web\/wp-json\/wp\/v2\/posts\/9372\/revisions\/9375"}],"wp:featuredmedia":[{"embeddable":true,"href":"https:\/\/temucotelevision.cl\/web\/wp-json\/wp\/v2\/media\/9373"}],"wp:attachment":[{"href":"https:\/\/temucotelevision.cl\/web\/wp-json\/wp\/v2\/media?parent=9372"}],"wp:term":[{"taxonomy":"category","embeddable":true,"href":"https:\/\/temucotelevision.cl\/web\/wp-json\/wp\/v2\/categories?post=9372"},{"taxonomy":"post_tag","embeddable":true,"href":"https:\/\/temucotelevision.cl\/web\/wp-json\/wp\/v2\/tags?post=9372"}],"curies":[{"name":"wp","href":"https:\/\/api.w.org\/{rel}","templated":true}]}}