{"id":9370,"date":"2020-04-10T14:19:34","date_gmt":"2020-04-10T17:19:34","guid":{"rendered":"https:\/\/temucotelevision.cl\/web\/?p=9370"},"modified":"2020-04-10T14:19:37","modified_gmt":"2020-04-10T17:19:37","slug":"diputado-rathgeb-valoro-aprobacion-de-recursos-por-parte-del-core-que-seran-destinados-a-municipios-por-emergencia-sanitaria%ef%bb%bf","status":"publish","type":"post","link":"https:\/\/temucotelevision.cl\/web\/2020\/04\/10\/diputado-rathgeb-valoro-aprobacion-de-recursos-por-parte-del-core-que-seran-destinados-a-municipios-por-emergencia-sanitaria%ef%bb%bf\/","title":{"rendered":"Diputado Rathgeb valor\u00f3 aprobaci\u00f3n de recursos por parte del Core que ser\u00e1n destinados a municipios por emergencia sanitaria\ufeff"},"content":{"rendered":"<div class=\"pvc_clear\"><\/div><p id=\"pvc_stats_9370\" class=\"pvc_stats total_only  \" data-element-id=\"9370\" style=\"\"><i class=\"pvc-stats-icon large\" aria-hidden=\"true\"><svg aria-hidden=\"true\" focusable=\"false\" data-prefix=\"far\" data-icon=\"chart-bar\" role=\"img\" xmlns=\"http:\/\/www.w3.org\/2000\/svg\" viewBox=\"0 0 512 512\" class=\"svg-inline--fa fa-chart-bar fa-w-16 fa-2x\"><path fill=\"currentColor\" d=\"M396.8 352h22.4c6.4 0 12.8-6.4 12.8-12.8V108.8c0-6.4-6.4-12.8-12.8-12.8h-22.4c-6.4 0-12.8 6.4-12.8 12.8v230.4c0 6.4 6.4 12.8 12.8 12.8zm-192 0h22.4c6.4 0 12.8-6.4 12.8-12.8V140.8c0-6.4-6.4-12.8-12.8-12.8h-22.4c-6.4 0-12.8 6.4-12.8 12.8v198.4c0 6.4 6.4 12.8 12.8 12.8zm96 0h22.4c6.4 0 12.8-6.4 12.8-12.8V204.8c0-6.4-6.4-12.8-12.8-12.8h-22.4c-6.4 0-12.8 6.4-12.8 12.8v134.4c0 6.4 6.4 12.8 12.8 12.8zM496 400H48V80c0-8.84-7.16-16-16-16H16C7.16 64 0 71.16 0 80v336c0 17.67 14.33 32 32 32h464c8.84 0 16-7.16 16-16v-16c0-8.84-7.16-16-16-16zm-387.2-48h22.4c6.4 0 12.8-6.4 12.8-12.8v-70.4c0-6.4-6.4-12.8-12.8-12.8h-22.4c-6.4 0-12.8 6.4-12.8 12.8v70.4c0 6.4 6.4 12.8 12.8 12.8z\" class=\"\"><\/path><\/svg><\/i> <img loading=\"lazy\" decoding=\"async\" width=\"16\" height=\"16\" alt=\"Loading\" src=\"https:\/\/temucotelevision.cl\/web\/wp-content\/plugins\/page-views-count\/ajax-loader-2x.gif\" border=0 \/><\/p><div class=\"pvc_clear\"><\/div>\n<p><strong>Parlamentario agradeci\u00f3 que los Consejeros Regionales hayan dado el visto bueno al mensaje enviado por el intendente de La Araucan\u00eda, V\u00edctor Manoli.<\/strong><\/p>\n\n\n\n<p>El Consejo Regional de La Araucan\u00eda aprob\u00f3 destinar 5 mil 100 millones de pesos a los municipios, para hacer frente a la actual situaci\u00f3n que se vive en la regi\u00f3n a ra\u00edz de la pandemia por el Coronavirus.<\/p>\n\n\n\n<p>El mensaje enviado por el ejecutivo de La Araucan\u00eda, el intendente V\u00edctor Manoli, fue aprobado de manera urgente debido a la actual contingencia y permitir\u00e1 a cada comuna contar con 150 millones de pesos para realizar gastos en la adquisici\u00f3n de insumos y hacer frente a los inconvenientes que han surgido a ra\u00edz del Covid-19.<\/p>\n\n\n\n<p>El diputado de Renovaci\u00f3n Nacional por La Araucan\u00eda, Jorge Rathgeb, agradeci\u00f3 que se haya dado luz verde a estos montos, promovidos por el Gobierno del Presidente Sebasti\u00e1n Pi\u00f1era a trav\u00e9s del Gobierno Regional, ya que muchos municipios espec\u00edficamente de sectores apartados contar\u00e1n con recursos que servir\u00e1n para mitigar los efectos que est\u00e1 trayendo consigo esta pandemia.<\/p>\n\n\n\n<p>\u201cEsto dentro del actual panorama que estamos viviendo es una buena noticia, porque da la oportunidad de que los alcaldes y sus concejos municipales, en especial de comunas que tienen fondos m\u00e1s limitados que otras, puedan destinar dineros a insumos propios que est\u00e1 trayendo esta emergencia y as\u00ed no sacar de \u00edtems que ya se ten\u00edan presupuestados\u201d, puntualiz\u00f3 Rathgeb.<\/p>\n\n\n\n<p>En tanto la Consejera Regional por Malleco, Marita Guti\u00e9rrez, tambi\u00e9n destac\u00f3 lo que realizaron sus pares y que ser\u00e1 de gran ayuda para varias comunas de la provincia que ella representa.<\/p>\n\n\n\n<p>\u201cEl mensaje constaba con la inyecci\u00f3n de recursos desde el nivel central en donde se defini\u00f3 que 150 millones ser\u00e1n destinados a cada comuna para ser gastados en las \u00e1reas de salud, emergencia, emprendimiento y sanidad, eso significa montos frescos para cada municipio y prontamente ser\u00e1n traspasados finalizados los temas administrativos que esperamos se resuelvan prontamente, as\u00ed que son buenas noticias para la regi\u00f3n y en especial para Malleco\u201d, se\u00f1al\u00f3 Guti\u00e9rrez.<\/p>\n\n\n\n<p>En tanto el tambi\u00e9n Core, \u00cdtalo Castagnoli, valor\u00f3 lo realizado por el organismo y se\u00f1al\u00f3 que lo importante ahora es el autocuidado de la comunidad.<\/p>\n\n\n\n<p>\u201cA cada comuna se le asign\u00f3 la suma de 150 millones de pesos que ir\u00e1n en ayuda de la comunidad por todos los efectos que ha tra\u00eddo el Coronavirus y lo m\u00e1s importante es que por ti, por mi y por todos, nos quedemos en casa\u201d, agreg\u00f3 Castagnoli.<\/p>\n\n\n\n<p>El diputado Rathgeb tambi\u00e9n se sum\u00f3 al llamado realizado por las autoridades para que la comunidad se mantenga en sus hogares y as\u00ed no sigan avanzando las cifras regionales de personas con Covid-19, que lamentablemente la tienen en el segundo lugar a nivel nacional tras la Metropolitana.<\/p>\n","protected":false},"excerpt":{"rendered":"<div class=\"pvc_clear\"><\/div>\n<p id=\"pvc_stats_9370\" class=\"pvc_stats total_only  \" data-element-id=\"9370\" style=\"\"><i class=\"pvc-stats-icon large\" aria-hidden=\"true\"><svg aria-hidden=\"true\" focusable=\"false\" data-prefix=\"far\" data-icon=\"chart-bar\" role=\"img\" xmlns=\"http:\/\/www.w3.org\/2000\/svg\" viewBox=\"0 0 512 512\" class=\"svg-inline--fa fa-chart-bar fa-w-16 fa-2x\"><path fill=\"currentColor\" d=\"M396.8 352h22.4c6.4 0 12.8-6.4 12.8-12.8V108.8c0-6.4-6.4-12.8-12.8-12.8h-22.4c-6.4 0-12.8 6.4-12.8 12.8v230.4c0 6.4 6.4 12.8 12.8 12.8zm-192 0h22.4c6.4 0 12.8-6.4 12.8-12.8V140.8c0-6.4-6.4-12.8-12.8-12.8h-22.4c-6.4 0-12.8 6.4-12.8 12.8v198.4c0 6.4 6.4 12.8 12.8 12.8zm96 0h22.4c6.4 0 12.8-6.4 12.8-12.8V204.8c0-6.4-6.4-12.8-12.8-12.8h-22.4c-6.4 0-12.8 6.4-12.8 12.8v134.4c0 6.4 6.4 12.8 12.8 12.8zM496 400H48V80c0-8.84-7.16-16-16-16H16C7.16 64 0 71.16 0 80v336c0 17.67 14.33 32 32 32h464c8.84 0 16-7.16 16-16v-16c0-8.84-7.16-16-16-16zm-387.2-48h22.4c6.4 0 12.8-6.4 12.8-12.8v-70.4c0-6.4-6.4-12.8-12.8-12.8h-22.4c-6.4 0-12.8 6.4-12.8 12.8v70.4c0 6.4 6.4 12.8 12.8 12.8z\" class=\"\"><\/path><\/svg><\/i> <img loading=\"lazy\" decoding=\"async\" width=\"16\" height=\"16\" alt=\"Loading\" src=\"https:\/\/temucotelevision.cl\/web\/wp-content\/plugins\/page-views-count\/ajax-loader-2x.gif\" border=0 \/><\/p>\n<div class=\"pvc_clear\"><\/div>\n<p>Parlamentario agradeci\u00f3 que los Consejeros Regionales hayan dado el visto bueno al mensaje enviado por el intendente de La Araucan\u00eda,<\/p>\n","protected":false},"author":1,"featured_media":9059,"comment_status":"open","ping_status":"open","sticky":false,"template":"","format":"standard","meta":{"colormag_page_container_layout":"default_layout","colormag_page_sidebar_layout":"default_layout","footnotes":""},"categories":[84],"tags":[321,210],"class_list":["post-9370","post","type-post","status-publish","format-standard","has-post-thumbnail","hentry","category-politica","tag-emergencia","tag-recursos"],"a3_pvc":{"activated":true,"total_views":25,"today_views":0},"_links":{"self":[{"href":"https:\/\/temucotelevision.cl\/web\/wp-json\/wp\/v2\/posts\/9370","targetHints":{"allow":["GET"]}}],"collection":[{"href":"https:\/\/temucotelevision.cl\/web\/wp-json\/wp\/v2\/posts"}],"about":[{"href":"https:\/\/temucotelevision.cl\/web\/wp-json\/wp\/v2\/types\/post"}],"author":[{"embeddable":true,"href":"https:\/\/temucotelevision.cl\/web\/wp-json\/wp\/v2\/users\/1"}],"replies":[{"embeddable":true,"href":"https:\/\/temucotelevision.cl\/web\/wp-json\/wp\/v2\/comments?post=9370"}],"version-history":[{"count":1,"href":"https:\/\/temucotelevision.cl\/web\/wp-json\/wp\/v2\/posts\/9370\/revisions"}],"predecessor-version":[{"id":9371,"href":"https:\/\/temucotelevision.cl\/web\/wp-json\/wp\/v2\/posts\/9370\/revisions\/9371"}],"wp:featuredmedia":[{"embeddable":true,"href":"https:\/\/temucotelevision.cl\/web\/wp-json\/wp\/v2\/media\/9059"}],"wp:attachment":[{"href":"https:\/\/temucotelevision.cl\/web\/wp-json\/wp\/v2\/media?parent=9370"}],"wp:term":[{"taxonomy":"category","embeddable":true,"href":"https:\/\/temucotelevision.cl\/web\/wp-json\/wp\/v2\/categories?post=9370"},{"taxonomy":"post_tag","embeddable":true,"href":"https:\/\/temucotelevision.cl\/web\/wp-json\/wp\/v2\/tags?post=9370"}],"curies":[{"name":"wp","href":"https:\/\/api.w.org\/{rel}","templated":true}]}}