{"id":9365,"date":"2020-04-10T14:04:58","date_gmt":"2020-04-10T17:04:58","guid":{"rendered":"https:\/\/temucotelevision.cl\/web\/?p=9365"},"modified":"2020-04-10T14:04:59","modified_gmt":"2020-04-10T17:04:59","slug":"hospital-regional-de-temuco-refuerza-capacidad-tecnica-para-deteccion-de-covid-19%ef%bb%bf","status":"publish","type":"post","link":"https:\/\/temucotelevision.cl\/web\/2020\/04\/10\/hospital-regional-de-temuco-refuerza-capacidad-tecnica-para-deteccion-de-covid-19%ef%bb%bf\/","title":{"rendered":"Hospital Regional de Temuco refuerza capacidad t\u00e9cnica para detecci\u00f3n de COVID-19\ufeff"},"content":{"rendered":"<div class=\"pvc_clear\"><\/div><p id=\"pvc_stats_9365\" class=\"pvc_stats total_only  \" data-element-id=\"9365\" style=\"\"><i class=\"pvc-stats-icon large\" aria-hidden=\"true\"><svg aria-hidden=\"true\" focusable=\"false\" data-prefix=\"far\" data-icon=\"chart-bar\" role=\"img\" xmlns=\"http:\/\/www.w3.org\/2000\/svg\" viewBox=\"0 0 512 512\" class=\"svg-inline--fa fa-chart-bar fa-w-16 fa-2x\"><path fill=\"currentColor\" d=\"M396.8 352h22.4c6.4 0 12.8-6.4 12.8-12.8V108.8c0-6.4-6.4-12.8-12.8-12.8h-22.4c-6.4 0-12.8 6.4-12.8 12.8v230.4c0 6.4 6.4 12.8 12.8 12.8zm-192 0h22.4c6.4 0 12.8-6.4 12.8-12.8V140.8c0-6.4-6.4-12.8-12.8-12.8h-22.4c-6.4 0-12.8 6.4-12.8 12.8v198.4c0 6.4 6.4 12.8 12.8 12.8zm96 0h22.4c6.4 0 12.8-6.4 12.8-12.8V204.8c0-6.4-6.4-12.8-12.8-12.8h-22.4c-6.4 0-12.8 6.4-12.8 12.8v134.4c0 6.4 6.4 12.8 12.8 12.8zM496 400H48V80c0-8.84-7.16-16-16-16H16C7.16 64 0 71.16 0 80v336c0 17.67 14.33 32 32 32h464c8.84 0 16-7.16 16-16v-16c0-8.84-7.16-16-16-16zm-387.2-48h22.4c6.4 0 12.8-6.4 12.8-12.8v-70.4c0-6.4-6.4-12.8-12.8-12.8h-22.4c-6.4 0-12.8 6.4-12.8 12.8v70.4c0 6.4 6.4 12.8 12.8 12.8z\" class=\"\"><\/path><\/svg><\/i> <img loading=\"lazy\" decoding=\"async\" width=\"16\" height=\"16\" alt=\"Loading\" src=\"https:\/\/temucotelevision.cl\/web\/wp-content\/plugins\/page-views-count\/ajax-loader-2x.gif\" border=0 \/><\/p><div class=\"pvc_clear\"><\/div>\n<p><strong>Cerca de 3 mil ex\u00e1menes han sido procesados desde el inicio de la emergencia sanitaria a la fecha por el personal del Hospital Hern\u00e1n Henr\u00edquez Aravena, que recibe muestras provenientes de toda la regi\u00f3n, incluidas cl\u00ednicas privadas de Temuco y muestras de la regi\u00f3n de Los R\u00edos.<\/strong><\/p>\n\n\n\n<p>Junto con el reforzamiento del personal de laboratorio, se espera que durante los pr\u00f3ximos d\u00edas arribe al centro asistencial un nuevo equipamiento para dar mayor soporte y apoyo al trabajo que, hasta hoy, se est\u00e1 realizando sin contratiempo en el Hospital de Temuco Hern\u00e1n Henr\u00edquez Aravena, seg\u00fan explica la coordinadora del Laboratorio, \u00c1ngela Abello.&nbsp;<\/p>\n\n\n\n<p>\u201cNosotros estamos preparados, tenemos pronto a llegar un equipo de extracci\u00f3n automatizado que permite procesar mayor cantidad de muestras, as\u00ed que tenemos toda nuestra capacidad y el personal completo\u201d agreg\u00f3 la coordinadora.<\/p>\n\n\n\n<p>Y esto porque desde el inicio de la emergencia sanitaria por COVID-19 el personal de Laboratorio del principal referente de salud de la regi\u00f3n, de manera&nbsp;incesante&nbsp;ha trabajado en turnos completos para sacar adelante una de las grandes tareas que impone el procesamiento de muestras para determinar pacientes positivos con coronavirus.<\/p>\n\n\n\n<p>Son cerca de 200 ex\u00e1menes que se reciben a diario por los funcionarios que han hecho turnos rotativos durante las 24&nbsp; horas, los 7 d\u00edas de la semana, trabajando a plena capacidad; cifra que ha ido en incremento desde el inicio de la pandemia y que hoy da un total de 2.987 muestras procesadas en el laboratorio del Hospital Hern\u00e1n Henr\u00edquez Aravena, que entrega las n\u00f3minas de casos positivos y negativos diariamente al Ministerio de Salud para que este informe, a trav\u00e9s de la Seremi respectiva, el resultado al paciente testeado.<\/p>\n\n\n\n<p><strong>Personal capacitado<\/strong><\/p>\n\n\n\n<p>Las capacitaciones previas a la pandemia fueron intensivas, permitiendo tener un n\u00famero relevante de profesionales acreditados, que durante las primeras semanas debieron establecer metodolog\u00edas de trabajo para dar celeridad al procesamiento de las muestras, que tiene en la actualidad al equipo de t\u00e9cnicos y profesionales trabajando a toda capacidad y con dotaci\u00f3n completa para entregar, en un plazo no superior a 24 horas, los resultados de las muestras que se hacen llegar desde diversos puntos de la regi\u00f3n y la zona Sur del pa\u00eds.&nbsp;<\/p>\n\n\n\n<p>\u201cHoy en d\u00eda nuestra capacidad est\u00e1 completa, tenemos todos nuestros turnos trabajando y estamos procesando todo lo que est\u00e1 llegando. Todas las muestras que llegan de la Red est\u00e1n est\u00e1 saliendo en el tiempo que corresponde y tenemos todo nuestro equipo completo\u201d, explica&nbsp;Abello, quien adem\u00e1s se\u00f1ala que este laboratorio procesa las muestras provenientes la Red de Salud de Araucan\u00eda Sur, Araucan\u00eda Norte, Cl\u00ednica Alemana de Temuco, Hospital Cl\u00ednico de la Universidad Mayor de Temuco e incluso muestras llegadas de la ciudad de Valdivia.<\/p>\n\n\n\n<p>Si bien dentro del centro asistencial de la capital de La Araucan\u00eda se reconoce que ha habido bajas en el personal, afectado por el virus, el equipo ha sido reforzado para dar respuesta a la necesidad de la poblaci\u00f3n.<\/p>\n\n\n\n<p>\u201cA pesar de que hemos tenido bajas en el personal, hemos suplido esas bajas con m\u00e1s gente capacitada, as\u00ed que tenemos nuestros turnos completos y no hay ning\u00fan problema en el procesamiento de ex\u00e1menes\u201d destac\u00f3 \u00c1ngela Abello.<\/p>\n\n\n\n<p><strong>2 nuevos laboratorios para la regi\u00f3n<\/strong><\/p>\n\n\n\n<p>En plena coordinaci\u00f3n con el Hospital Hern\u00e1n Henr\u00edquez Aravena, la Universidad de la Frontera aportando al desaf\u00edo que significa contener una pandemia de las caracter\u00edsticas del Covid-19, ha puesto a disposici\u00f3n de la regi\u00f3n, sus laboratorios de Bioan\u00e1lisis y Diagn\u00f3stico Molecular y de Morfolog\u00eda Molecular y Cultivo Celular, para el procesamiento de ex\u00e1menes, lo que ya fue autorizado por el Ministerio de Salud con la finalidad de reducir la alta carga que ha estado sobrellevando el laboratorio del Hospital Regional de Temuco y otorgar opciones ante el posible aumento de ex\u00e1menes demandados por la ciudadan\u00eda.<\/p>\n\n\n\n<p><strong>Tomas de muestras<\/strong><\/p>\n\n\n\n<p>Dentro del proceso que implica testear a posibles personas contagiadas con el virus, s\u00f3lo en la provincia de Caut\u00edn son 83 establecimientos de la red, que tienen la capacidad de realizar el proceso de toma de examen, tanto de tracto respiratorio inferior realizado en pacientes hospitalizados, como muestras por Hisopado Nasofar\u00edngeo, examen que puede realizarse a domicilio, tras lo cual las muestras&nbsp; deben ser transportadas bajo un estricto protocolo de seguridad cumpliendo con todas las normas de bioseguridad para transporte de sustancias infecciosas y por personal capacitado para el cumplimiento de esta funci\u00f3n.<\/p>\n\n\n\n<p>Junto a lo anterior, la autoridad de salud es enf\u00e1tica en se\u00f1alar y solicitar a la poblaci\u00f3n que la mejor forma de combatir este virus es manteni\u00e9ndose en sus casas y respetando las indicaciones que se entregan de manera oficial.<\/p>\n","protected":false},"excerpt":{"rendered":"<div class=\"pvc_clear\"><\/div>\n<p id=\"pvc_stats_9365\" class=\"pvc_stats total_only  \" data-element-id=\"9365\" style=\"\"><i class=\"pvc-stats-icon large\" aria-hidden=\"true\"><svg aria-hidden=\"true\" focusable=\"false\" data-prefix=\"far\" data-icon=\"chart-bar\" role=\"img\" xmlns=\"http:\/\/www.w3.org\/2000\/svg\" viewBox=\"0 0 512 512\" class=\"svg-inline--fa fa-chart-bar fa-w-16 fa-2x\"><path fill=\"currentColor\" d=\"M396.8 352h22.4c6.4 0 12.8-6.4 12.8-12.8V108.8c0-6.4-6.4-12.8-12.8-12.8h-22.4c-6.4 0-12.8 6.4-12.8 12.8v230.4c0 6.4 6.4 12.8 12.8 12.8zm-192 0h22.4c6.4 0 12.8-6.4 12.8-12.8V140.8c0-6.4-6.4-12.8-12.8-12.8h-22.4c-6.4 0-12.8 6.4-12.8 12.8v198.4c0 6.4 6.4 12.8 12.8 12.8zm96 0h22.4c6.4 0 12.8-6.4 12.8-12.8V204.8c0-6.4-6.4-12.8-12.8-12.8h-22.4c-6.4 0-12.8 6.4-12.8 12.8v134.4c0 6.4 6.4 12.8 12.8 12.8zM496 400H48V80c0-8.84-7.16-16-16-16H16C7.16 64 0 71.16 0 80v336c0 17.67 14.33 32 32 32h464c8.84 0 16-7.16 16-16v-16c0-8.84-7.16-16-16-16zm-387.2-48h22.4c6.4 0 12.8-6.4 12.8-12.8v-70.4c0-6.4-6.4-12.8-12.8-12.8h-22.4c-6.4 0-12.8 6.4-12.8 12.8v70.4c0 6.4 6.4 12.8 12.8 12.8z\" class=\"\"><\/path><\/svg><\/i> <img loading=\"lazy\" decoding=\"async\" width=\"16\" height=\"16\" alt=\"Loading\" src=\"https:\/\/temucotelevision.cl\/web\/wp-content\/plugins\/page-views-count\/ajax-loader-2x.gif\" border=0 \/><\/p>\n<div class=\"pvc_clear\"><\/div>\n<p>Cerca de 3 mil ex\u00e1menes han sido procesados desde el inicio de la emergencia sanitaria a la fecha por el<\/p>\n","protected":false},"author":1,"featured_media":9366,"comment_status":"open","ping_status":"open","sticky":false,"template":"","format":"standard","meta":{"colormag_page_container_layout":"default_layout","colormag_page_sidebar_layout":"default_layout","footnotes":""},"categories":[14],"tags":[2304,128],"class_list":["post-9365","post","type-post","status-publish","format-standard","has-post-thumbnail","hentry","category-temuco","tag-covid-19","tag-hospital"],"a3_pvc":{"activated":true,"total_views":53,"today_views":0},"_links":{"self":[{"href":"https:\/\/temucotelevision.cl\/web\/wp-json\/wp\/v2\/posts\/9365","targetHints":{"allow":["GET"]}}],"collection":[{"href":"https:\/\/temucotelevision.cl\/web\/wp-json\/wp\/v2\/posts"}],"about":[{"href":"https:\/\/temucotelevision.cl\/web\/wp-json\/wp\/v2\/types\/post"}],"author":[{"embeddable":true,"href":"https:\/\/temucotelevision.cl\/web\/wp-json\/wp\/v2\/users\/1"}],"replies":[{"embeddable":true,"href":"https:\/\/temucotelevision.cl\/web\/wp-json\/wp\/v2\/comments?post=9365"}],"version-history":[{"count":1,"href":"https:\/\/temucotelevision.cl\/web\/wp-json\/wp\/v2\/posts\/9365\/revisions"}],"predecessor-version":[{"id":9367,"href":"https:\/\/temucotelevision.cl\/web\/wp-json\/wp\/v2\/posts\/9365\/revisions\/9367"}],"wp:featuredmedia":[{"embeddable":true,"href":"https:\/\/temucotelevision.cl\/web\/wp-json\/wp\/v2\/media\/9366"}],"wp:attachment":[{"href":"https:\/\/temucotelevision.cl\/web\/wp-json\/wp\/v2\/media?parent=9365"}],"wp:term":[{"taxonomy":"category","embeddable":true,"href":"https:\/\/temucotelevision.cl\/web\/wp-json\/wp\/v2\/categories?post=9365"},{"taxonomy":"post_tag","embeddable":true,"href":"https:\/\/temucotelevision.cl\/web\/wp-json\/wp\/v2\/tags?post=9365"}],"curies":[{"name":"wp","href":"https:\/\/api.w.org\/{rel}","templated":true}]}}