{"id":9362,"date":"2020-04-10T13:57:46","date_gmt":"2020-04-10T16:57:46","guid":{"rendered":"https:\/\/temucotelevision.cl\/web\/?p=9362"},"modified":"2020-04-10T13:57:48","modified_gmt":"2020-04-10T16:57:48","slug":"carabineros-detiene-por-segunda-vez-en-3-dias-a-joven-por-infringir-la-cuarentena-total-en-temuco%ef%bb%bf","status":"publish","type":"post","link":"https:\/\/temucotelevision.cl\/web\/2020\/04\/10\/carabineros-detiene-por-segunda-vez-en-3-dias-a-joven-por-infringir-la-cuarentena-total-en-temuco%ef%bb%bf\/","title":{"rendered":"Carabineros detiene por segunda vez en 3 d\u00edas a joven por infringir la cuarentena total en Temuco\ufeff"},"content":{"rendered":"<div class=\"pvc_clear\"><\/div><p id=\"pvc_stats_9362\" class=\"pvc_stats total_only  \" data-element-id=\"9362\" style=\"\"><i class=\"pvc-stats-icon large\" aria-hidden=\"true\"><svg aria-hidden=\"true\" focusable=\"false\" data-prefix=\"far\" data-icon=\"chart-bar\" role=\"img\" xmlns=\"http:\/\/www.w3.org\/2000\/svg\" viewBox=\"0 0 512 512\" class=\"svg-inline--fa fa-chart-bar fa-w-16 fa-2x\"><path fill=\"currentColor\" d=\"M396.8 352h22.4c6.4 0 12.8-6.4 12.8-12.8V108.8c0-6.4-6.4-12.8-12.8-12.8h-22.4c-6.4 0-12.8 6.4-12.8 12.8v230.4c0 6.4 6.4 12.8 12.8 12.8zm-192 0h22.4c6.4 0 12.8-6.4 12.8-12.8V140.8c0-6.4-6.4-12.8-12.8-12.8h-22.4c-6.4 0-12.8 6.4-12.8 12.8v198.4c0 6.4 6.4 12.8 12.8 12.8zm96 0h22.4c6.4 0 12.8-6.4 12.8-12.8V204.8c0-6.4-6.4-12.8-12.8-12.8h-22.4c-6.4 0-12.8 6.4-12.8 12.8v134.4c0 6.4 6.4 12.8 12.8 12.8zM496 400H48V80c0-8.84-7.16-16-16-16H16C7.16 64 0 71.16 0 80v336c0 17.67 14.33 32 32 32h464c8.84 0 16-7.16 16-16v-16c0-8.84-7.16-16-16-16zm-387.2-48h22.4c6.4 0 12.8-6.4 12.8-12.8v-70.4c0-6.4-6.4-12.8-12.8-12.8h-22.4c-6.4 0-12.8 6.4-12.8 12.8v70.4c0 6.4 6.4 12.8 12.8 12.8z\" class=\"\"><\/path><\/svg><\/i> <img loading=\"lazy\" decoding=\"async\" width=\"16\" height=\"16\" alt=\"Loading\" src=\"https:\/\/temucotelevision.cl\/web\/wp-content\/plugins\/page-views-count\/ajax-loader-2x.gif\" border=0 \/><\/p><div class=\"pvc_clear\"><\/div>\n<p><em>En las \u00faltimas 24 horas, Carabineros en Temuco, Padre Las Casas y Nueva Imperial realiz\u00f3 10.519 controles entre vehiculares y de identidad, deteniendo a 114 personas por infringir la cuarentena total.<\/em><\/p>\n\n\n\n<p>Carabineros del OS-7 Araucan\u00eda detuvo por segunda vez en menos de una semana a un joven de 24 a\u00f1os de edad por infringir la cuarentena total decretada en Temuco para evitar la propagaci\u00f3n del Coronavirus Covid-19.&nbsp;<\/p>\n\n\n\n<p>El sujeto, fue sorprendido junto a una mujer de 20 a\u00f1os sin salvoconducto en medio de controles preventivos de una patrulla del OS-7 motivo por el cual y por disposici\u00f3n del fiscal de turno pasar\u00e1 este viernes a control de la detenci\u00f3n.<\/p>\n\n\n\n<p>De hecho, el imputado ya hab\u00eda sido detenido el d\u00eda martes por Carabineros de la 8a. Comisar\u00eda y la noche de este jueves, nuevamente infringi\u00f3 la restricci\u00f3n impuesta por la autoridad sanitaria para frenar el brote de Coronavirus Covid-19 en Temuco, Padre Las Casas y Nueva Imperial.<\/p>\n\n\n\n<p>El Capit\u00e1n Rodolfo Moller, Jefe del OS-7 en La Araucan\u00eda, llam\u00f3 a la comunidad a respetar la cuarentena total y extremar las medidas de prevenci\u00f3n.&nbsp;<\/p>\n\n\n\n<p>\u201cCarabineros del OS-7 Araucan\u00eda en medio de los despliegues operativos para controlar el desplazamiento de personas durante el periodo de cuarentena total, detuvo en calle Cornelio Saavedra en la ciudad de Temuco a estos dos adultos por no portar sus respectivos salvoconductos, uno de ellos por segunda vez en menos de una semana por lo que pasar\u00e1 este viernes a control de la detenci\u00f3n. Hacemos un llamado a la conciencia, esta enfermedad es mortal y la \u00fanica forma de evitarla es respetando las disposiciones de la autoridad sanitaria. El autocuidado es fundamental y Carabineros de Chile est\u00e1 realizando un gran esfuerzo para evitar la propagaci\u00f3n del virus pero eso se debe ver complementado con una conducta responsable de la ciudadan\u00eda y eso es lo que esperamos\u201d, se\u00f1al\u00f3 el Capit\u00e1n Moller.<\/p>\n\n\n\n<p>En las \u00faltimas 24 horas, Carabineros en Temuco, Padre Las Casas y Nueva Imperial realiz\u00f3 10.519 controles entre vehiculares y de identidad, deteniendo a 114 personas por infringir la cuarentena total.<\/p>\n\n\n\n<p>Cabe precisar que desde las 22 horas de este jueves, Nueva Imperial se sum\u00f3&nbsp; a las comunas de La Araucan\u00eda bajo la restricci\u00f3n de cuarentena total para contener el coronavirus.&nbsp;<\/p>\n","protected":false},"excerpt":{"rendered":"<div class=\"pvc_clear\"><\/div>\n<p id=\"pvc_stats_9362\" class=\"pvc_stats total_only  \" data-element-id=\"9362\" style=\"\"><i class=\"pvc-stats-icon large\" aria-hidden=\"true\"><svg aria-hidden=\"true\" focusable=\"false\" data-prefix=\"far\" data-icon=\"chart-bar\" role=\"img\" xmlns=\"http:\/\/www.w3.org\/2000\/svg\" viewBox=\"0 0 512 512\" class=\"svg-inline--fa fa-chart-bar fa-w-16 fa-2x\"><path fill=\"currentColor\" d=\"M396.8 352h22.4c6.4 0 12.8-6.4 12.8-12.8V108.8c0-6.4-6.4-12.8-12.8-12.8h-22.4c-6.4 0-12.8 6.4-12.8 12.8v230.4c0 6.4 6.4 12.8 12.8 12.8zm-192 0h22.4c6.4 0 12.8-6.4 12.8-12.8V140.8c0-6.4-6.4-12.8-12.8-12.8h-22.4c-6.4 0-12.8 6.4-12.8 12.8v198.4c0 6.4 6.4 12.8 12.8 12.8zm96 0h22.4c6.4 0 12.8-6.4 12.8-12.8V204.8c0-6.4-6.4-12.8-12.8-12.8h-22.4c-6.4 0-12.8 6.4-12.8 12.8v134.4c0 6.4 6.4 12.8 12.8 12.8zM496 400H48V80c0-8.84-7.16-16-16-16H16C7.16 64 0 71.16 0 80v336c0 17.67 14.33 32 32 32h464c8.84 0 16-7.16 16-16v-16c0-8.84-7.16-16-16-16zm-387.2-48h22.4c6.4 0 12.8-6.4 12.8-12.8v-70.4c0-6.4-6.4-12.8-12.8-12.8h-22.4c-6.4 0-12.8 6.4-12.8 12.8v70.4c0 6.4 6.4 12.8 12.8 12.8z\" class=\"\"><\/path><\/svg><\/i> <img loading=\"lazy\" decoding=\"async\" width=\"16\" height=\"16\" alt=\"Loading\" src=\"https:\/\/temucotelevision.cl\/web\/wp-content\/plugins\/page-views-count\/ajax-loader-2x.gif\" border=0 \/><\/p>\n<div class=\"pvc_clear\"><\/div>\n<p>En las \u00faltimas 24 horas, Carabineros en Temuco, Padre Las Casas y Nueva Imperial realiz\u00f3 10.519 controles entre vehiculares y<\/p>\n","protected":false},"author":1,"featured_media":9363,"comment_status":"open","ping_status":"open","sticky":false,"template":"","format":"standard","meta":{"colormag_page_container_layout":"default_layout","colormag_page_sidebar_layout":"default_layout","footnotes":""},"categories":[16],"tags":[79],"class_list":["post-9362","post","type-post","status-publish","format-standard","has-post-thumbnail","hentry","category-policial","tag-detenido"],"a3_pvc":{"activated":true,"total_views":23,"today_views":0},"_links":{"self":[{"href":"https:\/\/temucotelevision.cl\/web\/wp-json\/wp\/v2\/posts\/9362","targetHints":{"allow":["GET"]}}],"collection":[{"href":"https:\/\/temucotelevision.cl\/web\/wp-json\/wp\/v2\/posts"}],"about":[{"href":"https:\/\/temucotelevision.cl\/web\/wp-json\/wp\/v2\/types\/post"}],"author":[{"embeddable":true,"href":"https:\/\/temucotelevision.cl\/web\/wp-json\/wp\/v2\/users\/1"}],"replies":[{"embeddable":true,"href":"https:\/\/temucotelevision.cl\/web\/wp-json\/wp\/v2\/comments?post=9362"}],"version-history":[{"count":1,"href":"https:\/\/temucotelevision.cl\/web\/wp-json\/wp\/v2\/posts\/9362\/revisions"}],"predecessor-version":[{"id":9364,"href":"https:\/\/temucotelevision.cl\/web\/wp-json\/wp\/v2\/posts\/9362\/revisions\/9364"}],"wp:featuredmedia":[{"embeddable":true,"href":"https:\/\/temucotelevision.cl\/web\/wp-json\/wp\/v2\/media\/9363"}],"wp:attachment":[{"href":"https:\/\/temucotelevision.cl\/web\/wp-json\/wp\/v2\/media?parent=9362"}],"wp:term":[{"taxonomy":"category","embeddable":true,"href":"https:\/\/temucotelevision.cl\/web\/wp-json\/wp\/v2\/categories?post=9362"},{"taxonomy":"post_tag","embeddable":true,"href":"https:\/\/temucotelevision.cl\/web\/wp-json\/wp\/v2\/tags?post=9362"}],"curies":[{"name":"wp","href":"https:\/\/api.w.org\/{rel}","templated":true}]}}