{"id":9359,"date":"2020-04-10T13:52:36","date_gmt":"2020-04-10T16:52:36","guid":{"rendered":"https:\/\/temucotelevision.cl\/web\/?p=9359"},"modified":"2020-04-10T13:52:38","modified_gmt":"2020-04-10T16:52:38","slug":"general-gonzalez-y-fin-de-semana-largo-en-la-araucania-no-dejaremos-ingresar-a-personas-a-segundos-domicilios%ef%bb%bf","status":"publish","type":"post","link":"https:\/\/temucotelevision.cl\/web\/2020\/04\/10\/general-gonzalez-y-fin-de-semana-largo-en-la-araucania-no-dejaremos-ingresar-a-personas-a-segundos-domicilios%ef%bb%bf\/","title":{"rendered":"General Gonz\u00e1lez y fin de semana largo en La Araucan\u00eda: \u201cNo dejaremos ingresar a personas a segundos domicilios\u201d\ufeff"},"content":{"rendered":"<div class=\"pvc_clear\"><\/div><p id=\"pvc_stats_9359\" class=\"pvc_stats total_only  \" data-element-id=\"9359\" style=\"\"><i class=\"pvc-stats-icon large\" aria-hidden=\"true\"><svg aria-hidden=\"true\" focusable=\"false\" data-prefix=\"far\" data-icon=\"chart-bar\" role=\"img\" xmlns=\"http:\/\/www.w3.org\/2000\/svg\" viewBox=\"0 0 512 512\" class=\"svg-inline--fa fa-chart-bar fa-w-16 fa-2x\"><path fill=\"currentColor\" d=\"M396.8 352h22.4c6.4 0 12.8-6.4 12.8-12.8V108.8c0-6.4-6.4-12.8-12.8-12.8h-22.4c-6.4 0-12.8 6.4-12.8 12.8v230.4c0 6.4 6.4 12.8 12.8 12.8zm-192 0h22.4c6.4 0 12.8-6.4 12.8-12.8V140.8c0-6.4-6.4-12.8-12.8-12.8h-22.4c-6.4 0-12.8 6.4-12.8 12.8v198.4c0 6.4 6.4 12.8 12.8 12.8zm96 0h22.4c6.4 0 12.8-6.4 12.8-12.8V204.8c0-6.4-6.4-12.8-12.8-12.8h-22.4c-6.4 0-12.8 6.4-12.8 12.8v134.4c0 6.4 6.4 12.8 12.8 12.8zM496 400H48V80c0-8.84-7.16-16-16-16H16C7.16 64 0 71.16 0 80v336c0 17.67 14.33 32 32 32h464c8.84 0 16-7.16 16-16v-16c0-8.84-7.16-16-16-16zm-387.2-48h22.4c6.4 0 12.8-6.4 12.8-12.8v-70.4c0-6.4-6.4-12.8-12.8-12.8h-22.4c-6.4 0-12.8 6.4-12.8 12.8v70.4c0 6.4 6.4 12.8 12.8 12.8z\" class=\"\"><\/path><\/svg><\/i> <img loading=\"lazy\" decoding=\"async\" width=\"16\" height=\"16\" alt=\"Loading\" src=\"https:\/\/temucotelevision.cl\/web\/wp-content\/plugins\/page-views-count\/ajax-loader-2x.gif\" border=0 \/><\/p><div class=\"pvc_clear\"><\/div>\n<p>Con motivo del fin de semana largo por Semana Santa y en cumplimiento a las disposiciones de la autoridad sanitaria para prevenir la propagaci\u00f3n del Coronavirus Covid-19, el Jefe de la IX Zona de Carabineros #Araucan\u00eda, General Carlos Gonz\u00e1lez, verific\u00f3 en la zona lacustre el despliegue operativo de Carabineros en los distintos puntos de control sanitario y las fiscalizaciones de documentaci\u00f3n, residencia y salvoconductos, para evitar que personas acudan a segundas viviendas.<\/p>\n\n\n\n<p>Carabineros, en conjunto con personal de salud de los municipios locales y la Armada, han establecido puntos de control en los ingresos a las comunas de Villarrica, Puc\u00f3n, y localidades como Lic\u00e1n-Ray, entre otras, con la finalidad de evitar el turismo y proteger a la poblaci\u00f3n residente.<br>\u201cEstamos controlando el ingreso de personas que vienen por razones labores, que vienen a su domicilio \u00fanico y no dejar ingresar a personas que tengan un segundo domicilio con la finalidad de contener esta pandemia mundial que estamos viviendo\u201d, enfatiz\u00f3 el General Gonz\u00e1lez.<\/p>\n\n\n\n<p>Los rigurosos controles de Carabineros en la zona lacustre se realizar\u00e1n las 24 horas del d\u00eda, hasta el pr\u00f3ximo domingo.\u00a0<\/p>\n\n\n\n<p>\u201cTal como lo ha se\u00f1alado la autoridad, el llamado es que se queden en sus casas. No es posible que para quedarme en mi casa tenga que haber una resoluci\u00f3n sanitaria, un control militar, un control policial para finalmente tener la capacidad de autocuidado. Hoy la gente no est\u00e1 entendiendo lo que est\u00e1 pasando, se deben quedar en sus casas y no ir a segundos domicilios\u201d.<\/p>\n\n\n\n<p>Otra medida preventiva bajo el control de Carabineros en conjunto a las fuerzas armadas, es la cuarentena total decretada para el sector urbano de la comuna de Nueva Imperial, la que rige desde las 22 horas de este jueves, evitando as\u00ed que turistas visiten la zona costera cuyo destino principal en Semana Santa es el balneario de Puerto Saavedra.<\/p>\n","protected":false},"excerpt":{"rendered":"<div class=\"pvc_clear\"><\/div>\n<p id=\"pvc_stats_9359\" class=\"pvc_stats total_only  \" data-element-id=\"9359\" style=\"\"><i class=\"pvc-stats-icon large\" aria-hidden=\"true\"><svg aria-hidden=\"true\" focusable=\"false\" data-prefix=\"far\" data-icon=\"chart-bar\" role=\"img\" xmlns=\"http:\/\/www.w3.org\/2000\/svg\" viewBox=\"0 0 512 512\" class=\"svg-inline--fa fa-chart-bar fa-w-16 fa-2x\"><path fill=\"currentColor\" d=\"M396.8 352h22.4c6.4 0 12.8-6.4 12.8-12.8V108.8c0-6.4-6.4-12.8-12.8-12.8h-22.4c-6.4 0-12.8 6.4-12.8 12.8v230.4c0 6.4 6.4 12.8 12.8 12.8zm-192 0h22.4c6.4 0 12.8-6.4 12.8-12.8V140.8c0-6.4-6.4-12.8-12.8-12.8h-22.4c-6.4 0-12.8 6.4-12.8 12.8v198.4c0 6.4 6.4 12.8 12.8 12.8zm96 0h22.4c6.4 0 12.8-6.4 12.8-12.8V204.8c0-6.4-6.4-12.8-12.8-12.8h-22.4c-6.4 0-12.8 6.4-12.8 12.8v134.4c0 6.4 6.4 12.8 12.8 12.8zM496 400H48V80c0-8.84-7.16-16-16-16H16C7.16 64 0 71.16 0 80v336c0 17.67 14.33 32 32 32h464c8.84 0 16-7.16 16-16v-16c0-8.84-7.16-16-16-16zm-387.2-48h22.4c6.4 0 12.8-6.4 12.8-12.8v-70.4c0-6.4-6.4-12.8-12.8-12.8h-22.4c-6.4 0-12.8 6.4-12.8 12.8v70.4c0 6.4 6.4 12.8 12.8 12.8z\" class=\"\"><\/path><\/svg><\/i> <img loading=\"lazy\" decoding=\"async\" width=\"16\" height=\"16\" alt=\"Loading\" src=\"https:\/\/temucotelevision.cl\/web\/wp-content\/plugins\/page-views-count\/ajax-loader-2x.gif\" border=0 \/><\/p>\n<div class=\"pvc_clear\"><\/div>\n<p>Con motivo del fin de semana largo por Semana Santa y en cumplimiento a las disposiciones de la autoridad sanitaria<\/p>\n","protected":false},"author":1,"featured_media":9360,"comment_status":"open","ping_status":"open","sticky":false,"template":"","format":"standard","meta":{"colormag_page_container_layout":"default_layout","colormag_page_sidebar_layout":"default_layout","footnotes":""},"categories":[15],"tags":[125],"class_list":["post-9359","post","type-post","status-publish","format-standard","has-post-thumbnail","hentry","category-la-araucania","tag-carabineros"],"a3_pvc":{"activated":true,"total_views":28,"today_views":0},"_links":{"self":[{"href":"https:\/\/temucotelevision.cl\/web\/wp-json\/wp\/v2\/posts\/9359","targetHints":{"allow":["GET"]}}],"collection":[{"href":"https:\/\/temucotelevision.cl\/web\/wp-json\/wp\/v2\/posts"}],"about":[{"href":"https:\/\/temucotelevision.cl\/web\/wp-json\/wp\/v2\/types\/post"}],"author":[{"embeddable":true,"href":"https:\/\/temucotelevision.cl\/web\/wp-json\/wp\/v2\/users\/1"}],"replies":[{"embeddable":true,"href":"https:\/\/temucotelevision.cl\/web\/wp-json\/wp\/v2\/comments?post=9359"}],"version-history":[{"count":1,"href":"https:\/\/temucotelevision.cl\/web\/wp-json\/wp\/v2\/posts\/9359\/revisions"}],"predecessor-version":[{"id":9361,"href":"https:\/\/temucotelevision.cl\/web\/wp-json\/wp\/v2\/posts\/9359\/revisions\/9361"}],"wp:featuredmedia":[{"embeddable":true,"href":"https:\/\/temucotelevision.cl\/web\/wp-json\/wp\/v2\/media\/9360"}],"wp:attachment":[{"href":"https:\/\/temucotelevision.cl\/web\/wp-json\/wp\/v2\/media?parent=9359"}],"wp:term":[{"taxonomy":"category","embeddable":true,"href":"https:\/\/temucotelevision.cl\/web\/wp-json\/wp\/v2\/categories?post=9359"},{"taxonomy":"post_tag","embeddable":true,"href":"https:\/\/temucotelevision.cl\/web\/wp-json\/wp\/v2\/tags?post=9359"}],"curies":[{"name":"wp","href":"https:\/\/api.w.org\/{rel}","templated":true}]}}