{"id":821,"date":"2019-01-24T13:57:25","date_gmt":"2019-01-24T16:57:25","guid":{"rendered":"https:\/\/temucotelevision.cl\/web\/?p=821"},"modified":"2019-01-24T13:57:25","modified_gmt":"2019-01-24T16:57:25","slug":"carabinero-acusado-de-asesinar-a-catrillanca-cambiara-de-abogado-por-cuarta-vez","status":"publish","type":"post","link":"https:\/\/temucotelevision.cl\/web\/2019\/01\/24\/carabinero-acusado-de-asesinar-a-catrillanca-cambiara-de-abogado-por-cuarta-vez\/","title":{"rendered":"Carabinero acusado de asesinar a Catrillanca cambiar\u00e1 de abogado por cuarta vez"},"content":{"rendered":"<div class=\"pvc_clear\"><\/div>\n<p id=\"pvc_stats_821\" class=\"pvc_stats total_only  \" data-element-id=\"821\" style=\"\"><i class=\"pvc-stats-icon large\" aria-hidden=\"true\"><svg aria-hidden=\"true\" focusable=\"false\" data-prefix=\"far\" data-icon=\"chart-bar\" role=\"img\" xmlns=\"http:\/\/www.w3.org\/2000\/svg\" viewBox=\"0 0 512 512\" class=\"svg-inline--fa fa-chart-bar fa-w-16 fa-2x\"><path fill=\"currentColor\" d=\"M396.8 352h22.4c6.4 0 12.8-6.4 12.8-12.8V108.8c0-6.4-6.4-12.8-12.8-12.8h-22.4c-6.4 0-12.8 6.4-12.8 12.8v230.4c0 6.4 6.4 12.8 12.8 12.8zm-192 0h22.4c6.4 0 12.8-6.4 12.8-12.8V140.8c0-6.4-6.4-12.8-12.8-12.8h-22.4c-6.4 0-12.8 6.4-12.8 12.8v198.4c0 6.4 6.4 12.8 12.8 12.8zm96 0h22.4c6.4 0 12.8-6.4 12.8-12.8V204.8c0-6.4-6.4-12.8-12.8-12.8h-22.4c-6.4 0-12.8 6.4-12.8 12.8v134.4c0 6.4 6.4 12.8 12.8 12.8zM496 400H48V80c0-8.84-7.16-16-16-16H16C7.16 64 0 71.16 0 80v336c0 17.67 14.33 32 32 32h464c8.84 0 16-7.16 16-16v-16c0-8.84-7.16-16-16-16zm-387.2-48h22.4c6.4 0 12.8-6.4 12.8-12.8v-70.4c0-6.4-6.4-12.8-12.8-12.8h-22.4c-6.4 0-12.8 6.4-12.8 12.8v70.4c0 6.4 6.4 12.8 12.8 12.8z\" class=\"\"><\/path><\/svg><\/i> <img loading=\"lazy\" decoding=\"async\" width=\"16\" height=\"16\" alt=\"Loading\" src=\"https:\/\/temucotelevision.cl\/web\/wp-content\/plugins\/page-views-count\/ajax-loader-2x.gif\" border=0 \/><\/p>\n<div class=\"pvc_clear\"><\/div>\n<p style=\"text-align: justify;\">Carlos Alarc\u00f3n, ex miembro del GOPE de Carabineros imputado por el homicidio de Camilo Catrillanca, deber\u00e1 cambiar de abogad por cuarta vez desde el controvertido operativo en Ercilla del pasado 14 de noviembre, debido a la renuncia presentada por Cecilia Orlandini.<\/p>\n<p style=\"text-align: justify;\">El uniformado dado de baja ya hab\u00eda sido representado anteriormente por Alexander Schneider y\u00a0Cristi\u00e1n Inostroza, siendo este \u00faltimo uno de los que ser\u00e1 formalizado este viernes en el Juzgado de Garant\u00eda de Collipulli, audiencia a la que se espera acuda Alarc\u00f3n.<\/p>\n<p style=\"text-align: justify;\">Seg\u00fan public\u00f3\u00a0<a href=\"https:\/\/www.latercera.com\/nacional\/noticia\/renuncia-defensa-imputado-disparo-catrillanca\/498758\/\">La Tercera<\/a>, Inostroza ser\u00e1 formalizado por perjudicar a sus clientes, adem\u00e1s del delito de prevaricaci\u00f3n.<\/p>\n<p style=\"text-align: justify;\">Durante la jornada del viernes tambi\u00e9n ser\u00e1 formalizados el coronel (r)\u00a0Jorge Contreras, exjefe del GOPE de La Araucan\u00eda (falsificaci\u00f3n de instrumento p\u00fablico y posible obstrucci\u00f3n a la investigaci\u00f3n), el mayor (R)\u00a0Manuel Valdivieso\u00a0(obstrucci\u00f3n a la investigaci\u00f3n) y el excabo segundo\u00a0Gonzalo P\u00e9rez, quien conduc\u00eda la tanqueta a cargo del operativo realizado en la comunidad de Temucuicui (obstrucci\u00f3n a la investigaci\u00f3n).<\/p>\n","protected":false},"excerpt":{"rendered":"<div class=\"pvc_clear\"><\/div>\n<p id=\"pvc_stats_821\" class=\"pvc_stats total_only  \" data-element-id=\"821\" style=\"\"><i class=\"pvc-stats-icon large\" aria-hidden=\"true\"><svg aria-hidden=\"true\" focusable=\"false\" data-prefix=\"far\" data-icon=\"chart-bar\" role=\"img\" xmlns=\"http:\/\/www.w3.org\/2000\/svg\" viewBox=\"0 0 512 512\" class=\"svg-inline--fa fa-chart-bar fa-w-16 fa-2x\"><path fill=\"currentColor\" d=\"M396.8 352h22.4c6.4 0 12.8-6.4 12.8-12.8V108.8c0-6.4-6.4-12.8-12.8-12.8h-22.4c-6.4 0-12.8 6.4-12.8 12.8v230.4c0 6.4 6.4 12.8 12.8 12.8zm-192 0h22.4c6.4 0 12.8-6.4 12.8-12.8V140.8c0-6.4-6.4-12.8-12.8-12.8h-22.4c-6.4 0-12.8 6.4-12.8 12.8v198.4c0 6.4 6.4 12.8 12.8 12.8zm96 0h22.4c6.4 0 12.8-6.4 12.8-12.8V204.8c0-6.4-6.4-12.8-12.8-12.8h-22.4c-6.4 0-12.8 6.4-12.8 12.8v134.4c0 6.4 6.4 12.8 12.8 12.8zM496 400H48V80c0-8.84-7.16-16-16-16H16C7.16 64 0 71.16 0 80v336c0 17.67 14.33 32 32 32h464c8.84 0 16-7.16 16-16v-16c0-8.84-7.16-16-16-16zm-387.2-48h22.4c6.4 0 12.8-6.4 12.8-12.8v-70.4c0-6.4-6.4-12.8-12.8-12.8h-22.4c-6.4 0-12.8 6.4-12.8 12.8v70.4c0 6.4 6.4 12.8 12.8 12.8z\" class=\"\"><\/path><\/svg><\/i> <img loading=\"lazy\" decoding=\"async\" width=\"16\" height=\"16\" alt=\"Loading\" src=\"https:\/\/temucotelevision.cl\/web\/wp-content\/plugins\/page-views-count\/ajax-loader-2x.gif\" border=0 \/><\/p>\n<div class=\"pvc_clear\"><\/div>\n<p>Carlos Alarc\u00f3n, ex miembro del GOPE de Carabineros imputado por el homicidio de Camilo Catrillanca, deber\u00e1 cambiar de abogad por<\/p>\n","protected":false},"author":1,"featured_media":822,"comment_status":"open","ping_status":"open","sticky":false,"template":"","format":"standard","meta":{"colormag_page_container_layout":"default_layout","colormag_page_sidebar_layout":"default_layout","footnotes":""},"categories":[15],"tags":[186],"class_list":["post-821","post","type-post","status-publish","format-standard","has-post-thumbnail","hentry","category-la-araucania","tag-araucania"],"a3_pvc":{"activated":true,"total_views":35,"today_views":0},"_links":{"self":[{"href":"https:\/\/temucotelevision.cl\/web\/wp-json\/wp\/v2\/posts\/821","targetHints":{"allow":["GET"]}}],"collection":[{"href":"https:\/\/temucotelevision.cl\/web\/wp-json\/wp\/v2\/posts"}],"about":[{"href":"https:\/\/temucotelevision.cl\/web\/wp-json\/wp\/v2\/types\/post"}],"author":[{"embeddable":true,"href":"https:\/\/temucotelevision.cl\/web\/wp-json\/wp\/v2\/users\/1"}],"replies":[{"embeddable":true,"href":"https:\/\/temucotelevision.cl\/web\/wp-json\/wp\/v2\/comments?post=821"}],"version-history":[{"count":1,"href":"https:\/\/temucotelevision.cl\/web\/wp-json\/wp\/v2\/posts\/821\/revisions"}],"predecessor-version":[{"id":823,"href":"https:\/\/temucotelevision.cl\/web\/wp-json\/wp\/v2\/posts\/821\/revisions\/823"}],"wp:featuredmedia":[{"embeddable":true,"href":"https:\/\/temucotelevision.cl\/web\/wp-json\/wp\/v2\/media\/822"}],"wp:attachment":[{"href":"https:\/\/temucotelevision.cl\/web\/wp-json\/wp\/v2\/media?parent=821"}],"wp:term":[{"taxonomy":"category","embeddable":true,"href":"https:\/\/temucotelevision.cl\/web\/wp-json\/wp\/v2\/categories?post=821"},{"taxonomy":"post_tag","embeddable":true,"href":"https:\/\/temucotelevision.cl\/web\/wp-json\/wp\/v2\/tags?post=821"}],"curies":[{"name":"wp","href":"https:\/\/api.w.org\/{rel}","templated":true}]}}