{"id":8167,"date":"2020-01-30T12:55:56","date_gmt":"2020-01-30T15:55:56","guid":{"rendered":"https:\/\/temucotelevision.cl\/web\/?p=8167"},"modified":"2020-01-30T12:55:59","modified_gmt":"2020-01-30T15:55:59","slug":"vida-de-javiera-carrera-llega-a-las-tablas-del-centro-cultural-galo-sepulveda-con-la-obra-la-patriota","status":"publish","type":"post","link":"https:\/\/temucotelevision.cl\/web\/2020\/01\/30\/vida-de-javiera-carrera-llega-a-las-tablas-del-centro-cultural-galo-sepulveda-con-la-obra-la-patriota\/","title":{"rendered":"Vida de Javiera Carrera llega a las tablas del Centro Cultural Galo Sep\u00falveda con la obra &#8220;La Patriota&#8221;"},"content":{"rendered":"<div class=\"pvc_clear\"><\/div><p id=\"pvc_stats_8167\" class=\"pvc_stats total_only  \" data-element-id=\"8167\" style=\"\"><i class=\"pvc-stats-icon large\" aria-hidden=\"true\"><svg aria-hidden=\"true\" focusable=\"false\" data-prefix=\"far\" data-icon=\"chart-bar\" role=\"img\" xmlns=\"http:\/\/www.w3.org\/2000\/svg\" viewBox=\"0 0 512 512\" class=\"svg-inline--fa fa-chart-bar fa-w-16 fa-2x\"><path fill=\"currentColor\" d=\"M396.8 352h22.4c6.4 0 12.8-6.4 12.8-12.8V108.8c0-6.4-6.4-12.8-12.8-12.8h-22.4c-6.4 0-12.8 6.4-12.8 12.8v230.4c0 6.4 6.4 12.8 12.8 12.8zm-192 0h22.4c6.4 0 12.8-6.4 12.8-12.8V140.8c0-6.4-6.4-12.8-12.8-12.8h-22.4c-6.4 0-12.8 6.4-12.8 12.8v198.4c0 6.4 6.4 12.8 12.8 12.8zm96 0h22.4c6.4 0 12.8-6.4 12.8-12.8V204.8c0-6.4-6.4-12.8-12.8-12.8h-22.4c-6.4 0-12.8 6.4-12.8 12.8v134.4c0 6.4 6.4 12.8 12.8 12.8zM496 400H48V80c0-8.84-7.16-16-16-16H16C7.16 64 0 71.16 0 80v336c0 17.67 14.33 32 32 32h464c8.84 0 16-7.16 16-16v-16c0-8.84-7.16-16-16-16zm-387.2-48h22.4c6.4 0 12.8-6.4 12.8-12.8v-70.4c0-6.4-6.4-12.8-12.8-12.8h-22.4c-6.4 0-12.8 6.4-12.8 12.8v70.4c0 6.4 6.4 12.8 12.8 12.8z\" class=\"\"><\/path><\/svg><\/i> <img loading=\"lazy\" decoding=\"async\" width=\"16\" height=\"16\" alt=\"Loading\" src=\"https:\/\/temucotelevision.cl\/web\/wp-content\/plugins\/page-views-count\/ajax-loader-2x.gif\" border=0 \/><\/p><div class=\"pvc_clear\"><\/div>\n<p>Este s\u00e1bado 01 de febrero a partir de las 20:00 horas se presenta en el Centro Cultural Galo Sep\u00falveda &#8220;La Patriota&#8221;, obra teatral de Colectivo Didaskalia, que, a trav\u00e9s de un proceso de investigaci\u00f3n hist\u00f3rica, rescata la participaci\u00f3n de Javiera Carrera en el proceso de emancipaci\u00f3n de Chile y la ubica como la principal impulsora de las ideas independentistas de los Carrera.<\/p>\n\n\n\n<p>Para la creaci\u00f3n de esta obra se utiliza como punto de partida a modo de soporte textual, &#8220;Papeles de Do\u00f1a Javiera&#8221; compilaci\u00f3n de Enrique Matta Vial, el cual contiene documentos hist\u00f3ricos tales como las cartas escritas entre Javiera Carrera y su familia, entre los a\u00f1os 1814 y 1817, mientras los hermanos Carrera, incluyendo Javiera, post desastre de Rancagua, se ven obligados a partir al exilio.<\/p>\n\n\n\n<p>Para Gisela Buscaglione, directora de la obra &#8220;esta busca poner en valor el personaje hist\u00f3rico femenino, a quien su g\u00e9nero le impidi\u00f3 haber participado de forma m\u00e1s activa en el periodo de independencia. Debiendo luchar por la causa a trav\u00e9s de sus hermanos, limitada por los c\u00e1nones culturales que la relegaban a las tareas dom\u00e9sticas&#8221;<\/p>\n\n\n\n<p>El elenco compuesto por Catalina Barros, Carlos Retamales, Ricardo Zu\u00f1iga, Carlos Montenegro, Mar\u00eda Elena Carrasco, ser\u00e1n los encargados de revivir la historia de la hermana mayor de los Carrera y su lucha por la Independencia de Chile.<\/p>\n\n\n\n<p>La obra est\u00e1 catalogada para mayores de 12 a\u00f1os cuya entrada es liberada.<br><br><\/p>\n","protected":false},"excerpt":{"rendered":"<div class=\"pvc_clear\"><\/div>\n<p id=\"pvc_stats_8167\" class=\"pvc_stats total_only  \" data-element-id=\"8167\" style=\"\"><i class=\"pvc-stats-icon large\" aria-hidden=\"true\"><svg aria-hidden=\"true\" focusable=\"false\" data-prefix=\"far\" data-icon=\"chart-bar\" role=\"img\" xmlns=\"http:\/\/www.w3.org\/2000\/svg\" viewBox=\"0 0 512 512\" class=\"svg-inline--fa fa-chart-bar fa-w-16 fa-2x\"><path fill=\"currentColor\" d=\"M396.8 352h22.4c6.4 0 12.8-6.4 12.8-12.8V108.8c0-6.4-6.4-12.8-12.8-12.8h-22.4c-6.4 0-12.8 6.4-12.8 12.8v230.4c0 6.4 6.4 12.8 12.8 12.8zm-192 0h22.4c6.4 0 12.8-6.4 12.8-12.8V140.8c0-6.4-6.4-12.8-12.8-12.8h-22.4c-6.4 0-12.8 6.4-12.8 12.8v198.4c0 6.4 6.4 12.8 12.8 12.8zm96 0h22.4c6.4 0 12.8-6.4 12.8-12.8V204.8c0-6.4-6.4-12.8-12.8-12.8h-22.4c-6.4 0-12.8 6.4-12.8 12.8v134.4c0 6.4 6.4 12.8 12.8 12.8zM496 400H48V80c0-8.84-7.16-16-16-16H16C7.16 64 0 71.16 0 80v336c0 17.67 14.33 32 32 32h464c8.84 0 16-7.16 16-16v-16c0-8.84-7.16-16-16-16zm-387.2-48h22.4c6.4 0 12.8-6.4 12.8-12.8v-70.4c0-6.4-6.4-12.8-12.8-12.8h-22.4c-6.4 0-12.8 6.4-12.8 12.8v70.4c0 6.4 6.4 12.8 12.8 12.8z\" class=\"\"><\/path><\/svg><\/i> <img loading=\"lazy\" decoding=\"async\" width=\"16\" height=\"16\" alt=\"Loading\" src=\"https:\/\/temucotelevision.cl\/web\/wp-content\/plugins\/page-views-count\/ajax-loader-2x.gif\" border=0 \/><\/p>\n<div class=\"pvc_clear\"><\/div>\n<p>Este s\u00e1bado 01 de febrero a partir de las 20:00 horas se presenta en el Centro Cultural Galo Sep\u00falveda &#8220;La<\/p>\n","protected":false},"author":1,"featured_media":8168,"comment_status":"open","ping_status":"open","sticky":false,"template":"","format":"standard","meta":{"colormag_page_container_layout":"default_layout","colormag_page_sidebar_layout":"default_layout","footnotes":""},"categories":[86],"tags":[2194,925],"class_list":["post-8167","post","type-post","status-publish","format-standard","has-post-thumbnail","hentry","category-panoramas","tag-javiera-carrera","tag-obra"],"a3_pvc":{"activated":true,"total_views":29,"today_views":0},"_links":{"self":[{"href":"https:\/\/temucotelevision.cl\/web\/wp-json\/wp\/v2\/posts\/8167","targetHints":{"allow":["GET"]}}],"collection":[{"href":"https:\/\/temucotelevision.cl\/web\/wp-json\/wp\/v2\/posts"}],"about":[{"href":"https:\/\/temucotelevision.cl\/web\/wp-json\/wp\/v2\/types\/post"}],"author":[{"embeddable":true,"href":"https:\/\/temucotelevision.cl\/web\/wp-json\/wp\/v2\/users\/1"}],"replies":[{"embeddable":true,"href":"https:\/\/temucotelevision.cl\/web\/wp-json\/wp\/v2\/comments?post=8167"}],"version-history":[{"count":1,"href":"https:\/\/temucotelevision.cl\/web\/wp-json\/wp\/v2\/posts\/8167\/revisions"}],"predecessor-version":[{"id":8169,"href":"https:\/\/temucotelevision.cl\/web\/wp-json\/wp\/v2\/posts\/8167\/revisions\/8169"}],"wp:featuredmedia":[{"embeddable":true,"href":"https:\/\/temucotelevision.cl\/web\/wp-json\/wp\/v2\/media\/8168"}],"wp:attachment":[{"href":"https:\/\/temucotelevision.cl\/web\/wp-json\/wp\/v2\/media?parent=8167"}],"wp:term":[{"taxonomy":"category","embeddable":true,"href":"https:\/\/temucotelevision.cl\/web\/wp-json\/wp\/v2\/categories?post=8167"},{"taxonomy":"post_tag","embeddable":true,"href":"https:\/\/temucotelevision.cl\/web\/wp-json\/wp\/v2\/tags?post=8167"}],"curies":[{"name":"wp","href":"https:\/\/api.w.org\/{rel}","templated":true}]}}