{"id":8157,"date":"2020-01-30T12:14:32","date_gmt":"2020-01-30T15:14:32","guid":{"rendered":"https:\/\/temucotelevision.cl\/web\/?p=8157"},"modified":"2020-01-30T12:14:34","modified_gmt":"2020-01-30T15:14:34","slug":"detectives-de-victoria-detienen-a-un-menor-de-16-anos-por-robo-en-lugar-habitado","status":"publish","type":"post","link":"https:\/\/temucotelevision.cl\/web\/2020\/01\/30\/detectives-de-victoria-detienen-a-un-menor-de-16-anos-por-robo-en-lugar-habitado\/","title":{"rendered":"Detectives de Victoria detienen a un menor de 16 a\u00f1os por robo en lugar habitado"},"content":{"rendered":"<div class=\"pvc_clear\"><\/div><p id=\"pvc_stats_8157\" class=\"pvc_stats total_only  \" data-element-id=\"8157\" style=\"\"><i class=\"pvc-stats-icon large\" aria-hidden=\"true\"><svg aria-hidden=\"true\" focusable=\"false\" data-prefix=\"far\" data-icon=\"chart-bar\" role=\"img\" xmlns=\"http:\/\/www.w3.org\/2000\/svg\" viewBox=\"0 0 512 512\" class=\"svg-inline--fa fa-chart-bar fa-w-16 fa-2x\"><path fill=\"currentColor\" d=\"M396.8 352h22.4c6.4 0 12.8-6.4 12.8-12.8V108.8c0-6.4-6.4-12.8-12.8-12.8h-22.4c-6.4 0-12.8 6.4-12.8 12.8v230.4c0 6.4 6.4 12.8 12.8 12.8zm-192 0h22.4c6.4 0 12.8-6.4 12.8-12.8V140.8c0-6.4-6.4-12.8-12.8-12.8h-22.4c-6.4 0-12.8 6.4-12.8 12.8v198.4c0 6.4 6.4 12.8 12.8 12.8zm96 0h22.4c6.4 0 12.8-6.4 12.8-12.8V204.8c0-6.4-6.4-12.8-12.8-12.8h-22.4c-6.4 0-12.8 6.4-12.8 12.8v134.4c0 6.4 6.4 12.8 12.8 12.8zM496 400H48V80c0-8.84-7.16-16-16-16H16C7.16 64 0 71.16 0 80v336c0 17.67 14.33 32 32 32h464c8.84 0 16-7.16 16-16v-16c0-8.84-7.16-16-16-16zm-387.2-48h22.4c6.4 0 12.8-6.4 12.8-12.8v-70.4c0-6.4-6.4-12.8-12.8-12.8h-22.4c-6.4 0-12.8 6.4-12.8 12.8v70.4c0 6.4 6.4 12.8 12.8 12.8z\" class=\"\"><\/path><\/svg><\/i> <img loading=\"lazy\" decoding=\"async\" width=\"16\" height=\"16\" alt=\"Loading\" src=\"https:\/\/temucotelevision.cl\/web\/wp-content\/plugins\/page-views-count\/ajax-loader-2x.gif\" border=0 \/><\/p><div class=\"pvc_clear\"><\/div>\n<p>En una r\u00e1pida acci\u00f3n, el d\u00eda de ayer detectives de la Brigada de Investigaci\u00f3n Criminal (Bicrim) de Victoria detuvieron a un joven de 16 a\u00f1os, quien horas antes habr\u00eda cometido un robo en lugar habitado en dicha comuna.<\/p>\n\n\n\n<p>El jefe de la Bicrim Victoria, comisario Carlos Rojas indic\u00f3 que en horas de la ma\u00f1ana del d\u00eda de ayer se recepcion\u00f3 una denuncia por un robo&nbsp;que afect\u00f3 a una vivienda ubicada en un&nbsp;&nbsp;condominio de la misma comuna, inmueble en el cual manten\u00edan c\u00e1maras de vigilancia, las que en su registro se observa&nbsp;a dos sujetos a rostro descubierto,&nbsp; recorriendo y registrando el interior del lugar, sustrayendo diversas especies avaluadas en aproximadamente $1.500.000.&nbsp;<\/p>\n\n\n\n<p>Posteriormente, el oficial dijo que \u201cse coordin\u00f3 con el Lacrim Angol para efectuar los respectivos peritajes, los que en conjunto con el an\u00e1lisis criminal y las im\u00e1genes de los sujetos, se logr\u00f3 individualizar a ambos, por lo que a trav\u00e9s de la fiscal de turno, Valentina Prado, se gestion\u00f3 la orden de detenci\u00f3n verbal, adem\u00e1s de la entrada y registro judicial para sus domicilios, logrando ubicar y detener a un adolescente de 16 a\u00f1os.<\/p>\n\n\n\n<p>En relaci\u00f3n al segundo sujeto &#8211; de 27 a\u00f1os- involucrado en el il\u00edcito, a\u00fan se encuentran realizando diligencias para su ubicaci\u00f3n.<\/p>\n\n\n\n<p>Por instrucci\u00f3n de la fiscal Prado, el imputado fue puesto \u2013el d\u00eda de hoy- a disposici\u00f3n del Juzgado de Garant\u00eda de Victoria para la audiencia de control de detenci\u00f3n.<\/p>\n","protected":false},"excerpt":{"rendered":"<div class=\"pvc_clear\"><\/div>\n<p id=\"pvc_stats_8157\" class=\"pvc_stats total_only  \" data-element-id=\"8157\" style=\"\"><i class=\"pvc-stats-icon large\" aria-hidden=\"true\"><svg aria-hidden=\"true\" focusable=\"false\" data-prefix=\"far\" data-icon=\"chart-bar\" role=\"img\" xmlns=\"http:\/\/www.w3.org\/2000\/svg\" viewBox=\"0 0 512 512\" class=\"svg-inline--fa fa-chart-bar fa-w-16 fa-2x\"><path fill=\"currentColor\" d=\"M396.8 352h22.4c6.4 0 12.8-6.4 12.8-12.8V108.8c0-6.4-6.4-12.8-12.8-12.8h-22.4c-6.4 0-12.8 6.4-12.8 12.8v230.4c0 6.4 6.4 12.8 12.8 12.8zm-192 0h22.4c6.4 0 12.8-6.4 12.8-12.8V140.8c0-6.4-6.4-12.8-12.8-12.8h-22.4c-6.4 0-12.8 6.4-12.8 12.8v198.4c0 6.4 6.4 12.8 12.8 12.8zm96 0h22.4c6.4 0 12.8-6.4 12.8-12.8V204.8c0-6.4-6.4-12.8-12.8-12.8h-22.4c-6.4 0-12.8 6.4-12.8 12.8v134.4c0 6.4 6.4 12.8 12.8 12.8zM496 400H48V80c0-8.84-7.16-16-16-16H16C7.16 64 0 71.16 0 80v336c0 17.67 14.33 32 32 32h464c8.84 0 16-7.16 16-16v-16c0-8.84-7.16-16-16-16zm-387.2-48h22.4c6.4 0 12.8-6.4 12.8-12.8v-70.4c0-6.4-6.4-12.8-12.8-12.8h-22.4c-6.4 0-12.8 6.4-12.8 12.8v70.4c0 6.4 6.4 12.8 12.8 12.8z\" class=\"\"><\/path><\/svg><\/i> <img loading=\"lazy\" decoding=\"async\" width=\"16\" height=\"16\" alt=\"Loading\" src=\"https:\/\/temucotelevision.cl\/web\/wp-content\/plugins\/page-views-count\/ajax-loader-2x.gif\" border=0 \/><\/p>\n<div class=\"pvc_clear\"><\/div>\n<p>En una r\u00e1pida acci\u00f3n, el d\u00eda de ayer detectives de la Brigada de Investigaci\u00f3n Criminal (Bicrim) de Victoria detuvieron a<\/p>\n","protected":false},"author":1,"featured_media":8158,"comment_status":"open","ping_status":"open","sticky":false,"template":"","format":"standard","meta":{"colormag_page_container_layout":"default_layout","colormag_page_sidebar_layout":"default_layout","footnotes":""},"categories":[16],"tags":[1232,138],"class_list":["post-8157","post","type-post","status-publish","format-standard","has-post-thumbnail","hentry","category-policial","tag-menor","tag-robo"],"a3_pvc":{"activated":true,"total_views":50,"today_views":0},"_links":{"self":[{"href":"https:\/\/temucotelevision.cl\/web\/wp-json\/wp\/v2\/posts\/8157","targetHints":{"allow":["GET"]}}],"collection":[{"href":"https:\/\/temucotelevision.cl\/web\/wp-json\/wp\/v2\/posts"}],"about":[{"href":"https:\/\/temucotelevision.cl\/web\/wp-json\/wp\/v2\/types\/post"}],"author":[{"embeddable":true,"href":"https:\/\/temucotelevision.cl\/web\/wp-json\/wp\/v2\/users\/1"}],"replies":[{"embeddable":true,"href":"https:\/\/temucotelevision.cl\/web\/wp-json\/wp\/v2\/comments?post=8157"}],"version-history":[{"count":1,"href":"https:\/\/temucotelevision.cl\/web\/wp-json\/wp\/v2\/posts\/8157\/revisions"}],"predecessor-version":[{"id":8159,"href":"https:\/\/temucotelevision.cl\/web\/wp-json\/wp\/v2\/posts\/8157\/revisions\/8159"}],"wp:featuredmedia":[{"embeddable":true,"href":"https:\/\/temucotelevision.cl\/web\/wp-json\/wp\/v2\/media\/8158"}],"wp:attachment":[{"href":"https:\/\/temucotelevision.cl\/web\/wp-json\/wp\/v2\/media?parent=8157"}],"wp:term":[{"taxonomy":"category","embeddable":true,"href":"https:\/\/temucotelevision.cl\/web\/wp-json\/wp\/v2\/categories?post=8157"},{"taxonomy":"post_tag","embeddable":true,"href":"https:\/\/temucotelevision.cl\/web\/wp-json\/wp\/v2\/tags?post=8157"}],"curies":[{"name":"wp","href":"https:\/\/api.w.org\/{rel}","templated":true}]}}