{"id":8148,"date":"2020-01-30T10:34:15","date_gmt":"2020-01-30T13:34:15","guid":{"rendered":"https:\/\/temucotelevision.cl\/web\/?p=8148"},"modified":"2020-01-30T10:34:50","modified_gmt":"2020-01-30T13:34:50","slug":"onemi-declara-alerta-roja-para-la-comuna-de-lumaco-por-incendio-forestal","status":"publish","type":"post","link":"https:\/\/temucotelevision.cl\/web\/2020\/01\/30\/onemi-declara-alerta-roja-para-la-comuna-de-lumaco-por-incendio-forestal\/","title":{"rendered":"Onemi declara Alerta Roja para la comuna de Lumaco por incendio forestal"},"content":{"rendered":"<div class=\"pvc_clear\"><\/div><p id=\"pvc_stats_8148\" class=\"pvc_stats total_only  \" data-element-id=\"8148\" style=\"\"><i class=\"pvc-stats-icon large\" aria-hidden=\"true\"><svg aria-hidden=\"true\" focusable=\"false\" data-prefix=\"far\" data-icon=\"chart-bar\" role=\"img\" xmlns=\"http:\/\/www.w3.org\/2000\/svg\" viewBox=\"0 0 512 512\" class=\"svg-inline--fa fa-chart-bar fa-w-16 fa-2x\"><path fill=\"currentColor\" d=\"M396.8 352h22.4c6.4 0 12.8-6.4 12.8-12.8V108.8c0-6.4-6.4-12.8-12.8-12.8h-22.4c-6.4 0-12.8 6.4-12.8 12.8v230.4c0 6.4 6.4 12.8 12.8 12.8zm-192 0h22.4c6.4 0 12.8-6.4 12.8-12.8V140.8c0-6.4-6.4-12.8-12.8-12.8h-22.4c-6.4 0-12.8 6.4-12.8 12.8v198.4c0 6.4 6.4 12.8 12.8 12.8zm96 0h22.4c6.4 0 12.8-6.4 12.8-12.8V204.8c0-6.4-6.4-12.8-12.8-12.8h-22.4c-6.4 0-12.8 6.4-12.8 12.8v134.4c0 6.4 6.4 12.8 12.8 12.8zM496 400H48V80c0-8.84-7.16-16-16-16H16C7.16 64 0 71.16 0 80v336c0 17.67 14.33 32 32 32h464c8.84 0 16-7.16 16-16v-16c0-8.84-7.16-16-16-16zm-387.2-48h22.4c6.4 0 12.8-6.4 12.8-12.8v-70.4c0-6.4-6.4-12.8-12.8-12.8h-22.4c-6.4 0-12.8 6.4-12.8 12.8v70.4c0 6.4 6.4 12.8 12.8 12.8z\" class=\"\"><\/path><\/svg><\/i> <img loading=\"lazy\" decoding=\"async\" width=\"16\" height=\"16\" alt=\"Loading\" src=\"https:\/\/temucotelevision.cl\/web\/wp-content\/plugins\/page-views-count\/ajax-loader-2x.gif\" border=0 \/><\/p><div class=\"pvc_clear\"><\/div>\n<p>De acuerdo con la informaci\u00f3n proporcionada por la Corporaci\u00f3n Nacional Forestal (CONAF),\u00a0activo<strong>\u00a0<\/strong>se encuentra el incendio forestal denominado \u201cEl Lingue\u201d, el que consume una superficie por confirmar de 7 hect\u00e1reas de vegetaci\u00f3n en la comuna de Lumaco, seg\u00fan lo reportado en su Sistema de Informaci\u00f3n Digital para el Control de Incendios Forestales (SIDCO).\u00a0<\/p>\n\n\n\n<p>Cabe destacar, que este incendio se encuentra cercano a sectores poblados.&nbsp;<\/p>\n\n\n\n<p>En consideraci\u00f3n a estos antecedentes, la Intendencia de la Regi\u00f3n de La Araucan\u00eda, en base a la informaci\u00f3n t\u00e9cnica proporcionada por CONAF y en coordinaci\u00f3n con la Direcci\u00f3n Regional de ONEMI,\u00a0declara Alerta Roja\u00a0para la comuna de Lumaco, por incendio forestal, vigente a contar de hoy y hasta que las condiciones del incendio as\u00ed lo ameriten.\u00a0<\/p>\n\n\n\n<p>Con la declaraci\u00f3n de la Alerta Roja, se movilizar\u00e1n todos los recursos necesarios y disponibles, en apoyo adicional a lo ya desplegado por CONAF, Bomberos y el Sistema Nacional de Protecci\u00f3n Civil. De esta forma, se actuar\u00e1 para controlar la situaci\u00f3n, dada la extensi\u00f3n y severidad del evento.<\/p>\n","protected":false},"excerpt":{"rendered":"<div class=\"pvc_clear\"><\/div>\n<p id=\"pvc_stats_8148\" class=\"pvc_stats total_only  \" data-element-id=\"8148\" style=\"\"><i class=\"pvc-stats-icon large\" aria-hidden=\"true\"><svg aria-hidden=\"true\" focusable=\"false\" data-prefix=\"far\" data-icon=\"chart-bar\" role=\"img\" xmlns=\"http:\/\/www.w3.org\/2000\/svg\" viewBox=\"0 0 512 512\" class=\"svg-inline--fa fa-chart-bar fa-w-16 fa-2x\"><path fill=\"currentColor\" d=\"M396.8 352h22.4c6.4 0 12.8-6.4 12.8-12.8V108.8c0-6.4-6.4-12.8-12.8-12.8h-22.4c-6.4 0-12.8 6.4-12.8 12.8v230.4c0 6.4 6.4 12.8 12.8 12.8zm-192 0h22.4c6.4 0 12.8-6.4 12.8-12.8V140.8c0-6.4-6.4-12.8-12.8-12.8h-22.4c-6.4 0-12.8 6.4-12.8 12.8v198.4c0 6.4 6.4 12.8 12.8 12.8zm96 0h22.4c6.4 0 12.8-6.4 12.8-12.8V204.8c0-6.4-6.4-12.8-12.8-12.8h-22.4c-6.4 0-12.8 6.4-12.8 12.8v134.4c0 6.4 6.4 12.8 12.8 12.8zM496 400H48V80c0-8.84-7.16-16-16-16H16C7.16 64 0 71.16 0 80v336c0 17.67 14.33 32 32 32h464c8.84 0 16-7.16 16-16v-16c0-8.84-7.16-16-16-16zm-387.2-48h22.4c6.4 0 12.8-6.4 12.8-12.8v-70.4c0-6.4-6.4-12.8-12.8-12.8h-22.4c-6.4 0-12.8 6.4-12.8 12.8v70.4c0 6.4 6.4 12.8 12.8 12.8z\" class=\"\"><\/path><\/svg><\/i> <img loading=\"lazy\" decoding=\"async\" width=\"16\" height=\"16\" alt=\"Loading\" src=\"https:\/\/temucotelevision.cl\/web\/wp-content\/plugins\/page-views-count\/ajax-loader-2x.gif\" border=0 \/><\/p>\n<div class=\"pvc_clear\"><\/div>\n<p>De acuerdo con la informaci\u00f3n proporcionada por la Corporaci\u00f3n Nacional Forestal (CONAF),\u00a0activo\u00a0se encuentra el incendio forestal denominado \u201cEl Lingue\u201d, el<\/p>\n","protected":false},"author":1,"featured_media":921,"comment_status":"open","ping_status":"open","sticky":false,"template":"","format":"standard","meta":{"colormag_page_container_layout":"default_layout","colormag_page_sidebar_layout":"default_layout","footnotes":""},"categories":[101],"tags":[146,292],"class_list":["post-8148","post","type-post","status-publish","format-standard","has-post-thumbnail","hentry","category-actualidad","tag-comuna","tag-onemi"],"a3_pvc":{"activated":true,"total_views":23,"today_views":1},"_links":{"self":[{"href":"https:\/\/temucotelevision.cl\/web\/wp-json\/wp\/v2\/posts\/8148","targetHints":{"allow":["GET"]}}],"collection":[{"href":"https:\/\/temucotelevision.cl\/web\/wp-json\/wp\/v2\/posts"}],"about":[{"href":"https:\/\/temucotelevision.cl\/web\/wp-json\/wp\/v2\/types\/post"}],"author":[{"embeddable":true,"href":"https:\/\/temucotelevision.cl\/web\/wp-json\/wp\/v2\/users\/1"}],"replies":[{"embeddable":true,"href":"https:\/\/temucotelevision.cl\/web\/wp-json\/wp\/v2\/comments?post=8148"}],"version-history":[{"count":1,"href":"https:\/\/temucotelevision.cl\/web\/wp-json\/wp\/v2\/posts\/8148\/revisions"}],"predecessor-version":[{"id":8149,"href":"https:\/\/temucotelevision.cl\/web\/wp-json\/wp\/v2\/posts\/8148\/revisions\/8149"}],"wp:featuredmedia":[{"embeddable":true,"href":"https:\/\/temucotelevision.cl\/web\/wp-json\/wp\/v2\/media\/921"}],"wp:attachment":[{"href":"https:\/\/temucotelevision.cl\/web\/wp-json\/wp\/v2\/media?parent=8148"}],"wp:term":[{"taxonomy":"category","embeddable":true,"href":"https:\/\/temucotelevision.cl\/web\/wp-json\/wp\/v2\/categories?post=8148"},{"taxonomy":"post_tag","embeddable":true,"href":"https:\/\/temucotelevision.cl\/web\/wp-json\/wp\/v2\/tags?post=8148"}],"curies":[{"name":"wp","href":"https:\/\/api.w.org\/{rel}","templated":true}]}}