{"id":8145,"date":"2020-01-30T10:22:21","date_gmt":"2020-01-30T13:22:21","guid":{"rendered":"https:\/\/temucotelevision.cl\/web\/?p=8145"},"modified":"2020-01-30T10:22:23","modified_gmt":"2020-01-30T13:22:23","slug":"vecinos-y-dirigentes-de-la-union-comunal-de-padre-las-casas-visitaron-obras-del-nuevo-complejo-asistencial-de-la-comuna%ef%bb%bf","status":"publish","type":"post","link":"https:\/\/temucotelevision.cl\/web\/2020\/01\/30\/vecinos-y-dirigentes-de-la-union-comunal-de-padre-las-casas-visitaron-obras-del-nuevo-complejo-asistencial-de-la-comuna%ef%bb%bf\/","title":{"rendered":"Vecinos y dirigentes de la Uni\u00f3n Comunal de Padre Las Casas visitaron obras del nuevo Complejo Asistencial de la comuna\ufeff"},"content":{"rendered":"<div class=\"pvc_clear\"><\/div><p id=\"pvc_stats_8145\" class=\"pvc_stats total_only  \" data-element-id=\"8145\" style=\"\"><i class=\"pvc-stats-icon large\" aria-hidden=\"true\"><svg aria-hidden=\"true\" focusable=\"false\" data-prefix=\"far\" data-icon=\"chart-bar\" role=\"img\" xmlns=\"http:\/\/www.w3.org\/2000\/svg\" viewBox=\"0 0 512 512\" class=\"svg-inline--fa fa-chart-bar fa-w-16 fa-2x\"><path fill=\"currentColor\" d=\"M396.8 352h22.4c6.4 0 12.8-6.4 12.8-12.8V108.8c0-6.4-6.4-12.8-12.8-12.8h-22.4c-6.4 0-12.8 6.4-12.8 12.8v230.4c0 6.4 6.4 12.8 12.8 12.8zm-192 0h22.4c6.4 0 12.8-6.4 12.8-12.8V140.8c0-6.4-6.4-12.8-12.8-12.8h-22.4c-6.4 0-12.8 6.4-12.8 12.8v198.4c0 6.4 6.4 12.8 12.8 12.8zm96 0h22.4c6.4 0 12.8-6.4 12.8-12.8V204.8c0-6.4-6.4-12.8-12.8-12.8h-22.4c-6.4 0-12.8 6.4-12.8 12.8v134.4c0 6.4 6.4 12.8 12.8 12.8zM496 400H48V80c0-8.84-7.16-16-16-16H16C7.16 64 0 71.16 0 80v336c0 17.67 14.33 32 32 32h464c8.84 0 16-7.16 16-16v-16c0-8.84-7.16-16-16-16zm-387.2-48h22.4c6.4 0 12.8-6.4 12.8-12.8v-70.4c0-6.4-6.4-12.8-12.8-12.8h-22.4c-6.4 0-12.8 6.4-12.8 12.8v70.4c0 6.4 6.4 12.8 12.8 12.8z\" class=\"\"><\/path><\/svg><\/i> <img loading=\"lazy\" decoding=\"async\" width=\"16\" height=\"16\" alt=\"Loading\" src=\"https:\/\/temucotelevision.cl\/web\/wp-content\/plugins\/page-views-count\/ajax-loader-2x.gif\" border=0 \/><\/p><div class=\"pvc_clear\"><\/div>\n<p>Dar a conocer las caracter\u00edsticas del nuevo Complejo Asistencial de mediana complejidad que se integrar\u00e1 a la red Araucan\u00eda Sur, fue parte del objetivo de la visita realizada por el Director de Servicio, Ren\u00e9 Lopetegui, junto a cerca de 60 vecinos integrantes de la Uni\u00f3n Comunal de Padre Las Casas.<\/p>\n\n\n\n<p>El recinto cuya construcci\u00f3n presenta un 99% de avance se encuentra pronto a iniciar su puesta en marcha, proceso que incluye hacer parte a la comunidad local para conocer en detalle la metodolog\u00eda y las prestaciones que dar\u00e1 a 6 comunas de la provincia de Caut\u00edn.<\/p>\n\n\n\n<p>\u201cComo pol\u00edtica del Servicio de Salud, nosotros seguimos trabajando junto a los vecinos para que puedan conocer esta obra, que es emblem\u00e1tica y es muy importante para la provincia y para la regi\u00f3n, y que va a permitir mejorar la calidad de vida y la atenci\u00f3n de nuestros usuarios\u201d, destac\u00f3 el Director del Servicio de Salud Araucan\u00eda Sur, Ren\u00e9 Lopetegui.<\/p>\n\n\n\n<p><strong>V\u00ednculo con la comunidad<\/strong><\/p>\n\n\n\n<p>La visita tambi\u00e9n cont\u00f3 con la presencia del nuevo director del Complejo Asistencial de Padre Las Casas, Dr. Christian Nilo, quien motiv\u00f3 a los visitantes a fortalecer las comunicaciones por medio del Consejo de Desarrollo.&nbsp;<\/p>\n\n\n\n<p>\u201cFue un encuentro grato, donde solucionamos las dudas y aterrizamos algunas expectativas de la comunidad, pero lo m\u00e1s importante es que invitamos a la comunidad a ser parte de la puesta en marcha y la evoluci\u00f3n de este nuevo hospital\u201d, se\u00f1al\u00f3 el nuevo director.<\/p>\n\n\n\n<p><strong>Uni\u00f3n Comunal<\/strong><\/p>\n\n\n\n<p>Marcela Esparza, presidenta de la Uni\u00f3n Comunal de Juntas de Vecinos de Padre Las Casas, en representaci\u00f3n de los vecinos, agradeci\u00f3 la oportunidad de conocer el nuevo recinto, \u201ceste es un sue\u00f1o no solo de un grupo, de una organizaci\u00f3n o de dirigentes, este es un sue\u00f1o de toda la comuna y de la regi\u00f3n, porque tenemos que ser solidarios, mientras m\u00e1s atenci\u00f3n reciba nuestraregi\u00f3n y que vaya en ayuda de nuestra salud creo que es algo maravilloso\u201d.<\/p>\n\n\n\n<p>Por su parte, Elizabeth Saavedra, presidenta de la Uni\u00f3n Comunal de Adultos Mayores Padre Las Casas, valor\u00f3 el servicio que se dar\u00e1, \u201cdonde vamos a ser tratados especialmente con nuevas tecnolog\u00edas y muchas cosas hermosas, porque realmente nosotros vamos a ser los beneficiados como adultos mayores\u201d.<\/p>\n\n\n\n<p>El Complejo Asistencial de Padre Las Casas finalizar\u00e1 su etapa de construcci\u00f3n durante febrero de 2020, para dar inicio al proceso de puesta en marcha en miras a abrir sus puertas a la comunidad durante el \u00faltimo trimestre del presente a\u00f1o.<\/p>\n","protected":false},"excerpt":{"rendered":"<div class=\"pvc_clear\"><\/div>\n<p id=\"pvc_stats_8145\" class=\"pvc_stats total_only  \" data-element-id=\"8145\" style=\"\"><i class=\"pvc-stats-icon large\" aria-hidden=\"true\"><svg aria-hidden=\"true\" focusable=\"false\" data-prefix=\"far\" data-icon=\"chart-bar\" role=\"img\" xmlns=\"http:\/\/www.w3.org\/2000\/svg\" viewBox=\"0 0 512 512\" class=\"svg-inline--fa fa-chart-bar fa-w-16 fa-2x\"><path fill=\"currentColor\" d=\"M396.8 352h22.4c6.4 0 12.8-6.4 12.8-12.8V108.8c0-6.4-6.4-12.8-12.8-12.8h-22.4c-6.4 0-12.8 6.4-12.8 12.8v230.4c0 6.4 6.4 12.8 12.8 12.8zm-192 0h22.4c6.4 0 12.8-6.4 12.8-12.8V140.8c0-6.4-6.4-12.8-12.8-12.8h-22.4c-6.4 0-12.8 6.4-12.8 12.8v198.4c0 6.4 6.4 12.8 12.8 12.8zm96 0h22.4c6.4 0 12.8-6.4 12.8-12.8V204.8c0-6.4-6.4-12.8-12.8-12.8h-22.4c-6.4 0-12.8 6.4-12.8 12.8v134.4c0 6.4 6.4 12.8 12.8 12.8zM496 400H48V80c0-8.84-7.16-16-16-16H16C7.16 64 0 71.16 0 80v336c0 17.67 14.33 32 32 32h464c8.84 0 16-7.16 16-16v-16c0-8.84-7.16-16-16-16zm-387.2-48h22.4c6.4 0 12.8-6.4 12.8-12.8v-70.4c0-6.4-6.4-12.8-12.8-12.8h-22.4c-6.4 0-12.8 6.4-12.8 12.8v70.4c0 6.4 6.4 12.8 12.8 12.8z\" class=\"\"><\/path><\/svg><\/i> <img loading=\"lazy\" decoding=\"async\" width=\"16\" height=\"16\" alt=\"Loading\" src=\"https:\/\/temucotelevision.cl\/web\/wp-content\/plugins\/page-views-count\/ajax-loader-2x.gif\" border=0 \/><\/p>\n<div class=\"pvc_clear\"><\/div>\n<p>Dar a conocer las caracter\u00edsticas del nuevo Complejo Asistencial de mediana complejidad que se integrar\u00e1 a la red Araucan\u00eda Sur,<\/p>\n","protected":false},"author":1,"featured_media":8146,"comment_status":"open","ping_status":"open","sticky":false,"template":"","format":"standard","meta":{"colormag_page_container_layout":"default_layout","colormag_page_sidebar_layout":"default_layout","footnotes":""},"categories":[15],"tags":[2192,333,131],"class_list":["post-8145","post","type-post","status-publish","format-standard","has-post-thumbnail","hentry","category-la-araucania","tag-complejo","tag-obras","tag-salud"],"a3_pvc":{"activated":true,"total_views":90,"today_views":0},"_links":{"self":[{"href":"https:\/\/temucotelevision.cl\/web\/wp-json\/wp\/v2\/posts\/8145","targetHints":{"allow":["GET"]}}],"collection":[{"href":"https:\/\/temucotelevision.cl\/web\/wp-json\/wp\/v2\/posts"}],"about":[{"href":"https:\/\/temucotelevision.cl\/web\/wp-json\/wp\/v2\/types\/post"}],"author":[{"embeddable":true,"href":"https:\/\/temucotelevision.cl\/web\/wp-json\/wp\/v2\/users\/1"}],"replies":[{"embeddable":true,"href":"https:\/\/temucotelevision.cl\/web\/wp-json\/wp\/v2\/comments?post=8145"}],"version-history":[{"count":1,"href":"https:\/\/temucotelevision.cl\/web\/wp-json\/wp\/v2\/posts\/8145\/revisions"}],"predecessor-version":[{"id":8147,"href":"https:\/\/temucotelevision.cl\/web\/wp-json\/wp\/v2\/posts\/8145\/revisions\/8147"}],"wp:featuredmedia":[{"embeddable":true,"href":"https:\/\/temucotelevision.cl\/web\/wp-json\/wp\/v2\/media\/8146"}],"wp:attachment":[{"href":"https:\/\/temucotelevision.cl\/web\/wp-json\/wp\/v2\/media?parent=8145"}],"wp:term":[{"taxonomy":"category","embeddable":true,"href":"https:\/\/temucotelevision.cl\/web\/wp-json\/wp\/v2\/categories?post=8145"},{"taxonomy":"post_tag","embeddable":true,"href":"https:\/\/temucotelevision.cl\/web\/wp-json\/wp\/v2\/tags?post=8145"}],"curies":[{"name":"wp","href":"https:\/\/api.w.org\/{rel}","templated":true}]}}