{"id":8136,"date":"2020-01-29T10:07:45","date_gmt":"2020-01-29T13:07:45","guid":{"rendered":"https:\/\/temucotelevision.cl\/web\/?p=8136"},"modified":"2020-01-29T10:09:44","modified_gmt":"2020-01-29T13:09:44","slug":"en-temporada-de-verano-el-boom-de-los-espacios-exteriores-en-edificios","status":"publish","type":"post","link":"https:\/\/temucotelevision.cl\/web\/2020\/01\/29\/en-temporada-de-verano-el-boom-de-los-espacios-exteriores-en-edificios\/","title":{"rendered":"En temporada de verano, el boom de los espacios exteriores en edificios"},"content":{"rendered":"<div class=\"pvc_clear\"><\/div><p id=\"pvc_stats_8136\" class=\"pvc_stats total_only  \" data-element-id=\"8136\" style=\"\"><i class=\"pvc-stats-icon large\" aria-hidden=\"true\"><svg aria-hidden=\"true\" focusable=\"false\" data-prefix=\"far\" data-icon=\"chart-bar\" role=\"img\" xmlns=\"http:\/\/www.w3.org\/2000\/svg\" viewBox=\"0 0 512 512\" class=\"svg-inline--fa fa-chart-bar fa-w-16 fa-2x\"><path fill=\"currentColor\" d=\"M396.8 352h22.4c6.4 0 12.8-6.4 12.8-12.8V108.8c0-6.4-6.4-12.8-12.8-12.8h-22.4c-6.4 0-12.8 6.4-12.8 12.8v230.4c0 6.4 6.4 12.8 12.8 12.8zm-192 0h22.4c6.4 0 12.8-6.4 12.8-12.8V140.8c0-6.4-6.4-12.8-12.8-12.8h-22.4c-6.4 0-12.8 6.4-12.8 12.8v198.4c0 6.4 6.4 12.8 12.8 12.8zm96 0h22.4c6.4 0 12.8-6.4 12.8-12.8V204.8c0-6.4-6.4-12.8-12.8-12.8h-22.4c-6.4 0-12.8 6.4-12.8 12.8v134.4c0 6.4 6.4 12.8 12.8 12.8zM496 400H48V80c0-8.84-7.16-16-16-16H16C7.16 64 0 71.16 0 80v336c0 17.67 14.33 32 32 32h464c8.84 0 16-7.16 16-16v-16c0-8.84-7.16-16-16-16zm-387.2-48h22.4c6.4 0 12.8-6.4 12.8-12.8v-70.4c0-6.4-6.4-12.8-12.8-12.8h-22.4c-6.4 0-12.8 6.4-12.8 12.8v70.4c0 6.4 6.4 12.8 12.8 12.8z\" class=\"\"><\/path><\/svg><\/i> <img loading=\"lazy\" decoding=\"async\" width=\"16\" height=\"16\" alt=\"Loading\" src=\"https:\/\/temucotelevision.cl\/web\/wp-content\/plugins\/page-views-count\/ajax-loader-2x.gif\" border=0 \/><\/p><div class=\"pvc_clear\"><\/div>\n<p>Los cambios en la forma de vivir y de habitar los espacios, han generado una evoluci\u00f3n en el mercado de los departamentos y c\u00f3mo se dise\u00f1an este tipo de proyectos. El equipamiento y los espacios comunes se han transformado en una extensi\u00f3n de la vivienda y en un valor agregado especialmente en verano, cuando el calor y las vacaciones invitan a todos los miembros de la familia a hacer m\u00e1s vida social y disfrutar los espacios abiertos, como terrazas, piscinas y \u00e1reas verdes.<\/p>\n\n\n\n<p>\u201cA la hora de elegir una propiedad, las personas se fijan mucho estos espacios exteriores que mejoran su calidad de vida en la \u00e9poca estival, como es jugar en el jard\u00edn con los ni\u00f1os, refrescarse en una piscina o invitar a los amigos a un asado, sin tener que pagar otro lugar o salir del edificio o condominio. El cliente actual est\u00e1 demandando tener todas estas opciones en su comunidad\u201d, sostiene Loreto Malig, subgerente comercial de Inmobiliaria Urbes.<\/p>\n\n\n\n<p>La ejecutiva tambi\u00e9n explica que estos espacios se van definiendo de acuerdo con el p\u00fablico que habitar\u00e1 el proyecto. \u201cEn el caso de los edificios para un segmento familiar, integramos piscinas con terrazas y quinchos en el primer piso, principalmente para brindar m\u00e1s espacio y seguridad para compartir, disfrutando de \u00e1reas verdes y juegos infantiles. En los proyectos donde predominan los departamentos de un dormitorio, para un segmento m\u00e1s joven, la tendencia son las terrazas y piscinas rooftop\u201d.<\/p>\n\n\n\n<p>Como son relevantes en la decisi\u00f3n de compra, los proyectos inmobiliarios se preocupan mucho en c\u00f3mo dise\u00f1ar este tipo de espacios, integrando las \u00faltimas tendencias de interiorismo y decoraci\u00f3n. El reconocido interiorista Orlando Gatica explica que \u201cen los espacios comunes tratamos de que se sientan como propios de casa, se sientan elegantes, m\u00e1s \u00edntimos, inviten a la gente y tengan una experiencia m\u00e1s refugiada, con mucha sensaci\u00f3n de materiales naturales\u201d.<\/p>\n\n\n\n<p>Adem\u00e1s de la decoraci\u00f3n, otro factor importante en verano es la iluminaci\u00f3n. \u201cAdem\u00e1s de hacer los espacios m\u00e1s \u00edntimos y acogedores,&nbsp;una iluminaci\u00f3n de vanguardia permite resaltar las mejores escenas y ampliar las horas de disfrute al atardecer, incluso de noche\u201d, destaca la subgerente comercial de Urbes.<\/p>\n","protected":false},"excerpt":{"rendered":"<div class=\"pvc_clear\"><\/div>\n<p id=\"pvc_stats_8136\" class=\"pvc_stats total_only  \" data-element-id=\"8136\" style=\"\"><i class=\"pvc-stats-icon large\" aria-hidden=\"true\"><svg aria-hidden=\"true\" focusable=\"false\" data-prefix=\"far\" data-icon=\"chart-bar\" role=\"img\" xmlns=\"http:\/\/www.w3.org\/2000\/svg\" viewBox=\"0 0 512 512\" class=\"svg-inline--fa fa-chart-bar fa-w-16 fa-2x\"><path fill=\"currentColor\" d=\"M396.8 352h22.4c6.4 0 12.8-6.4 12.8-12.8V108.8c0-6.4-6.4-12.8-12.8-12.8h-22.4c-6.4 0-12.8 6.4-12.8 12.8v230.4c0 6.4 6.4 12.8 12.8 12.8zm-192 0h22.4c6.4 0 12.8-6.4 12.8-12.8V140.8c0-6.4-6.4-12.8-12.8-12.8h-22.4c-6.4 0-12.8 6.4-12.8 12.8v198.4c0 6.4 6.4 12.8 12.8 12.8zm96 0h22.4c6.4 0 12.8-6.4 12.8-12.8V204.8c0-6.4-6.4-12.8-12.8-12.8h-22.4c-6.4 0-12.8 6.4-12.8 12.8v134.4c0 6.4 6.4 12.8 12.8 12.8zM496 400H48V80c0-8.84-7.16-16-16-16H16C7.16 64 0 71.16 0 80v336c0 17.67 14.33 32 32 32h464c8.84 0 16-7.16 16-16v-16c0-8.84-7.16-16-16-16zm-387.2-48h22.4c6.4 0 12.8-6.4 12.8-12.8v-70.4c0-6.4-6.4-12.8-12.8-12.8h-22.4c-6.4 0-12.8 6.4-12.8 12.8v70.4c0 6.4 6.4 12.8 12.8 12.8z\" class=\"\"><\/path><\/svg><\/i> <img loading=\"lazy\" decoding=\"async\" width=\"16\" height=\"16\" alt=\"Loading\" src=\"https:\/\/temucotelevision.cl\/web\/wp-content\/plugins\/page-views-count\/ajax-loader-2x.gif\" border=0 \/><\/p>\n<div class=\"pvc_clear\"><\/div>\n<p>Los cambios en la forma de vivir y de habitar los espacios, han generado una evoluci\u00f3n en el mercado de<\/p>\n","protected":false},"author":1,"featured_media":8137,"comment_status":"open","ping_status":"open","sticky":false,"template":"","format":"standard","meta":{"colormag_page_container_layout":"default_layout","colormag_page_sidebar_layout":"default_layout","footnotes":""},"categories":[101],"tags":[407],"class_list":["post-8136","post","type-post","status-publish","format-standard","has-post-thumbnail","hentry","category-actualidad","tag-espacios"],"a3_pvc":{"activated":true,"total_views":34,"today_views":0},"_links":{"self":[{"href":"https:\/\/temucotelevision.cl\/web\/wp-json\/wp\/v2\/posts\/8136","targetHints":{"allow":["GET"]}}],"collection":[{"href":"https:\/\/temucotelevision.cl\/web\/wp-json\/wp\/v2\/posts"}],"about":[{"href":"https:\/\/temucotelevision.cl\/web\/wp-json\/wp\/v2\/types\/post"}],"author":[{"embeddable":true,"href":"https:\/\/temucotelevision.cl\/web\/wp-json\/wp\/v2\/users\/1"}],"replies":[{"embeddable":true,"href":"https:\/\/temucotelevision.cl\/web\/wp-json\/wp\/v2\/comments?post=8136"}],"version-history":[{"count":2,"href":"https:\/\/temucotelevision.cl\/web\/wp-json\/wp\/v2\/posts\/8136\/revisions"}],"predecessor-version":[{"id":8139,"href":"https:\/\/temucotelevision.cl\/web\/wp-json\/wp\/v2\/posts\/8136\/revisions\/8139"}],"wp:featuredmedia":[{"embeddable":true,"href":"https:\/\/temucotelevision.cl\/web\/wp-json\/wp\/v2\/media\/8137"}],"wp:attachment":[{"href":"https:\/\/temucotelevision.cl\/web\/wp-json\/wp\/v2\/media?parent=8136"}],"wp:term":[{"taxonomy":"category","embeddable":true,"href":"https:\/\/temucotelevision.cl\/web\/wp-json\/wp\/v2\/categories?post=8136"},{"taxonomy":"post_tag","embeddable":true,"href":"https:\/\/temucotelevision.cl\/web\/wp-json\/wp\/v2\/tags?post=8136"}],"curies":[{"name":"wp","href":"https:\/\/api.w.org\/{rel}","templated":true}]}}