{"id":8134,"date":"2020-01-28T20:29:22","date_gmt":"2020-01-28T23:29:22","guid":{"rendered":"https:\/\/temucotelevision.cl\/web\/?p=8134"},"modified":"2020-01-28T20:29:24","modified_gmt":"2020-01-28T23:29:24","slug":"diputado-rathgeb-por-incendios-esperamos-que-se-investigue-origen-de-estos-y-se-determinen-responsabilidades%ef%bb%bf","status":"publish","type":"post","link":"https:\/\/temucotelevision.cl\/web\/2020\/01\/28\/diputado-rathgeb-por-incendios-esperamos-que-se-investigue-origen-de-estos-y-se-determinen-responsabilidades%ef%bb%bf\/","title":{"rendered":"Diputado Rathgeb por incendios: \u201cEsperamos que se investigue origen de estos y se determinen responsabilidades\u201d\ufeff"},"content":{"rendered":"<div class=\"pvc_clear\"><\/div><p id=\"pvc_stats_8134\" class=\"pvc_stats total_only  \" data-element-id=\"8134\" style=\"\"><i class=\"pvc-stats-icon large\" aria-hidden=\"true\"><svg aria-hidden=\"true\" focusable=\"false\" data-prefix=\"far\" data-icon=\"chart-bar\" role=\"img\" xmlns=\"http:\/\/www.w3.org\/2000\/svg\" viewBox=\"0 0 512 512\" class=\"svg-inline--fa fa-chart-bar fa-w-16 fa-2x\"><path fill=\"currentColor\" d=\"M396.8 352h22.4c6.4 0 12.8-6.4 12.8-12.8V108.8c0-6.4-6.4-12.8-12.8-12.8h-22.4c-6.4 0-12.8 6.4-12.8 12.8v230.4c0 6.4 6.4 12.8 12.8 12.8zm-192 0h22.4c6.4 0 12.8-6.4 12.8-12.8V140.8c0-6.4-6.4-12.8-12.8-12.8h-22.4c-6.4 0-12.8 6.4-12.8 12.8v198.4c0 6.4 6.4 12.8 12.8 12.8zm96 0h22.4c6.4 0 12.8-6.4 12.8-12.8V204.8c0-6.4-6.4-12.8-12.8-12.8h-22.4c-6.4 0-12.8 6.4-12.8 12.8v134.4c0 6.4 6.4 12.8 12.8 12.8zM496 400H48V80c0-8.84-7.16-16-16-16H16C7.16 64 0 71.16 0 80v336c0 17.67 14.33 32 32 32h464c8.84 0 16-7.16 16-16v-16c0-8.84-7.16-16-16-16zm-387.2-48h22.4c6.4 0 12.8-6.4 12.8-12.8v-70.4c0-6.4-6.4-12.8-12.8-12.8h-22.4c-6.4 0-12.8 6.4-12.8 12.8v70.4c0 6.4 6.4 12.8 12.8 12.8z\" class=\"\"><\/path><\/svg><\/i> <img loading=\"lazy\" decoding=\"async\" width=\"16\" height=\"16\" alt=\"Loading\" src=\"https:\/\/temucotelevision.cl\/web\/wp-content\/plugins\/page-views-count\/ajax-loader-2x.gif\" border=0 \/><\/p><div class=\"pvc_clear\"><\/div>\n<p><strong>Parlamentario por La Araucan\u00eda espera que se indaguen las causas que han afectado a m\u00e1s de 7 mil hect\u00e1reas de superficie y que ha obligado a decretar alerta roja en varias comunas de la regi\u00f3n.<\/strong><\/p>\n\n\n\n<p>La situaci\u00f3n que se ha vivido en varias comunas de La Araucan\u00eda debido a los siniestros es materia de preocupaci\u00f3n en las autoridades, considerando que ya se han producido un 55% m\u00e1s de siniestros en comparaci\u00f3n con la temporada anterior.<\/p>\n\n\n\n<p>Debido al panorama actual, el diputado de Renovaci\u00f3n Nacional por la regi\u00f3n y jefe de bancada del partido, Jorge Rathgeb Schifferli, manifest\u00f3 que es momento de indagar como se han originado los focos y se determinen responsabilidades.<\/p>\n\n\n\n<p>El congresista miembro de las comisiones permanentes de Agricultura y Bomberos, puntualiz\u00f3 que los incendios de car\u00e1cter forestal, en su gran mayor\u00eda son ocasionados por intervenci\u00f3n de personas y que ante eso se debe investigar su origen.<\/p>\n\n\n\n<p>Rathgeb fue a\u00fan m\u00e1s all\u00e1 e indic\u00f3 que en caso de que se encuentren a quienes ocasionaron los siniestros, estos deben ser castigados con el m\u00e1ximo de rigor, debido a que han puesto en peligro la seguridad de la comunidad.<\/p>\n\n\n\n<p>De la misma manera el congresista realiz\u00f3 un llamado a que las personas que sean testigos de esta clase de actos, realicen la denuncia de manera inmediata a ambas polic\u00edas o al Ministerio P\u00fablico, para que se pueda dar con el paradero de los causantes.<\/p>\n\n\n\n<p>&#8220;Estamos preocupados por la situaci\u00f3n de los incendios en la regi\u00f3n y en especial por la seguidilla de siniestros que est\u00e1n obligando a decretar alerta roja de manera frecuente. Por lo mismo hacemos un llamado a las autoridades a indagar sobre el origen del fuego, considerando que este no comienza de manera espont\u00e1nea y vecinos de lugares donde se han ocasionado algunos focos, han visto la presencia de personas, por lo cual es indispensable investigar y dar con los responsables&#8221;, manifest\u00f3 el diputado Rathgeb.<\/p>\n\n\n\n<p>El parlamentario concluy\u00f3 que es indispensable que todos los sectores est\u00e9n unidos contra el combate de los incendios y de esta manera no se siga extendiendo las estad\u00edsticas en cuanto a cantidad de siniestros y superficie afectada.<\/p>\n","protected":false},"excerpt":{"rendered":"<div class=\"pvc_clear\"><\/div>\n<p id=\"pvc_stats_8134\" class=\"pvc_stats total_only  \" data-element-id=\"8134\" style=\"\"><i class=\"pvc-stats-icon large\" aria-hidden=\"true\"><svg aria-hidden=\"true\" focusable=\"false\" data-prefix=\"far\" data-icon=\"chart-bar\" role=\"img\" xmlns=\"http:\/\/www.w3.org\/2000\/svg\" viewBox=\"0 0 512 512\" class=\"svg-inline--fa fa-chart-bar fa-w-16 fa-2x\"><path fill=\"currentColor\" d=\"M396.8 352h22.4c6.4 0 12.8-6.4 12.8-12.8V108.8c0-6.4-6.4-12.8-12.8-12.8h-22.4c-6.4 0-12.8 6.4-12.8 12.8v230.4c0 6.4 6.4 12.8 12.8 12.8zm-192 0h22.4c6.4 0 12.8-6.4 12.8-12.8V140.8c0-6.4-6.4-12.8-12.8-12.8h-22.4c-6.4 0-12.8 6.4-12.8 12.8v198.4c0 6.4 6.4 12.8 12.8 12.8zm96 0h22.4c6.4 0 12.8-6.4 12.8-12.8V204.8c0-6.4-6.4-12.8-12.8-12.8h-22.4c-6.4 0-12.8 6.4-12.8 12.8v134.4c0 6.4 6.4 12.8 12.8 12.8zM496 400H48V80c0-8.84-7.16-16-16-16H16C7.16 64 0 71.16 0 80v336c0 17.67 14.33 32 32 32h464c8.84 0 16-7.16 16-16v-16c0-8.84-7.16-16-16-16zm-387.2-48h22.4c6.4 0 12.8-6.4 12.8-12.8v-70.4c0-6.4-6.4-12.8-12.8-12.8h-22.4c-6.4 0-12.8 6.4-12.8 12.8v70.4c0 6.4 6.4 12.8 12.8 12.8z\" class=\"\"><\/path><\/svg><\/i> <img loading=\"lazy\" decoding=\"async\" width=\"16\" height=\"16\" alt=\"Loading\" src=\"https:\/\/temucotelevision.cl\/web\/wp-content\/plugins\/page-views-count\/ajax-loader-2x.gif\" border=0 \/><\/p>\n<div class=\"pvc_clear\"><\/div>\n<p>Parlamentario por La Araucan\u00eda espera que se indaguen las causas que han afectado a m\u00e1s de 7 mil hect\u00e1reas de<\/p>\n","protected":false},"author":1,"featured_media":7728,"comment_status":"open","ping_status":"open","sticky":false,"template":"","format":"standard","meta":{"colormag_page_container_layout":"default_layout","colormag_page_sidebar_layout":"default_layout","footnotes":""},"categories":[84],"tags":[266],"class_list":["post-8134","post","type-post","status-publish","format-standard","has-post-thumbnail","hentry","category-politica","tag-incendios"],"a3_pvc":{"activated":true,"total_views":27,"today_views":0},"_links":{"self":[{"href":"https:\/\/temucotelevision.cl\/web\/wp-json\/wp\/v2\/posts\/8134","targetHints":{"allow":["GET"]}}],"collection":[{"href":"https:\/\/temucotelevision.cl\/web\/wp-json\/wp\/v2\/posts"}],"about":[{"href":"https:\/\/temucotelevision.cl\/web\/wp-json\/wp\/v2\/types\/post"}],"author":[{"embeddable":true,"href":"https:\/\/temucotelevision.cl\/web\/wp-json\/wp\/v2\/users\/1"}],"replies":[{"embeddable":true,"href":"https:\/\/temucotelevision.cl\/web\/wp-json\/wp\/v2\/comments?post=8134"}],"version-history":[{"count":1,"href":"https:\/\/temucotelevision.cl\/web\/wp-json\/wp\/v2\/posts\/8134\/revisions"}],"predecessor-version":[{"id":8135,"href":"https:\/\/temucotelevision.cl\/web\/wp-json\/wp\/v2\/posts\/8134\/revisions\/8135"}],"wp:featuredmedia":[{"embeddable":true,"href":"https:\/\/temucotelevision.cl\/web\/wp-json\/wp\/v2\/media\/7728"}],"wp:attachment":[{"href":"https:\/\/temucotelevision.cl\/web\/wp-json\/wp\/v2\/media?parent=8134"}],"wp:term":[{"taxonomy":"category","embeddable":true,"href":"https:\/\/temucotelevision.cl\/web\/wp-json\/wp\/v2\/categories?post=8134"},{"taxonomy":"post_tag","embeddable":true,"href":"https:\/\/temucotelevision.cl\/web\/wp-json\/wp\/v2\/tags?post=8134"}],"curies":[{"name":"wp","href":"https:\/\/api.w.org\/{rel}","templated":true}]}}