{"id":8125,"date":"2020-01-28T17:44:57","date_gmt":"2020-01-28T20:44:57","guid":{"rendered":"https:\/\/temucotelevision.cl\/web\/?p=8125"},"modified":"2020-01-28T17:54:17","modified_gmt":"2020-01-28T20:54:17","slug":"peter-gabriel-dio-a-conocer-el-line-up-de-womad-chile-2020%ef%bb%bf","status":"publish","type":"post","link":"https:\/\/temucotelevision.cl\/web\/2020\/01\/28\/peter-gabriel-dio-a-conocer-el-line-up-de-womad-chile-2020%ef%bb%bf\/","title":{"rendered":"Peter Gabriel dio a conocer el line up de Womad Chile 2020\ufeff"},"content":{"rendered":"<div class=\"pvc_clear\"><\/div><p id=\"pvc_stats_8125\" class=\"pvc_stats total_only  \" data-element-id=\"8125\" style=\"\"><i class=\"pvc-stats-icon large\" aria-hidden=\"true\"><svg aria-hidden=\"true\" focusable=\"false\" data-prefix=\"far\" data-icon=\"chart-bar\" role=\"img\" xmlns=\"http:\/\/www.w3.org\/2000\/svg\" viewBox=\"0 0 512 512\" class=\"svg-inline--fa fa-chart-bar fa-w-16 fa-2x\"><path fill=\"currentColor\" d=\"M396.8 352h22.4c6.4 0 12.8-6.4 12.8-12.8V108.8c0-6.4-6.4-12.8-12.8-12.8h-22.4c-6.4 0-12.8 6.4-12.8 12.8v230.4c0 6.4 6.4 12.8 12.8 12.8zm-192 0h22.4c6.4 0 12.8-6.4 12.8-12.8V140.8c0-6.4-6.4-12.8-12.8-12.8h-22.4c-6.4 0-12.8 6.4-12.8 12.8v198.4c0 6.4 6.4 12.8 12.8 12.8zm96 0h22.4c6.4 0 12.8-6.4 12.8-12.8V204.8c0-6.4-6.4-12.8-12.8-12.8h-22.4c-6.4 0-12.8 6.4-12.8 12.8v134.4c0 6.4 6.4 12.8 12.8 12.8zM496 400H48V80c0-8.84-7.16-16-16-16H16C7.16 64 0 71.16 0 80v336c0 17.67 14.33 32 32 32h464c8.84 0 16-7.16 16-16v-16c0-8.84-7.16-16-16-16zm-387.2-48h22.4c6.4 0 12.8-6.4 12.8-12.8v-70.4c0-6.4-6.4-12.8-12.8-12.8h-22.4c-6.4 0-12.8 6.4-12.8 12.8v70.4c0 6.4 6.4 12.8 12.8 12.8z\" class=\"\"><\/path><\/svg><\/i> <img loading=\"lazy\" decoding=\"async\" width=\"16\" height=\"16\" alt=\"Loading\" src=\"https:\/\/temucotelevision.cl\/web\/wp-content\/plugins\/page-views-count\/ajax-loader-2x.gif\" border=0 \/><\/p><div class=\"pvc_clear\"><\/div>\n<p>Del 21 al 23 de febrero&nbsp;<\/p>\n\n\n\n<p><em>La sexta versi\u00f3n del Festival Womad en Chile trae de vuelta a los escenarios locales a Bersuit Vergarabat, adem\u00e1s de las feministas trasandinas F\u00e9mina. Junto a ellos, m\u00e1s de una treintena de bandas de los m\u00e1s diversos estilos y de lugares como Martinica, Jap\u00f3n, Portugal, Palestina, Uganda, Latinoam\u00e9rica y el pueblo mapuche.&nbsp;<\/em><br><\/p>\n\n\n\n<p><strong>Link al post en <a href=\"https:\/\/www.facebook.com\/watch\/?v=186479365932062\" target=\"_blank\" rel=\"noreferrer noopener\" aria-label=\"FB de Peter Gabriel (abrir en una nueva pesta\u00f1a)\">FB de Peter Gabriel<\/a><\/strong><br><\/p>\n\n\n\n<p>Ni m\u00e1s ni menos que Peter Gabriel anunci\u00f3 el line up del Festival Womad 2020 que por sexta vez se realiza en Chile, espec\u00edficamente en la Plaza La Paz de Recoleta.\u00a0<\/p>\n\n\n\n<blockquote class=\"twitter-tweet\"><p lang=\"en\" dir=\"ltr\">The 2020 line-up for <a href=\"https:\/\/twitter.com\/WomadChile?ref_src=twsrc%5Etfw\">@WomadChile<\/a> has just been announced! <br>The festival takes place in Plaza La Paz 21-23 February &#8211; our sixth in Recoleta! More news at <a href=\"https:\/\/t.co\/uAsmLX6oh6\">https:\/\/t.co\/uAsmLX6oh6<\/a><br>Thanks to <a href=\"https:\/\/twitter.com\/danieljadue?ref_src=twsrc%5Etfw\">@danieljadue<\/a> for all his help. <a href=\"https:\/\/t.co\/XByhZiYwRj\">pic.twitter.com\/XByhZiYwRj<\/a><\/p>&mdash; Peter Gabriel (@itspetergabriel) <a href=\"https:\/\/twitter.com\/itspetergabriel\/status\/1221843426829897730?ref_src=twsrc%5Etfw\">January 27, 2020<\/a><\/blockquote> <script async src=\"https:\/\/platform.twitter.com\/widgets.js\" charset=\"utf-8\"><\/script>\n\n\n\n<p>El line up 2020 de Womad est\u00e1 encabezado por la banda feminista argentina \u201cF\u00e9mina\u201d, una de las revelaciones del hip hop trasandino en Latinoam\u00e9rica. Junto a ellas, vuelve tambi\u00e9n a los escenarios locales los carnavaleros Bersuit Vergarabat y los salseros cubanos Manolito y su Trabuco que por primera vez tocan en Chile.&nbsp;<br><\/p>\n\n\n\n<p>El festival Womad Chile se realizar\u00e1 el viernes 21, s\u00e1bado 22 y domingo 23 de febrero y esta sexta edici\u00f3n tendr\u00e1 este a\u00f1o un cartel musical latino, una oferta multicultural de bandas y eventos paralelos relacionados con la situaci\u00f3n social del pa\u00eds.&nbsp;<br><\/p>\n\n\n\n<p>\u201cLos valores y principios de Womad en Chile y el mundo son fundacionales en torno a la promoci\u00f3n del respeto, la diversidad y la multiculturalidad. Para este festival no es nuevo ser parte de la transformaci\u00f3n social pero s\u00ed este a\u00f1o es imperativo profundizar y reiterar su compromiso\u201d cuenta Giorgio Varas, director de Womad Chile.&nbsp;<br><\/p>\n\n\n\n<p>La m\u00fasica chilena estar\u00e1 representada por Villa Cari\u00f1o e Illapu, junto al descubrimiento de bandas alejadas del mainstream pero con fuerte presencia en nichos y giras por el mundo &#8211; sello principal del Festival Womad. En esta l\u00ednea nos encontramos con La Br\u00edgida Orquesta, Madam &amp; Samurai Groove, Kalimarimba, entre otros. Los pueblos originarios estar\u00e1n entonados en los sonidos del rock e instrumentos mapuches de Colelo &#8211; Identidad Mapuche.&nbsp;<br><\/p>\n\n\n\n<p>Una de los descubrimientos de esta versi\u00f3n ser\u00e1 el d\u00fao palestino Zenobia, estandartes de un nuevo movimiento de m\u00fasica electr\u00f3nica surgido en Palestina y que tiene un confeso fan, el m\u00edtico Brian Eno. Por Europa, el tr\u00edo folk escoc\u00e9s Talisk traer\u00e1 una vez m\u00e1s a Chile un estilo \u00fanico que siempre sorprende en Womad con instrumentos ancestrales emanando sonidos rock y soul.&nbsp;<br><\/p>\n\n\n\n<p>Para el alcalde Daniel Jadue, &#8220;este festival representa la posibilidad nuevamente de reunir a diferentes pueblos en torno a la m\u00fasica. Womad es un espacio abierto a todas las personas que quieran disfrutar de un encuentro donde la integraci\u00f3n y el respeto son caracter\u00edsticos y que nos invita a descubrir el mundo en Recoleta&#8221;.<br><\/p>\n\n\n\n<p><strong>Actividades paralelas para toda la familia y los DJs de WOMAD Lounge<\/strong><br><\/p>\n\n\n\n<p>Para esta sexta edici\u00f3n se estrenar\u00e1 el WOMAD Lounge, una zona en la parte trasera de las columnatas de Plaza La Paz con restaurantes y nuevos stages electr\u00f3nicos entre sombras y aires frescos para disfrutar la casi veintena de DJs y m\u00fasicos electr\u00f3nicos que amenizar\u00e1n la tarde y cerrar\u00e1n cada jornada nocturna de Womad Chile a eso de las 1:00 am.&nbsp;<br><\/p>\n\n\n\n<p>A esto se suma las ya usuales actividades paralelas para toda la familia: talleres, workshops, charlas y exposiciones permiten vivir una experiencia completa en Plaza La Paz de Recoleta. Los talleres 2020 contar\u00e1n con un arraigue en la contingencia. Serigraf\u00eda del estallido social, construcci\u00f3n de juguetes populares, FroBrasil para danza feminista en resistencia son algunas de las actividades para todas las edades.&nbsp;<br><\/p>\n\n\n\n<p>Revisa toda la oferta de actividades y compra tus tickets en <a rel=\"noreferrer noopener\" href=\"http:\/\/www.womad.cl\/\" target=\"_blank\">www.womad.cl<\/a> Los valores son $5.000 para cada jornada y un abono de $12.000 para los tres d\u00edas. Vecinos y vecinas de Recoleta e Independencia tienen precio rebajado de $3.000 acreditando su domicilio en la entrada del festival. Ni\u00f1os y ni\u00f1as hasta 12 a\u00f1os junto a adultos mayores tienen acceso liberado.<\/p>\n\n\n\n<iframe loading=\"lazy\" width=\"560\" height=\"315\" src=\"https:\/\/www.youtube.com\/embed\/-5p5hcMsI7s\" frameborder=\"0\" allow=\"accelerometer; autoplay; encrypted-media; gyroscope; picture-in-picture\" allowfullscreen><\/iframe>\n","protected":false},"excerpt":{"rendered":"<div class=\"pvc_clear\"><\/div>\n<p id=\"pvc_stats_8125\" class=\"pvc_stats total_only  \" data-element-id=\"8125\" style=\"\"><i class=\"pvc-stats-icon large\" aria-hidden=\"true\"><svg aria-hidden=\"true\" focusable=\"false\" data-prefix=\"far\" data-icon=\"chart-bar\" role=\"img\" xmlns=\"http:\/\/www.w3.org\/2000\/svg\" viewBox=\"0 0 512 512\" class=\"svg-inline--fa fa-chart-bar fa-w-16 fa-2x\"><path fill=\"currentColor\" d=\"M396.8 352h22.4c6.4 0 12.8-6.4 12.8-12.8V108.8c0-6.4-6.4-12.8-12.8-12.8h-22.4c-6.4 0-12.8 6.4-12.8 12.8v230.4c0 6.4 6.4 12.8 12.8 12.8zm-192 0h22.4c6.4 0 12.8-6.4 12.8-12.8V140.8c0-6.4-6.4-12.8-12.8-12.8h-22.4c-6.4 0-12.8 6.4-12.8 12.8v198.4c0 6.4 6.4 12.8 12.8 12.8zm96 0h22.4c6.4 0 12.8-6.4 12.8-12.8V204.8c0-6.4-6.4-12.8-12.8-12.8h-22.4c-6.4 0-12.8 6.4-12.8 12.8v134.4c0 6.4 6.4 12.8 12.8 12.8zM496 400H48V80c0-8.84-7.16-16-16-16H16C7.16 64 0 71.16 0 80v336c0 17.67 14.33 32 32 32h464c8.84 0 16-7.16 16-16v-16c0-8.84-7.16-16-16-16zm-387.2-48h22.4c6.4 0 12.8-6.4 12.8-12.8v-70.4c0-6.4-6.4-12.8-12.8-12.8h-22.4c-6.4 0-12.8 6.4-12.8 12.8v70.4c0 6.4 6.4 12.8 12.8 12.8z\" class=\"\"><\/path><\/svg><\/i> <img loading=\"lazy\" decoding=\"async\" width=\"16\" height=\"16\" alt=\"Loading\" src=\"https:\/\/temucotelevision.cl\/web\/wp-content\/plugins\/page-views-count\/ajax-loader-2x.gif\" border=0 \/><\/p>\n<div class=\"pvc_clear\"><\/div>\n<p>Del 21 al 23 de febrero&nbsp; La sexta versi\u00f3n del Festival Womad en Chile trae de vuelta a los escenarios<\/p>\n","protected":false},"author":1,"featured_media":8126,"comment_status":"open","ping_status":"open","sticky":false,"template":"","format":"standard","meta":{"colormag_page_container_layout":"default_layout","colormag_page_sidebar_layout":"default_layout","footnotes":""},"categories":[86],"tags":[],"class_list":["post-8125","post","type-post","status-publish","format-standard","has-post-thumbnail","hentry","category-panoramas"],"a3_pvc":{"activated":true,"total_views":40,"today_views":0},"_links":{"self":[{"href":"https:\/\/temucotelevision.cl\/web\/wp-json\/wp\/v2\/posts\/8125","targetHints":{"allow":["GET"]}}],"collection":[{"href":"https:\/\/temucotelevision.cl\/web\/wp-json\/wp\/v2\/posts"}],"about":[{"href":"https:\/\/temucotelevision.cl\/web\/wp-json\/wp\/v2\/types\/post"}],"author":[{"embeddable":true,"href":"https:\/\/temucotelevision.cl\/web\/wp-json\/wp\/v2\/users\/1"}],"replies":[{"embeddable":true,"href":"https:\/\/temucotelevision.cl\/web\/wp-json\/wp\/v2\/comments?post=8125"}],"version-history":[{"count":2,"href":"https:\/\/temucotelevision.cl\/web\/wp-json\/wp\/v2\/posts\/8125\/revisions"}],"predecessor-version":[{"id":8128,"href":"https:\/\/temucotelevision.cl\/web\/wp-json\/wp\/v2\/posts\/8125\/revisions\/8128"}],"wp:featuredmedia":[{"embeddable":true,"href":"https:\/\/temucotelevision.cl\/web\/wp-json\/wp\/v2\/media\/8126"}],"wp:attachment":[{"href":"https:\/\/temucotelevision.cl\/web\/wp-json\/wp\/v2\/media?parent=8125"}],"wp:term":[{"taxonomy":"category","embeddable":true,"href":"https:\/\/temucotelevision.cl\/web\/wp-json\/wp\/v2\/categories?post=8125"},{"taxonomy":"post_tag","embeddable":true,"href":"https:\/\/temucotelevision.cl\/web\/wp-json\/wp\/v2\/tags?post=8125"}],"curies":[{"name":"wp","href":"https:\/\/api.w.org\/{rel}","templated":true}]}}