{"id":8121,"date":"2020-01-28T17:17:31","date_gmt":"2020-01-28T20:17:31","guid":{"rendered":"https:\/\/temucotelevision.cl\/web\/?p=8121"},"modified":"2020-01-28T17:17:34","modified_gmt":"2020-01-28T20:17:34","slug":"el-teatro-y-las-artes-se-toman-gorbea-durante-esta-semana-en-fitar-2020","status":"publish","type":"post","link":"https:\/\/temucotelevision.cl\/web\/2020\/01\/28\/el-teatro-y-las-artes-se-toman-gorbea-durante-esta-semana-en-fitar-2020\/","title":{"rendered":"El teatro y las artes se toman Gorbea durante esta semana en Fitar 2020"},"content":{"rendered":"<div class=\"pvc_clear\"><\/div><p id=\"pvc_stats_8121\" class=\"pvc_stats total_only  \" data-element-id=\"8121\" style=\"\"><i class=\"pvc-stats-icon large\" aria-hidden=\"true\"><svg aria-hidden=\"true\" focusable=\"false\" data-prefix=\"far\" data-icon=\"chart-bar\" role=\"img\" xmlns=\"http:\/\/www.w3.org\/2000\/svg\" viewBox=\"0 0 512 512\" class=\"svg-inline--fa fa-chart-bar fa-w-16 fa-2x\"><path fill=\"currentColor\" d=\"M396.8 352h22.4c6.4 0 12.8-6.4 12.8-12.8V108.8c0-6.4-6.4-12.8-12.8-12.8h-22.4c-6.4 0-12.8 6.4-12.8 12.8v230.4c0 6.4 6.4 12.8 12.8 12.8zm-192 0h22.4c6.4 0 12.8-6.4 12.8-12.8V140.8c0-6.4-6.4-12.8-12.8-12.8h-22.4c-6.4 0-12.8 6.4-12.8 12.8v198.4c0 6.4 6.4 12.8 12.8 12.8zm96 0h22.4c6.4 0 12.8-6.4 12.8-12.8V204.8c0-6.4-6.4-12.8-12.8-12.8h-22.4c-6.4 0-12.8 6.4-12.8 12.8v134.4c0 6.4 6.4 12.8 12.8 12.8zM496 400H48V80c0-8.84-7.16-16-16-16H16C7.16 64 0 71.16 0 80v336c0 17.67 14.33 32 32 32h464c8.84 0 16-7.16 16-16v-16c0-8.84-7.16-16-16-16zm-387.2-48h22.4c6.4 0 12.8-6.4 12.8-12.8v-70.4c0-6.4-6.4-12.8-12.8-12.8h-22.4c-6.4 0-12.8 6.4-12.8 12.8v70.4c0 6.4 6.4 12.8 12.8 12.8z\" class=\"\"><\/path><\/svg><\/i> <img loading=\"lazy\" decoding=\"async\" width=\"16\" height=\"16\" alt=\"Loading\" src=\"https:\/\/temucotelevision.cl\/web\/wp-content\/plugins\/page-views-count\/ajax-loader-2x.gif\" border=0 \/><\/p><div class=\"pvc_clear\"><\/div>\n<p>En su versi\u00f3n diecinueve, se est\u00e1 desarrollando el festival internacional del teatro y las artes en la ciudad de Gorbea, con compa\u00f1\u00edas nacionales e internacionales, que buscan promover la cultura en su m\u00e1xima expresi\u00f3n.<\/p>\n\n\n\n<p>M\u00e1s de 20 compa\u00f1\u00edas est\u00e1n dando vida al fitar este a\u00f1o 2020, destacando en su noche inaugural, al actor y comediante Sergio Dominguez, conocido como panqueque, quien particip\u00f3 en el Club de la comedia y los improvisadores, siendo este \u00faltimo programa parte de su obra presentada.<\/p>\n\n\n\n<p>El Alcalde de la comuna, Guido Siegmund, destac\u00f3 la trayectoria de este festival internacional y las buenas obras teatrales que se presentar\u00e1n, ya que se seleccionan para que sea un teatro a gusto familiar y agreg\u00f3: \u201cContento de poder realizarlo este a\u00f1o y adem\u00e1s este a\u00f1o con el apoyo de la seremia de las Culturas, Las Artes y el Patrimonio, esperamos que las otras obras sean similares a la inaugural porque realmente fue muy entretenido\u201d.<\/p>\n\n\n\n<p>\u201cEs una actividad al que le gusta el teatro se sentir\u00e1 contento, porque los artistas que vienen son de calidad e invitarlos hasta el viernes a disfrutar del fitar, que es con entrada gratuita en el gimnasio municipal de Gorbea\u201d enfatiz\u00f3 Siegmund.<\/p>\n\n\n\n<p>Por su parte el creador y director art\u00edstico de Fitar, Luis Figueroa, destaca al festival por ser abierto a toda la comunidad, no solo en teatro, si no que en todas sus expresiones art\u00edsticas ya que en la noche inaugural se present\u00f3 la orquesta municipal infanto juvenil, siendo ovacionada por el gimnasio lleno.<\/p>\n\n\n\n<p>\u201cTenemos teatro durante toda la semana, con matin\u00e9 al medio dia, en la tarde en el anfiteatro de la plaza de Gorbea se presentar\u00e1n obras y luego en el gimnasio municipal, adem\u00e1s habr\u00e1 teatro colombiano, teatro de Francia y finalizaremos la semana con un hito mundial en este momento, que es la compa\u00f1\u00eda \u201cLas Tesis\u201d. Coment\u00f3 Luis Figueroa.<\/p>\n\n\n\n<p>Cabe mencionar que este festival se desarrollar\u00e1 durante toda esta semana, hasta el viernes 31 de enero, con obras present\u00e1ndose todo el d\u00eda, empezando con una matin\u00e9 a las 12:00 horas en el gimnasio municipal, alrededor de las 19:30 horas se realiza en el anfiteatro de la plaza de Gorbea una intervenci\u00f3n, para culminar el dia en el gimnasio municipal de la ciudad del Salto Donguil.<\/p>\n\n\n\n<div class=\"wp-block-image\"><figure class=\"aligncenter\"><img loading=\"lazy\" decoding=\"async\" width=\"640\" height=\"960\" src=\"https:\/\/temucotelevision.cl\/web\/wp-content\/uploads\/2020\/01\/cartelera-fitar.jpg\" alt=\"\" class=\"wp-image-8123\"\/><\/figure><\/div>\n","protected":false},"excerpt":{"rendered":"<div class=\"pvc_clear\"><\/div>\n<p id=\"pvc_stats_8121\" class=\"pvc_stats total_only  \" data-element-id=\"8121\" style=\"\"><i class=\"pvc-stats-icon large\" aria-hidden=\"true\"><svg aria-hidden=\"true\" focusable=\"false\" data-prefix=\"far\" data-icon=\"chart-bar\" role=\"img\" xmlns=\"http:\/\/www.w3.org\/2000\/svg\" viewBox=\"0 0 512 512\" class=\"svg-inline--fa fa-chart-bar fa-w-16 fa-2x\"><path fill=\"currentColor\" d=\"M396.8 352h22.4c6.4 0 12.8-6.4 12.8-12.8V108.8c0-6.4-6.4-12.8-12.8-12.8h-22.4c-6.4 0-12.8 6.4-12.8 12.8v230.4c0 6.4 6.4 12.8 12.8 12.8zm-192 0h22.4c6.4 0 12.8-6.4 12.8-12.8V140.8c0-6.4-6.4-12.8-12.8-12.8h-22.4c-6.4 0-12.8 6.4-12.8 12.8v198.4c0 6.4 6.4 12.8 12.8 12.8zm96 0h22.4c6.4 0 12.8-6.4 12.8-12.8V204.8c0-6.4-6.4-12.8-12.8-12.8h-22.4c-6.4 0-12.8 6.4-12.8 12.8v134.4c0 6.4 6.4 12.8 12.8 12.8zM496 400H48V80c0-8.84-7.16-16-16-16H16C7.16 64 0 71.16 0 80v336c0 17.67 14.33 32 32 32h464c8.84 0 16-7.16 16-16v-16c0-8.84-7.16-16-16-16zm-387.2-48h22.4c6.4 0 12.8-6.4 12.8-12.8v-70.4c0-6.4-6.4-12.8-12.8-12.8h-22.4c-6.4 0-12.8 6.4-12.8 12.8v70.4c0 6.4 6.4 12.8 12.8 12.8z\" class=\"\"><\/path><\/svg><\/i> <img loading=\"lazy\" decoding=\"async\" width=\"16\" height=\"16\" alt=\"Loading\" src=\"https:\/\/temucotelevision.cl\/web\/wp-content\/plugins\/page-views-count\/ajax-loader-2x.gif\" border=0 \/><\/p>\n<div class=\"pvc_clear\"><\/div>\n<p>En su versi\u00f3n diecinueve, se est\u00e1 desarrollando el festival internacional del teatro y las artes en la ciudad de Gorbea,<\/p>\n","protected":false},"author":1,"featured_media":8122,"comment_status":"open","ping_status":"open","sticky":false,"template":"","format":"standard","meta":{"colormag_page_container_layout":"default_layout","colormag_page_sidebar_layout":"default_layout","footnotes":""},"categories":[86],"tags":[283],"class_list":["post-8121","post","type-post","status-publish","format-standard","has-post-thumbnail","hentry","category-panoramas","tag-teatro"],"a3_pvc":{"activated":true,"total_views":39,"today_views":1},"_links":{"self":[{"href":"https:\/\/temucotelevision.cl\/web\/wp-json\/wp\/v2\/posts\/8121","targetHints":{"allow":["GET"]}}],"collection":[{"href":"https:\/\/temucotelevision.cl\/web\/wp-json\/wp\/v2\/posts"}],"about":[{"href":"https:\/\/temucotelevision.cl\/web\/wp-json\/wp\/v2\/types\/post"}],"author":[{"embeddable":true,"href":"https:\/\/temucotelevision.cl\/web\/wp-json\/wp\/v2\/users\/1"}],"replies":[{"embeddable":true,"href":"https:\/\/temucotelevision.cl\/web\/wp-json\/wp\/v2\/comments?post=8121"}],"version-history":[{"count":1,"href":"https:\/\/temucotelevision.cl\/web\/wp-json\/wp\/v2\/posts\/8121\/revisions"}],"predecessor-version":[{"id":8124,"href":"https:\/\/temucotelevision.cl\/web\/wp-json\/wp\/v2\/posts\/8121\/revisions\/8124"}],"wp:featuredmedia":[{"embeddable":true,"href":"https:\/\/temucotelevision.cl\/web\/wp-json\/wp\/v2\/media\/8122"}],"wp:attachment":[{"href":"https:\/\/temucotelevision.cl\/web\/wp-json\/wp\/v2\/media?parent=8121"}],"wp:term":[{"taxonomy":"category","embeddable":true,"href":"https:\/\/temucotelevision.cl\/web\/wp-json\/wp\/v2\/categories?post=8121"},{"taxonomy":"post_tag","embeddable":true,"href":"https:\/\/temucotelevision.cl\/web\/wp-json\/wp\/v2\/tags?post=8121"}],"curies":[{"name":"wp","href":"https:\/\/api.w.org\/{rel}","templated":true}]}}