{"id":8118,"date":"2020-01-28T16:52:21","date_gmt":"2020-01-28T19:52:21","guid":{"rendered":"https:\/\/temucotelevision.cl\/web\/?p=8118"},"modified":"2020-01-28T16:52:23","modified_gmt":"2020-01-28T19:52:23","slug":"ministro-walker-presenta-querella-contra-responsables-de-iniciar-incendios-forestales-no-podemos-permitir-este-nivel-de-intencionalidad%ef%bb%bf","status":"publish","type":"post","link":"https:\/\/temucotelevision.cl\/web\/2020\/01\/28\/ministro-walker-presenta-querella-contra-responsables-de-iniciar-incendios-forestales-no-podemos-permitir-este-nivel-de-intencionalidad%ef%bb%bf\/","title":{"rendered":"Ministro Walker presenta querella contra responsables de iniciar incendios forestales: \u201cNo podemos permitir este nivel de intencionalidad\u201d\ufeff"},"content":{"rendered":"<div class=\"pvc_clear\"><\/div><p id=\"pvc_stats_8118\" class=\"pvc_stats total_only  \" data-element-id=\"8118\" style=\"\"><i class=\"pvc-stats-icon large\" aria-hidden=\"true\"><svg aria-hidden=\"true\" focusable=\"false\" data-prefix=\"far\" data-icon=\"chart-bar\" role=\"img\" xmlns=\"http:\/\/www.w3.org\/2000\/svg\" viewBox=\"0 0 512 512\" class=\"svg-inline--fa fa-chart-bar fa-w-16 fa-2x\"><path fill=\"currentColor\" d=\"M396.8 352h22.4c6.4 0 12.8-6.4 12.8-12.8V108.8c0-6.4-6.4-12.8-12.8-12.8h-22.4c-6.4 0-12.8 6.4-12.8 12.8v230.4c0 6.4 6.4 12.8 12.8 12.8zm-192 0h22.4c6.4 0 12.8-6.4 12.8-12.8V140.8c0-6.4-6.4-12.8-12.8-12.8h-22.4c-6.4 0-12.8 6.4-12.8 12.8v198.4c0 6.4 6.4 12.8 12.8 12.8zm96 0h22.4c6.4 0 12.8-6.4 12.8-12.8V204.8c0-6.4-6.4-12.8-12.8-12.8h-22.4c-6.4 0-12.8 6.4-12.8 12.8v134.4c0 6.4 6.4 12.8 12.8 12.8zM496 400H48V80c0-8.84-7.16-16-16-16H16C7.16 64 0 71.16 0 80v336c0 17.67 14.33 32 32 32h464c8.84 0 16-7.16 16-16v-16c0-8.84-7.16-16-16-16zm-387.2-48h22.4c6.4 0 12.8-6.4 12.8-12.8v-70.4c0-6.4-6.4-12.8-12.8-12.8h-22.4c-6.4 0-12.8 6.4-12.8 12.8v70.4c0 6.4 6.4 12.8 12.8 12.8z\" class=\"\"><\/path><\/svg><\/i> <img loading=\"lazy\" decoding=\"async\" width=\"16\" height=\"16\" alt=\"Loading\" src=\"https:\/\/temucotelevision.cl\/web\/wp-content\/plugins\/page-views-count\/ajax-loader-2x.gif\" border=0 \/><\/p><div class=\"pvc_clear\"><\/div>\n<p>El titular de Agricultura destac\u00f3 que la intencionalidad ha subido en un 65% e hizo un llamado a denunciar aquellas conductas sospechosas alertando a las autoridades competentes.&nbsp;<\/p>\n\n\n\n<p>Esta ma\u00f1ana el Ministro Antonio Walker lleg\u00f3 hasta el Juzgado de Garant\u00eda Chiguayante junto al Intendente Sergio Giacaman; y los alcaldes Jos\u00e9 Antonio Rivas de Chiguayante; Ricardo Fuentes, alcalde de Hualqui; y \u00c1ngel Castro, alcalde de Santa Juana, para presentar una querella contra los eventuales responsables de los violentos incendios forestales en la Regi\u00f3n del Biob\u00edo.<\/p>\n\n\n\n<p>\u201cHemos visto un aumento de la intencionalidad muy importante, 99% de los incendios los ocasiona el hombre. Muchos de ellos son por descuido e hist\u00f3ricamente el 30% de los incendios son causados intencionalmente y en la Regi\u00f3n del Biob\u00edo hemos visto que la intencionalidad ha subido en un 65%. Por eso, hoy quise acompa\u00f1ar al intendente de la regi\u00f3n, a los alcaldes de la regi\u00f3n que con distintos colores pol\u00edticos cada uno abandona su trinchera pol\u00edtica y nos hacemos cargo de un tema pa\u00eds, de un tema de Estado.&nbsp;<strong>Nos hacemos cargo de un tema de la regi\u00f3n. No podemos permitir este nivel de intencionalidad de los incendios forestales.<\/strong>&nbsp;Hay que hacer valer todo el rigor de la ley para los que quieran causar incendios intencionalmente\u201d, se\u00f1al\u00f3 el Ministro Walker tras firmar la querella.&nbsp;<\/p>\n\n\n\n<p>Adem\u00e1s, las autoridades hicieron un llamado a la ciudadan\u00eda a denunciar actos intencionales de incendios y tambi\u00e9n a llamar a las instituciones competentes cuando vean una fumarola. En ese sentido, la recomendaci\u00f3n es llamar al 130 de Conaf para activar la estrategia de combate.<\/p>\n\n\n\n<p><strong>Nueva aeronave se suma al monitoreo de incendios forestales<\/strong><\/p>\n\n\n\n<p>A primera hora de esta ma\u00f1ana, el ministro Antonio Walker presidi\u00f3 el Comit\u00e9 Operativo de Emergencia (COE) en la regi\u00f3n del Biob\u00edo para realizar un balance de los incendios forestales que afectan la zona.<\/p>\n\n\n\n<p>\u201cLa Regi\u00f3n del Biob\u00edo ha sido fuertemente afectada por los incendios. Ya tenemos 8.500 hect\u00e1reas afectadas en la regi\u00f3n y m\u00e1s de 1.170 incendios. Por eso, estamos muy ocupados y preocupados por la regi\u00f3n. Quiero aprovechar esta oportunidad para hacer un llamado a la comunidad a prevenir los incendios. Cualquier persona que vea una fumarola o que vea a alguien que quiere causar un incendio en forma intencional llamar al 130. El golpe \u00fanico es clave, mientras antes llegamos al incendio, antes lo vamos a controlar y la prevenci\u00f3n es muy importante\u201d, afirm\u00f3 el titular de la cartera.<\/p>\n\n\n\n<p>Durante la reuni\u00f3n, que cont\u00f3 tambi\u00e9n con la participaci\u00f3n del Intendente Sergio Giacaman; el Gobernador (s) de Concepci\u00f3n, Francisco Lagos y el Director Nacional de Conaf, Jos\u00e9 Manuel Rebolledo, el Ministro Walker confirm\u00f3 que llegar\u00e1 un Avi\u00f3n no tripulado UAV de la Fach, Hermes 9000 para monitorear los incendios de la regi\u00f3n y asegur\u00f3 que \u201ceste es un avi\u00f3n clave en la estrategia de combate del fuego porque detecta en muy pocos segundos cualquier inmisi\u00f3n que tengamos en cualquier parte de la regi\u00f3n. Ha sido un aporte del Ministro Alberto Espina, Ministro de Defensa, nosotros lo hemos solicitado y \u00e9l en forma \u00e1gil y expedita nos ha dicho que estar\u00e1 disponible ma\u00f1ana\u201d.&nbsp;<\/p>\n\n\n\n<p>Adem\u00e1s, el ministro Antonio Walker agreg\u00f3 que es \u201cun gran instrumento para reconocer y detectar los incendios. Se va a incorporar a las 17 aeronaves que est\u00e1n trabajando y a los tres helic\u00f3pteros pesados que est\u00e1n trabajando en la regi\u00f3n. Creemos que este avi\u00f3n de la Fach ser\u00e1 una gran contribuci\u00f3n a la prevenci\u00f3n de los incendios para los pr\u00f3ximos d\u00edas en que las temperaturas ser\u00e1n muy altas\u201d.<\/p>\n\n\n\n<p>Las comunas de los \u00c1ngeles, Hualqui, Chiguayante y Santa Juana, se mantienen en alerta roja producto de los incendios que son combatidos por tierra y aire. Durante su visita en la regi\u00f3n, el ministro Antonio Walker visit\u00f3 el puesto de comando en Chiguayante para seguir monitoreando el avance en el combate contra los incendios forestales.<\/p>\n","protected":false},"excerpt":{"rendered":"<div class=\"pvc_clear\"><\/div>\n<p id=\"pvc_stats_8118\" class=\"pvc_stats total_only  \" data-element-id=\"8118\" style=\"\"><i class=\"pvc-stats-icon large\" aria-hidden=\"true\"><svg aria-hidden=\"true\" focusable=\"false\" data-prefix=\"far\" data-icon=\"chart-bar\" role=\"img\" xmlns=\"http:\/\/www.w3.org\/2000\/svg\" viewBox=\"0 0 512 512\" class=\"svg-inline--fa fa-chart-bar fa-w-16 fa-2x\"><path fill=\"currentColor\" d=\"M396.8 352h22.4c6.4 0 12.8-6.4 12.8-12.8V108.8c0-6.4-6.4-12.8-12.8-12.8h-22.4c-6.4 0-12.8 6.4-12.8 12.8v230.4c0 6.4 6.4 12.8 12.8 12.8zm-192 0h22.4c6.4 0 12.8-6.4 12.8-12.8V140.8c0-6.4-6.4-12.8-12.8-12.8h-22.4c-6.4 0-12.8 6.4-12.8 12.8v198.4c0 6.4 6.4 12.8 12.8 12.8zm96 0h22.4c6.4 0 12.8-6.4 12.8-12.8V204.8c0-6.4-6.4-12.8-12.8-12.8h-22.4c-6.4 0-12.8 6.4-12.8 12.8v134.4c0 6.4 6.4 12.8 12.8 12.8zM496 400H48V80c0-8.84-7.16-16-16-16H16C7.16 64 0 71.16 0 80v336c0 17.67 14.33 32 32 32h464c8.84 0 16-7.16 16-16v-16c0-8.84-7.16-16-16-16zm-387.2-48h22.4c6.4 0 12.8-6.4 12.8-12.8v-70.4c0-6.4-6.4-12.8-12.8-12.8h-22.4c-6.4 0-12.8 6.4-12.8 12.8v70.4c0 6.4 6.4 12.8 12.8 12.8z\" class=\"\"><\/path><\/svg><\/i> <img loading=\"lazy\" decoding=\"async\" width=\"16\" height=\"16\" alt=\"Loading\" src=\"https:\/\/temucotelevision.cl\/web\/wp-content\/plugins\/page-views-count\/ajax-loader-2x.gif\" border=0 \/><\/p>\n<div class=\"pvc_clear\"><\/div>\n<p>El titular de Agricultura destac\u00f3 que la intencionalidad ha subido en un 65% e hizo un llamado a denunciar aquellas<\/p>\n","protected":false},"author":1,"featured_media":8119,"comment_status":"open","ping_status":"open","sticky":false,"template":"","format":"standard","meta":{"colormag_page_container_layout":"default_layout","colormag_page_sidebar_layout":"default_layout","footnotes":""},"categories":[101],"tags":[266],"class_list":["post-8118","post","type-post","status-publish","format-standard","has-post-thumbnail","hentry","category-actualidad","tag-incendios"],"a3_pvc":{"activated":true,"total_views":25,"today_views":0},"_links":{"self":[{"href":"https:\/\/temucotelevision.cl\/web\/wp-json\/wp\/v2\/posts\/8118","targetHints":{"allow":["GET"]}}],"collection":[{"href":"https:\/\/temucotelevision.cl\/web\/wp-json\/wp\/v2\/posts"}],"about":[{"href":"https:\/\/temucotelevision.cl\/web\/wp-json\/wp\/v2\/types\/post"}],"author":[{"embeddable":true,"href":"https:\/\/temucotelevision.cl\/web\/wp-json\/wp\/v2\/users\/1"}],"replies":[{"embeddable":true,"href":"https:\/\/temucotelevision.cl\/web\/wp-json\/wp\/v2\/comments?post=8118"}],"version-history":[{"count":1,"href":"https:\/\/temucotelevision.cl\/web\/wp-json\/wp\/v2\/posts\/8118\/revisions"}],"predecessor-version":[{"id":8120,"href":"https:\/\/temucotelevision.cl\/web\/wp-json\/wp\/v2\/posts\/8118\/revisions\/8120"}],"wp:featuredmedia":[{"embeddable":true,"href":"https:\/\/temucotelevision.cl\/web\/wp-json\/wp\/v2\/media\/8119"}],"wp:attachment":[{"href":"https:\/\/temucotelevision.cl\/web\/wp-json\/wp\/v2\/media?parent=8118"}],"wp:term":[{"taxonomy":"category","embeddable":true,"href":"https:\/\/temucotelevision.cl\/web\/wp-json\/wp\/v2\/categories?post=8118"},{"taxonomy":"post_tag","embeddable":true,"href":"https:\/\/temucotelevision.cl\/web\/wp-json\/wp\/v2\/tags?post=8118"}],"curies":[{"name":"wp","href":"https:\/\/api.w.org\/{rel}","templated":true}]}}