{"id":8115,"date":"2020-01-27T21:40:02","date_gmt":"2020-01-28T00:40:02","guid":{"rendered":"https:\/\/temucotelevision.cl\/web\/?p=8115"},"modified":"2020-01-27T21:40:03","modified_gmt":"2020-01-28T00:40:03","slug":"lumaco-invita-a-los-amantes-de-la-fotografia-a-participar-de-safari-fotografico","status":"publish","type":"post","link":"https:\/\/temucotelevision.cl\/web\/2020\/01\/27\/lumaco-invita-a-los-amantes-de-la-fotografia-a-participar-de-safari-fotografico\/","title":{"rendered":"Lumaco invita a los amantes de la fotograf\u00eda a participar de &#8220;Safari Fotogr\u00e1fico&#8221;"},"content":{"rendered":"<div class=\"pvc_clear\"><\/div><p id=\"pvc_stats_8115\" class=\"pvc_stats total_only  \" data-element-id=\"8115\" style=\"\"><i class=\"pvc-stats-icon large\" aria-hidden=\"true\"><svg aria-hidden=\"true\" focusable=\"false\" data-prefix=\"far\" data-icon=\"chart-bar\" role=\"img\" xmlns=\"http:\/\/www.w3.org\/2000\/svg\" viewBox=\"0 0 512 512\" class=\"svg-inline--fa fa-chart-bar fa-w-16 fa-2x\"><path fill=\"currentColor\" d=\"M396.8 352h22.4c6.4 0 12.8-6.4 12.8-12.8V108.8c0-6.4-6.4-12.8-12.8-12.8h-22.4c-6.4 0-12.8 6.4-12.8 12.8v230.4c0 6.4 6.4 12.8 12.8 12.8zm-192 0h22.4c6.4 0 12.8-6.4 12.8-12.8V140.8c0-6.4-6.4-12.8-12.8-12.8h-22.4c-6.4 0-12.8 6.4-12.8 12.8v198.4c0 6.4 6.4 12.8 12.8 12.8zm96 0h22.4c6.4 0 12.8-6.4 12.8-12.8V204.8c0-6.4-6.4-12.8-12.8-12.8h-22.4c-6.4 0-12.8 6.4-12.8 12.8v134.4c0 6.4 6.4 12.8 12.8 12.8zM496 400H48V80c0-8.84-7.16-16-16-16H16C7.16 64 0 71.16 0 80v336c0 17.67 14.33 32 32 32h464c8.84 0 16-7.16 16-16v-16c0-8.84-7.16-16-16-16zm-387.2-48h22.4c6.4 0 12.8-6.4 12.8-12.8v-70.4c0-6.4-6.4-12.8-12.8-12.8h-22.4c-6.4 0-12.8 6.4-12.8 12.8v70.4c0 6.4 6.4 12.8 12.8 12.8z\" class=\"\"><\/path><\/svg><\/i> <img loading=\"lazy\" decoding=\"async\" width=\"16\" height=\"16\" alt=\"Loading\" src=\"https:\/\/temucotelevision.cl\/web\/wp-content\/plugins\/page-views-count\/ajax-loader-2x.gif\" border=0 \/><\/p><div class=\"pvc_clear\"><\/div>\n<p><em>La actividad se enmarca en la reminiscencia de la Batalla de Kuralaba que por tercer a\u00f1o consecutivo se realizar\u00e1 en la comuna.<\/em><\/p>\n\n\n\n<p>La municipalidad de Lumaco realizar\u00e1 este 7 y 8 de febrero, por tercer a\u00f1o consecutivo la reminiscencia de la \u00e9pica Batalla de Kuralaba, un hecho que marc\u00f3 la Historia en la conquista de Chile. En esta oportunidad, el municipio ha dise\u00f1ado un atractivo Safari Fotogr\u00e1fico que tiene como objetivo convocar a 7 fot\u00f3grafos o amantes de la fotograf\u00eda para que participen durante 2 d\u00edas de esta atractiva experiencia que les permitir\u00e1 capturar a trav\u00e9s de sus lentes las bellezas de la comuna.<\/p>\n\n\n\n<p>La actividad est\u00e1 a cargo de la unidad de comunicaciones del municipio y seg\u00fan se\u00f1al\u00f3 el alcalde de la Comuna de Lumaco busca entregar la oportunidad de retratar los principales atractivos de la comuna y en entregar una experiencia \u00fanica a los participantes: \u201c<em>el objetivo principal del Safari Fotogr\u00e1fico es intercambiar experiencias fotogr\u00e1ficas, que los participantes puedan registrar la recreaci\u00f3n de la Batalla de Kuralaba 1598, y adem\u00e1s promover sectores tur\u00edsticos y patrimoniales de la comuna<\/em>\u201d indic\u00f3 el alcalde Manuel Painiqueo.<\/p>\n\n\n\n<p>Dentro de los principales requisitos para postular&nbsp;&nbsp;y poder participar de este Safari Fotogr\u00e1fico, destaca el ser mayor de 18 a\u00f1os. No es requisito ser profesional de la fotograf\u00eda, pero s\u00ed es una de las consideraciones para la selecci\u00f3n el contar con una muestra de fotograf\u00edas en su red social.&nbsp;<\/p>\n\n\n\n<p>Las bases para postular a la actividad se encuentran disponibles en la p\u00e1gina web del municipio&nbsp;<a href=\"http:\/\/www.munilumaco.cl\/\">www.munilumaco.cl<\/a><\/p>\n","protected":false},"excerpt":{"rendered":"<div class=\"pvc_clear\"><\/div>\n<p id=\"pvc_stats_8115\" class=\"pvc_stats total_only  \" data-element-id=\"8115\" style=\"\"><i class=\"pvc-stats-icon large\" aria-hidden=\"true\"><svg aria-hidden=\"true\" focusable=\"false\" data-prefix=\"far\" data-icon=\"chart-bar\" role=\"img\" xmlns=\"http:\/\/www.w3.org\/2000\/svg\" viewBox=\"0 0 512 512\" class=\"svg-inline--fa fa-chart-bar fa-w-16 fa-2x\"><path fill=\"currentColor\" d=\"M396.8 352h22.4c6.4 0 12.8-6.4 12.8-12.8V108.8c0-6.4-6.4-12.8-12.8-12.8h-22.4c-6.4 0-12.8 6.4-12.8 12.8v230.4c0 6.4 6.4 12.8 12.8 12.8zm-192 0h22.4c6.4 0 12.8-6.4 12.8-12.8V140.8c0-6.4-6.4-12.8-12.8-12.8h-22.4c-6.4 0-12.8 6.4-12.8 12.8v198.4c0 6.4 6.4 12.8 12.8 12.8zm96 0h22.4c6.4 0 12.8-6.4 12.8-12.8V204.8c0-6.4-6.4-12.8-12.8-12.8h-22.4c-6.4 0-12.8 6.4-12.8 12.8v134.4c0 6.4 6.4 12.8 12.8 12.8zM496 400H48V80c0-8.84-7.16-16-16-16H16C7.16 64 0 71.16 0 80v336c0 17.67 14.33 32 32 32h464c8.84 0 16-7.16 16-16v-16c0-8.84-7.16-16-16-16zm-387.2-48h22.4c6.4 0 12.8-6.4 12.8-12.8v-70.4c0-6.4-6.4-12.8-12.8-12.8h-22.4c-6.4 0-12.8 6.4-12.8 12.8v70.4c0 6.4 6.4 12.8 12.8 12.8z\" class=\"\"><\/path><\/svg><\/i> <img loading=\"lazy\" decoding=\"async\" width=\"16\" height=\"16\" alt=\"Loading\" src=\"https:\/\/temucotelevision.cl\/web\/wp-content\/plugins\/page-views-count\/ajax-loader-2x.gif\" border=0 \/><\/p>\n<div class=\"pvc_clear\"><\/div>\n<p>La actividad se enmarca en la reminiscencia de la Batalla de Kuralaba que por tercer a\u00f1o consecutivo se realizar\u00e1 en<\/p>\n","protected":false},"author":1,"featured_media":8116,"comment_status":"open","ping_status":"open","sticky":false,"template":"","format":"standard","meta":{"colormag_page_container_layout":"default_layout","colormag_page_sidebar_layout":"default_layout","footnotes":""},"categories":[86],"tags":[123,2188],"class_list":["post-8115","post","type-post","status-publish","format-standard","has-post-thumbnail","hentry","category-panoramas","tag-lumaco","tag-safari"],"a3_pvc":{"activated":true,"total_views":23,"today_views":0},"_links":{"self":[{"href":"https:\/\/temucotelevision.cl\/web\/wp-json\/wp\/v2\/posts\/8115","targetHints":{"allow":["GET"]}}],"collection":[{"href":"https:\/\/temucotelevision.cl\/web\/wp-json\/wp\/v2\/posts"}],"about":[{"href":"https:\/\/temucotelevision.cl\/web\/wp-json\/wp\/v2\/types\/post"}],"author":[{"embeddable":true,"href":"https:\/\/temucotelevision.cl\/web\/wp-json\/wp\/v2\/users\/1"}],"replies":[{"embeddable":true,"href":"https:\/\/temucotelevision.cl\/web\/wp-json\/wp\/v2\/comments?post=8115"}],"version-history":[{"count":1,"href":"https:\/\/temucotelevision.cl\/web\/wp-json\/wp\/v2\/posts\/8115\/revisions"}],"predecessor-version":[{"id":8117,"href":"https:\/\/temucotelevision.cl\/web\/wp-json\/wp\/v2\/posts\/8115\/revisions\/8117"}],"wp:featuredmedia":[{"embeddable":true,"href":"https:\/\/temucotelevision.cl\/web\/wp-json\/wp\/v2\/media\/8116"}],"wp:attachment":[{"href":"https:\/\/temucotelevision.cl\/web\/wp-json\/wp\/v2\/media?parent=8115"}],"wp:term":[{"taxonomy":"category","embeddable":true,"href":"https:\/\/temucotelevision.cl\/web\/wp-json\/wp\/v2\/categories?post=8115"},{"taxonomy":"post_tag","embeddable":true,"href":"https:\/\/temucotelevision.cl\/web\/wp-json\/wp\/v2\/tags?post=8115"}],"curies":[{"name":"wp","href":"https:\/\/api.w.org\/{rel}","templated":true}]}}