{"id":8094,"date":"2020-01-26T13:19:03","date_gmt":"2020-01-26T16:19:03","guid":{"rendered":"https:\/\/temucotelevision.cl\/web\/?p=8094"},"modified":"2020-01-26T13:19:05","modified_gmt":"2020-01-26T16:19:05","slug":"con-invitados-estelares-temuco-celebrara-su-tercer-purrun","status":"publish","type":"post","link":"https:\/\/temucotelevision.cl\/web\/2020\/01\/26\/con-invitados-estelares-temuco-celebrara-su-tercer-purrun\/","title":{"rendered":"Con invitados estelares Temuco celebrar\u00e1 su tercer Purr\u00fan"},"content":{"rendered":"<div class=\"pvc_clear\"><\/div><p id=\"pvc_stats_8094\" class=\"pvc_stats total_only  \" data-element-id=\"8094\" style=\"\"><i class=\"pvc-stats-icon large\" aria-hidden=\"true\"><svg aria-hidden=\"true\" focusable=\"false\" data-prefix=\"far\" data-icon=\"chart-bar\" role=\"img\" xmlns=\"http:\/\/www.w3.org\/2000\/svg\" viewBox=\"0 0 512 512\" class=\"svg-inline--fa fa-chart-bar fa-w-16 fa-2x\"><path fill=\"currentColor\" d=\"M396.8 352h22.4c6.4 0 12.8-6.4 12.8-12.8V108.8c0-6.4-6.4-12.8-12.8-12.8h-22.4c-6.4 0-12.8 6.4-12.8 12.8v230.4c0 6.4 6.4 12.8 12.8 12.8zm-192 0h22.4c6.4 0 12.8-6.4 12.8-12.8V140.8c0-6.4-6.4-12.8-12.8-12.8h-22.4c-6.4 0-12.8 6.4-12.8 12.8v198.4c0 6.4 6.4 12.8 12.8 12.8zm96 0h22.4c6.4 0 12.8-6.4 12.8-12.8V204.8c0-6.4-6.4-12.8-12.8-12.8h-22.4c-6.4 0-12.8 6.4-12.8 12.8v134.4c0 6.4 6.4 12.8 12.8 12.8zM496 400H48V80c0-8.84-7.16-16-16-16H16C7.16 64 0 71.16 0 80v336c0 17.67 14.33 32 32 32h464c8.84 0 16-7.16 16-16v-16c0-8.84-7.16-16-16-16zm-387.2-48h22.4c6.4 0 12.8-6.4 12.8-12.8v-70.4c0-6.4-6.4-12.8-12.8-12.8h-22.4c-6.4 0-12.8 6.4-12.8 12.8v70.4c0 6.4 6.4 12.8 12.8 12.8z\" class=\"\"><\/path><\/svg><\/i> <img loading=\"lazy\" decoding=\"async\" width=\"16\" height=\"16\" alt=\"Loading\" src=\"https:\/\/temucotelevision.cl\/web\/wp-content\/plugins\/page-views-count\/ajax-loader-2x.gif\" border=0 \/><\/p><div class=\"pvc_clear\"><\/div>\n<p><em>Purr\u00fan es el Festival Internacional de Danzas Folcl\u00f3ricas Temuco, que en su tercera versi\u00f3n tendr\u00e1 como sede principal al Teatro Municipal<\/em><\/p>\n\n\n\n<p>La cultura de cuatro pa\u00edses se dar\u00e1 cita en la capital de La Araucan\u00eda para dar vida a la tercera versi\u00f3n del Festival Internacional de Danzas Folcl\u00f3ricas de Temuco, denominado Purr\u00fan, danzas al sur del mundo. El evento que reunir\u00e1 a m\u00e1s de cien bailarines en la capital de La Araucan\u00eda, se realizar\u00e1 el pr\u00f3ximo lunes 27 de enero, en una doble jornada que recibir\u00e1 a elencos de Chile, Colombia, Eslovenia y Per\u00fa.<\/p>\n\n\n\n<p>Esta actividad, que se viene desarrollando desde 2018, se ha instalado como una oferta cultural para el verano en Temuco, ofreciendo un espacio de encuentro fraterno donde se representa el patrimonio y la diversidad de distintos escenarios del mundo. Festival que en sus versiones anteriores ha sorprendido al p\u00fablico local por la belleza y colorido de las danzas y la calidad art\u00edstica de las delegaciones.&nbsp;<\/p>\n\n\n\n<p>Purr\u00fan, danzas al sur del mundo, es una apuesta de la Municipalidad y la Corporaci\u00f3n Cultural de Temuco, organismos que han aunado sus esfuerzos para ofrecer un interesante panorama para disfrutar de las vacaciones y como un adelanto del 139\u00b0 aniversario de la ciudad. Informaci\u00f3n que fue confirmada desde la gerencia de la Corporaci\u00f3n Cultural, por Patricia Betancourt, quien adem\u00e1s valor\u00f3 esta instancia como un gran desaf\u00edo para la producci\u00f3n local, evento que debi\u00f3 enfrentar muchas dificultades y que regresa con una versi\u00f3n abreviada en 2020.&nbsp;<\/p>\n\n\n\n<p>\u201cNosotros nos sentimos muy contentos de poder continuar con la tradici\u00f3n de Purr\u00fan, en especial cuando este evento cuenta con el apoyo transversal de las autoridades y la comunidad. Nuestro agradecimiento al Alcalde y al Concejo Municipal de Temuco, por su voluntad y compromiso con la cultura y por mantener vigente este Festival\u201d, expres\u00f3 Betancourt&nbsp;<\/p>\n\n\n\n<p>Desde su origen, Purr\u00fan ha buscado transcender m\u00e1s all\u00e1 de la regi\u00f3n, llevando el nombre de Temuco y La Araucan\u00eda a diferentes latitudes del mundo. Por ello, ha sido fundamental la alianza estrat\u00e9gica con el CIOFF, Consejo Internacional de Organizaciones de Festivales de Folklore y de las Artes Tradicionales, colaborador oficial de UNESCO, quien ha otorgado su apoyo y patrocinio internacional al evento de Temuco.<\/p>\n\n\n\n<p>De acuerdo a lo se\u00f1alado por Marcelo Alvarado, director general de BAFOTE y gestor de este encuentro, la tercera versi\u00f3n de Purr\u00fan traer\u00e1 grandes sorpresas para la comunidad, gracias a una convocatoria que ha reunido a elencos de dilatada trayectoria. Experiencia que es posible gracias a la red internacional de agrupaciones de folclor y especialmente a la CIOF.&nbsp;&nbsp;&nbsp;<\/p>\n\n\n\n<p>\u201cLa calidad de los grupos que participan de este Festival nos ofrece tambi\u00e9n la oportunidad de transcender la actividad cultural m\u00e1s all\u00e1 del escenario, generado un intercambio de experiencias art\u00edsticas que fortalece el desarrollo de los bailarines y m\u00fasicos locales, dejando un legado en su formaci\u00f3n\u201d asegur\u00f3 Alvarado.<\/p>\n\n\n\n<p>Quienes tengan la oportunidad de asistir a este espect\u00e1culo podr\u00e1n conocer el trabajo de Folk Dance Group Svoboda Menge\u0161&nbsp;que llegar\u00e1 desde Eslovenia, la&nbsp;Asociaci\u00f3n Cultural Identidad de Per\u00fa y la Corporaci\u00f3n Folcl\u00f3rica Amanecer Colombiano del pa\u00eds cafetero. A ellos se suman el Ballet Folcl\u00f3rico de Temuco y el Ballet Folcl\u00f3rico Infantil de Temuco, elencos anfitriones del evento, encargados de poner en la escena el folclor nacional de norte a sur.&nbsp;<\/p>\n\n\n\n<p>La invitaci\u00f3n a disfrutar de la danza y la m\u00fasica internacional fue extendida por el propio alcalde de Temuco, Miguel Becker. \u201cEn nuestro Teatro Municipal la funci\u00f3n es gratuita, les invitamos a retirar sus entradas en nuestras boleter\u00edas del Teatro. As\u00ed que todos cordialmente invitados a participar de esta magn\u00edfica presentaci\u00f3n que esperamos tener en Temuco\u201d, afirm\u00f3 el alcalde.&nbsp;&nbsp;<\/p>\n","protected":false},"excerpt":{"rendered":"<div class=\"pvc_clear\"><\/div>\n<p id=\"pvc_stats_8094\" class=\"pvc_stats total_only  \" data-element-id=\"8094\" style=\"\"><i class=\"pvc-stats-icon large\" aria-hidden=\"true\"><svg aria-hidden=\"true\" focusable=\"false\" data-prefix=\"far\" data-icon=\"chart-bar\" role=\"img\" xmlns=\"http:\/\/www.w3.org\/2000\/svg\" viewBox=\"0 0 512 512\" class=\"svg-inline--fa fa-chart-bar fa-w-16 fa-2x\"><path fill=\"currentColor\" d=\"M396.8 352h22.4c6.4 0 12.8-6.4 12.8-12.8V108.8c0-6.4-6.4-12.8-12.8-12.8h-22.4c-6.4 0-12.8 6.4-12.8 12.8v230.4c0 6.4 6.4 12.8 12.8 12.8zm-192 0h22.4c6.4 0 12.8-6.4 12.8-12.8V140.8c0-6.4-6.4-12.8-12.8-12.8h-22.4c-6.4 0-12.8 6.4-12.8 12.8v198.4c0 6.4 6.4 12.8 12.8 12.8zm96 0h22.4c6.4 0 12.8-6.4 12.8-12.8V204.8c0-6.4-6.4-12.8-12.8-12.8h-22.4c-6.4 0-12.8 6.4-12.8 12.8v134.4c0 6.4 6.4 12.8 12.8 12.8zM496 400H48V80c0-8.84-7.16-16-16-16H16C7.16 64 0 71.16 0 80v336c0 17.67 14.33 32 32 32h464c8.84 0 16-7.16 16-16v-16c0-8.84-7.16-16-16-16zm-387.2-48h22.4c6.4 0 12.8-6.4 12.8-12.8v-70.4c0-6.4-6.4-12.8-12.8-12.8h-22.4c-6.4 0-12.8 6.4-12.8 12.8v70.4c0 6.4 6.4 12.8 12.8 12.8z\" class=\"\"><\/path><\/svg><\/i> <img loading=\"lazy\" decoding=\"async\" width=\"16\" height=\"16\" alt=\"Loading\" src=\"https:\/\/temucotelevision.cl\/web\/wp-content\/plugins\/page-views-count\/ajax-loader-2x.gif\" border=0 \/><\/p>\n<div class=\"pvc_clear\"><\/div>\n<p>Purr\u00fan es el Festival Internacional de Danzas Folcl\u00f3ricas Temuco, que en su tercera versi\u00f3n tendr\u00e1 como sede principal al Teatro<\/p>\n","protected":false},"author":1,"featured_media":8095,"comment_status":"open","ping_status":"open","sticky":false,"template":"","format":"standard","meta":{"colormag_page_container_layout":"default_layout","colormag_page_sidebar_layout":"default_layout","footnotes":""},"categories":[86],"tags":[141,2187],"class_list":["post-8094","post","type-post","status-publish","format-standard","has-post-thumbnail","hentry","category-panoramas","tag-festival","tag-purrun"],"a3_pvc":{"activated":true,"total_views":79,"today_views":0},"_links":{"self":[{"href":"https:\/\/temucotelevision.cl\/web\/wp-json\/wp\/v2\/posts\/8094","targetHints":{"allow":["GET"]}}],"collection":[{"href":"https:\/\/temucotelevision.cl\/web\/wp-json\/wp\/v2\/posts"}],"about":[{"href":"https:\/\/temucotelevision.cl\/web\/wp-json\/wp\/v2\/types\/post"}],"author":[{"embeddable":true,"href":"https:\/\/temucotelevision.cl\/web\/wp-json\/wp\/v2\/users\/1"}],"replies":[{"embeddable":true,"href":"https:\/\/temucotelevision.cl\/web\/wp-json\/wp\/v2\/comments?post=8094"}],"version-history":[{"count":1,"href":"https:\/\/temucotelevision.cl\/web\/wp-json\/wp\/v2\/posts\/8094\/revisions"}],"predecessor-version":[{"id":8096,"href":"https:\/\/temucotelevision.cl\/web\/wp-json\/wp\/v2\/posts\/8094\/revisions\/8096"}],"wp:featuredmedia":[{"embeddable":true,"href":"https:\/\/temucotelevision.cl\/web\/wp-json\/wp\/v2\/media\/8095"}],"wp:attachment":[{"href":"https:\/\/temucotelevision.cl\/web\/wp-json\/wp\/v2\/media?parent=8094"}],"wp:term":[{"taxonomy":"category","embeddable":true,"href":"https:\/\/temucotelevision.cl\/web\/wp-json\/wp\/v2\/categories?post=8094"},{"taxonomy":"post_tag","embeddable":true,"href":"https:\/\/temucotelevision.cl\/web\/wp-json\/wp\/v2\/tags?post=8094"}],"curies":[{"name":"wp","href":"https:\/\/api.w.org\/{rel}","templated":true}]}}