{"id":8090,"date":"2020-01-26T13:01:56","date_gmt":"2020-01-26T16:01:56","guid":{"rendered":"https:\/\/temucotelevision.cl\/web\/?p=8090"},"modified":"2020-01-26T13:01:59","modified_gmt":"2020-01-26T16:01:59","slug":"carabineros-de-la-araucania-desplegara-amplios-servicios-preventivos-durante-la-psu-2020%ef%bb%bf","status":"publish","type":"post","link":"https:\/\/temucotelevision.cl\/web\/2020\/01\/26\/carabineros-de-la-araucania-desplegara-amplios-servicios-preventivos-durante-la-psu-2020%ef%bb%bf\/","title":{"rendered":"Carabineros de La Araucan\u00eda desplegar\u00e1 amplios servicios preventivos durante la PSU 2020\ufeff"},"content":{"rendered":"<div class=\"pvc_clear\"><\/div><p id=\"pvc_stats_8090\" class=\"pvc_stats total_only  \" data-element-id=\"8090\" style=\"\"><i class=\"pvc-stats-icon large\" aria-hidden=\"true\"><svg aria-hidden=\"true\" focusable=\"false\" data-prefix=\"far\" data-icon=\"chart-bar\" role=\"img\" xmlns=\"http:\/\/www.w3.org\/2000\/svg\" viewBox=\"0 0 512 512\" class=\"svg-inline--fa fa-chart-bar fa-w-16 fa-2x\"><path fill=\"currentColor\" d=\"M396.8 352h22.4c6.4 0 12.8-6.4 12.8-12.8V108.8c0-6.4-6.4-12.8-12.8-12.8h-22.4c-6.4 0-12.8 6.4-12.8 12.8v230.4c0 6.4 6.4 12.8 12.8 12.8zm-192 0h22.4c6.4 0 12.8-6.4 12.8-12.8V140.8c0-6.4-6.4-12.8-12.8-12.8h-22.4c-6.4 0-12.8 6.4-12.8 12.8v198.4c0 6.4 6.4 12.8 12.8 12.8zm96 0h22.4c6.4 0 12.8-6.4 12.8-12.8V204.8c0-6.4-6.4-12.8-12.8-12.8h-22.4c-6.4 0-12.8 6.4-12.8 12.8v134.4c0 6.4 6.4 12.8 12.8 12.8zM496 400H48V80c0-8.84-7.16-16-16-16H16C7.16 64 0 71.16 0 80v336c0 17.67 14.33 32 32 32h464c8.84 0 16-7.16 16-16v-16c0-8.84-7.16-16-16-16zm-387.2-48h22.4c6.4 0 12.8-6.4 12.8-12.8v-70.4c0-6.4-6.4-12.8-12.8-12.8h-22.4c-6.4 0-12.8 6.4-12.8 12.8v70.4c0 6.4 6.4 12.8 12.8 12.8z\" class=\"\"><\/path><\/svg><\/i> <img loading=\"lazy\" decoding=\"async\" width=\"16\" height=\"16\" alt=\"Loading\" src=\"https:\/\/temucotelevision.cl\/web\/wp-content\/plugins\/page-views-count\/ajax-loader-2x.gif\" border=0 \/><\/p><div class=\"pvc_clear\"><\/div>\n<p>Para entregar seguridad a los j\u00f3venes que rendir\u00e1n la PSU en La Araucan\u00eda, Carabineros desplegar\u00e1 amplios servicios, intensificando la prevenci\u00f3n para dar la tranquilidad que necesitan.<\/p>\n\n\n\n<p>El subprefecto de los servicios de la Prefectura de Caut\u00edn, Teniente Coronel Cristian Fern\u00e1ndez, recorri\u00f3 las sedes de la Prueba de Selecci\u00f3n Universitaria, junto con los comisarios de la 8a. y 2a. comisar\u00edas de Temuco, as\u00ed como tambi\u00e9n, con la encargada del Demre para la PSU en la Regi\u00f3n.<\/p>\n\n\n\n<p>La idea de Carabineros, seg\u00fan precis\u00f3 el propio comandante Fern\u00e1ndez, es entregar el m\u00e1ximo de seguridad y tranquilidad a los j\u00f3venes que definen su futuro este lunes y martes.<\/p>\n\n\n\n<p>\u201cCarabineros de Chile, en consecuencia, ha planificado los servicios policiales tendientes a asegurar el per\u00edmetro inmediato y aleda\u00f1o al lugar de rendici\u00f3n de este examen, por los tanto, pedimos comprensi\u00f3n a las familias, a los padres y los j\u00f3venes, ya que la intenci\u00f3n es que su examen pueda ser rendido de la mejor manera posible\u201d, indic\u00f3 el comandante Fern\u00e1ndez.<\/p>\n\n\n\n<p>Es as\u00ed que, \u201cCarabineros de Chile est\u00e1 haciendo esfuerzos con medios a\u00e9reos, terrestres y de toda naturaleza para asegurar y garantizar el desarrollo de esta prueba. Recomendamos a los j\u00f3venes que concurran con su carnet de identidad as\u00ed como tambi\u00e9n con los documentos que les permitan rendir la prueba porque esto ser\u00e1 solicitado al ingreso de los anillos de seguridad\u201d.<\/p>\n\n\n\n<p>\u201cInvitamos tambi\u00e9n a los padres y apoderados a realizar las gestiones pertinentes, estar preocupados por sus hijos para que puedan desarrollar este examen de manera tranquila y segura, por supuesto se le dar\u00e1n las facilidades a las personas con capacidades diferentes y las situaciones puntuales que se desarrollen en el lugar\u201d, finaliz\u00f3 la autoridad policial.<\/p>\n\n\n\n<p>Desde Carabineros, adem\u00e1s, entregaron una serie de recomendaciones tales como presentarse con anticipaci\u00f3n en los locales, llevar s\u00f3lo lo necesario ya que est\u00e1 prohibido el ingreso&nbsp; de mochilas y bolsos al recinto, mantenerse informado a trav\u00e9s del Demre o medios de comunicaci\u00f3n oficiales, y colaborar con Carabineros para la seguridad y tranquilidad de todos.<\/p>\n","protected":false},"excerpt":{"rendered":"<div class=\"pvc_clear\"><\/div>\n<p id=\"pvc_stats_8090\" class=\"pvc_stats total_only  \" data-element-id=\"8090\" style=\"\"><i class=\"pvc-stats-icon large\" aria-hidden=\"true\"><svg aria-hidden=\"true\" focusable=\"false\" data-prefix=\"far\" data-icon=\"chart-bar\" role=\"img\" xmlns=\"http:\/\/www.w3.org\/2000\/svg\" viewBox=\"0 0 512 512\" class=\"svg-inline--fa fa-chart-bar fa-w-16 fa-2x\"><path fill=\"currentColor\" d=\"M396.8 352h22.4c6.4 0 12.8-6.4 12.8-12.8V108.8c0-6.4-6.4-12.8-12.8-12.8h-22.4c-6.4 0-12.8 6.4-12.8 12.8v230.4c0 6.4 6.4 12.8 12.8 12.8zm-192 0h22.4c6.4 0 12.8-6.4 12.8-12.8V140.8c0-6.4-6.4-12.8-12.8-12.8h-22.4c-6.4 0-12.8 6.4-12.8 12.8v198.4c0 6.4 6.4 12.8 12.8 12.8zm96 0h22.4c6.4 0 12.8-6.4 12.8-12.8V204.8c0-6.4-6.4-12.8-12.8-12.8h-22.4c-6.4 0-12.8 6.4-12.8 12.8v134.4c0 6.4 6.4 12.8 12.8 12.8zM496 400H48V80c0-8.84-7.16-16-16-16H16C7.16 64 0 71.16 0 80v336c0 17.67 14.33 32 32 32h464c8.84 0 16-7.16 16-16v-16c0-8.84-7.16-16-16-16zm-387.2-48h22.4c6.4 0 12.8-6.4 12.8-12.8v-70.4c0-6.4-6.4-12.8-12.8-12.8h-22.4c-6.4 0-12.8 6.4-12.8 12.8v70.4c0 6.4 6.4 12.8 12.8 12.8z\" class=\"\"><\/path><\/svg><\/i> <img loading=\"lazy\" decoding=\"async\" width=\"16\" height=\"16\" alt=\"Loading\" src=\"https:\/\/temucotelevision.cl\/web\/wp-content\/plugins\/page-views-count\/ajax-loader-2x.gif\" border=0 \/><\/p>\n<div class=\"pvc_clear\"><\/div>\n<p>Para entregar seguridad a los j\u00f3venes que rendir\u00e1n la PSU en La Araucan\u00eda, Carabineros desplegar\u00e1 amplios servicios, intensificando la prevenci\u00f3n<\/p>\n","protected":false},"author":1,"featured_media":8092,"comment_status":"open","ping_status":"open","sticky":false,"template":"","format":"standard","meta":{"colormag_page_container_layout":"default_layout","colormag_page_sidebar_layout":"default_layout","footnotes":""},"categories":[15],"tags":[2186,1370],"class_list":["post-8090","post","type-post","status-publish","format-standard","has-post-thumbnail","hentry","category-la-araucania","tag-prueba","tag-psu"],"a3_pvc":{"activated":true,"total_views":83,"today_views":0},"_links":{"self":[{"href":"https:\/\/temucotelevision.cl\/web\/wp-json\/wp\/v2\/posts\/8090","targetHints":{"allow":["GET"]}}],"collection":[{"href":"https:\/\/temucotelevision.cl\/web\/wp-json\/wp\/v2\/posts"}],"about":[{"href":"https:\/\/temucotelevision.cl\/web\/wp-json\/wp\/v2\/types\/post"}],"author":[{"embeddable":true,"href":"https:\/\/temucotelevision.cl\/web\/wp-json\/wp\/v2\/users\/1"}],"replies":[{"embeddable":true,"href":"https:\/\/temucotelevision.cl\/web\/wp-json\/wp\/v2\/comments?post=8090"}],"version-history":[{"count":1,"href":"https:\/\/temucotelevision.cl\/web\/wp-json\/wp\/v2\/posts\/8090\/revisions"}],"predecessor-version":[{"id":8093,"href":"https:\/\/temucotelevision.cl\/web\/wp-json\/wp\/v2\/posts\/8090\/revisions\/8093"}],"wp:featuredmedia":[{"embeddable":true,"href":"https:\/\/temucotelevision.cl\/web\/wp-json\/wp\/v2\/media\/8092"}],"wp:attachment":[{"href":"https:\/\/temucotelevision.cl\/web\/wp-json\/wp\/v2\/media?parent=8090"}],"wp:term":[{"taxonomy":"category","embeddable":true,"href":"https:\/\/temucotelevision.cl\/web\/wp-json\/wp\/v2\/categories?post=8090"},{"taxonomy":"post_tag","embeddable":true,"href":"https:\/\/temucotelevision.cl\/web\/wp-json\/wp\/v2\/tags?post=8090"}],"curies":[{"name":"wp","href":"https:\/\/api.w.org\/{rel}","templated":true}]}}