{"id":809,"date":"2019-01-24T10:54:13","date_gmt":"2019-01-24T13:54:13","guid":{"rendered":"https:\/\/temucotelevision.cl\/web\/?p=809"},"modified":"2019-01-24T10:54:13","modified_gmt":"2019-01-24T13:54:13","slug":"localidad-de-pillanlelbun-inauguro-remodelado-gimnasio","status":"publish","type":"post","link":"https:\/\/temucotelevision.cl\/web\/2019\/01\/24\/localidad-de-pillanlelbun-inauguro-remodelado-gimnasio\/","title":{"rendered":"Localidad de Pillanlelb\u00fan inaugur\u00f3 remodelado gimnasio"},"content":{"rendered":"<div class=\"pvc_clear\"><\/div>\n<p id=\"pvc_stats_809\" class=\"pvc_stats total_only  \" data-element-id=\"809\" style=\"\"><i class=\"pvc-stats-icon large\" aria-hidden=\"true\"><svg aria-hidden=\"true\" focusable=\"false\" data-prefix=\"far\" data-icon=\"chart-bar\" role=\"img\" xmlns=\"http:\/\/www.w3.org\/2000\/svg\" viewBox=\"0 0 512 512\" class=\"svg-inline--fa fa-chart-bar fa-w-16 fa-2x\"><path fill=\"currentColor\" d=\"M396.8 352h22.4c6.4 0 12.8-6.4 12.8-12.8V108.8c0-6.4-6.4-12.8-12.8-12.8h-22.4c-6.4 0-12.8 6.4-12.8 12.8v230.4c0 6.4 6.4 12.8 12.8 12.8zm-192 0h22.4c6.4 0 12.8-6.4 12.8-12.8V140.8c0-6.4-6.4-12.8-12.8-12.8h-22.4c-6.4 0-12.8 6.4-12.8 12.8v198.4c0 6.4 6.4 12.8 12.8 12.8zm96 0h22.4c6.4 0 12.8-6.4 12.8-12.8V204.8c0-6.4-6.4-12.8-12.8-12.8h-22.4c-6.4 0-12.8 6.4-12.8 12.8v134.4c0 6.4 6.4 12.8 12.8 12.8zM496 400H48V80c0-8.84-7.16-16-16-16H16C7.16 64 0 71.16 0 80v336c0 17.67 14.33 32 32 32h464c8.84 0 16-7.16 16-16v-16c0-8.84-7.16-16-16-16zm-387.2-48h22.4c6.4 0 12.8-6.4 12.8-12.8v-70.4c0-6.4-6.4-12.8-12.8-12.8h-22.4c-6.4 0-12.8 6.4-12.8 12.8v70.4c0 6.4 6.4 12.8 12.8 12.8z\" class=\"\"><\/path><\/svg><\/i> <img loading=\"lazy\" decoding=\"async\" width=\"16\" height=\"16\" alt=\"Loading\" src=\"https:\/\/temucotelevision.cl\/web\/wp-content\/plugins\/page-views-count\/ajax-loader-2x.gif\" border=0 \/><\/p>\n<div class=\"pvc_clear\"><\/div>\n<p style=\"text-align: justify;\">341 millones de pesos fue la inversi\u00f3n del proyecto financiado a trav\u00e9s del Gobierno Regional.<\/p>\n<p style=\"text-align: justify;\">Este lunes fue inaugurado el remodelado gimnasio de la localidad de Pillanlelb\u00fan, comuna de Lautaro, en una ceremonia realizada en el recinto deportivo y que cont\u00f3 con la presencia de autoridades encabezadas por el Alcalde de Lautaro Ra\u00fal Schifferli D\u00edaz y el Seremi del Deporte, Mauricio Gejman en representaci\u00f3n del Intendente regional, adem\u00e1s de Concejales, jefes de departamentos municipales, representantes eclesi\u00e1sticos y dirigentes deportivos.<\/p>\n<p style=\"text-align: justify;\">A trav\u00e9s del Fondo Nacional de Desarrollo Regional, del Gobierno Regional de La Araucan\u00eda, se financi\u00f3 el mejoramiento del recinto, con una inversi\u00f3n superior a los 341 millones de pesos, el cual implic\u00f3 cambios sustanciales de lo que era la antigua infraestructura, considerando un cambio integral de la carpeta, para que as\u00ed los deportistas tengan una mayor dignidad.<\/p>\n<p style=\"text-align: justify;\">Adem\u00e1s del revestimiento de interiores y exteriores, cambio de hojalater\u00eda, canales y bajadas de aguas lluvias, pintura interior y exterior, cambio de sistema el\u00e9ctrico e iluminaci\u00f3n con eficiencia energ\u00e9tica, instalaci\u00f3n de revestimiento en cielo interior, cambio de ventanas de Policarbonato y vidrio en su totalidad, instalaci\u00f3n de protecciones de ventanas, Instalaci\u00f3n de grader\u00edas retr\u00e1ctiles y termos el\u00e9ctricos para agua caliente, nuevos accesorios en ba\u00f1os y camarines, como tambi\u00e9n el cambio de sus cer\u00e1micas. Habilitaci\u00f3n de ba\u00f1o universal para discapacitados, instalaci\u00f3n de equipo electr\u00f3geno, cierre met\u00e1lico exterior, marcador electr\u00f3nico, tableros de basquetbol, arcos de baby futbol, cambio de piso en sala de acondicionamiento f\u00edsico y nuevas m\u00e1quinas de ejercicio.<\/p>\n<p style=\"text-align: justify;\">Al respecto el Seremi del Deporte, Mauricio Gejman, indic\u00f3 que \u201ceste gimnasio es una maravilla para Pillanlelb\u00fan, pudimos ver im\u00e1genes de c\u00f3mo era antes y estaba realmente en condiciones muy malas, y hoy lo pueden disfrutar todos con las mayores comodidades, accesibilidad universal para que todo el mundo pueda ingresar\u201d, dijo.<\/p>\n<p style=\"text-align: justify;\">En tanto, el alcalde de Lautaro, Ra\u00fal Schifferli sostuvo que \u201ceste gimnasio estaba en muy malas condiciones, la gente no pod\u00eda entrar a los ba\u00f1os o camarines porque estaban impresentables, los vidrios rotos, era un recinto no digno para Pillanlelb\u00fan, pero hicimos las gestiones y conseguimos los recursos y hoy estamos inaugurando una obra preciosa para m\u00e1s de 5 mil personas y feliz de que los colegios, deportistas, bomberos, agrupaciones culturales, todos van a poder ocuparlo\u201d dijo Schifferli.<\/p>\n<p style=\"text-align: justify;\">Finalmente Isa\u00edas Contreras, presidente del club deportivo de Pillanlelb\u00fan, manifest\u00f3 estar feliz ya que \u201ceste gimnasio para nosotros es un sue\u00f1o hecho realidad, se necesitaba un recinto de esta envergadura, porque es moderno y viene a cumplir los sue\u00f1os de los adultos, ni\u00f1os, de todos, por eso estamos felices y agradecidos inaugurando este sue\u00f1o\u201d, sostuvo.<\/p>\n<p style=\"text-align: justify;\">De esta forma se entreg\u00f3 a la comunidad un recinto deportivo de gran nivel, que entregar\u00e1 dignidad a los deportistas y que hoy cuenta con todas las condiciones de seguridad y tambi\u00e9n calidad, inclusivo y hermoso por dentro y por fuera.<\/p>\n","protected":false},"excerpt":{"rendered":"<div class=\"pvc_clear\"><\/div>\n<p id=\"pvc_stats_809\" class=\"pvc_stats total_only  \" data-element-id=\"809\" style=\"\"><i class=\"pvc-stats-icon large\" aria-hidden=\"true\"><svg aria-hidden=\"true\" focusable=\"false\" data-prefix=\"far\" data-icon=\"chart-bar\" role=\"img\" xmlns=\"http:\/\/www.w3.org\/2000\/svg\" viewBox=\"0 0 512 512\" class=\"svg-inline--fa fa-chart-bar fa-w-16 fa-2x\"><path fill=\"currentColor\" d=\"M396.8 352h22.4c6.4 0 12.8-6.4 12.8-12.8V108.8c0-6.4-6.4-12.8-12.8-12.8h-22.4c-6.4 0-12.8 6.4-12.8 12.8v230.4c0 6.4 6.4 12.8 12.8 12.8zm-192 0h22.4c6.4 0 12.8-6.4 12.8-12.8V140.8c0-6.4-6.4-12.8-12.8-12.8h-22.4c-6.4 0-12.8 6.4-12.8 12.8v198.4c0 6.4 6.4 12.8 12.8 12.8zm96 0h22.4c6.4 0 12.8-6.4 12.8-12.8V204.8c0-6.4-6.4-12.8-12.8-12.8h-22.4c-6.4 0-12.8 6.4-12.8 12.8v134.4c0 6.4 6.4 12.8 12.8 12.8zM496 400H48V80c0-8.84-7.16-16-16-16H16C7.16 64 0 71.16 0 80v336c0 17.67 14.33 32 32 32h464c8.84 0 16-7.16 16-16v-16c0-8.84-7.16-16-16-16zm-387.2-48h22.4c6.4 0 12.8-6.4 12.8-12.8v-70.4c0-6.4-6.4-12.8-12.8-12.8h-22.4c-6.4 0-12.8 6.4-12.8 12.8v70.4c0 6.4 6.4 12.8 12.8 12.8z\" class=\"\"><\/path><\/svg><\/i> <img loading=\"lazy\" decoding=\"async\" width=\"16\" height=\"16\" alt=\"Loading\" src=\"https:\/\/temucotelevision.cl\/web\/wp-content\/plugins\/page-views-count\/ajax-loader-2x.gif\" border=0 \/><\/p>\n<div class=\"pvc_clear\"><\/div>\n<p>341 millones de pesos fue la inversi\u00f3n del proyecto financiado a trav\u00e9s del Gobierno Regional. Este lunes fue inaugurado el<\/p>\n","protected":false},"author":1,"featured_media":811,"comment_status":"open","ping_status":"open","sticky":false,"template":"","format":"standard","meta":{"colormag_page_container_layout":"default_layout","colormag_page_sidebar_layout":"default_layout","footnotes":""},"categories":[15],"tags":[202,201,200,203],"class_list":["post-809","post","type-post","status-publish","format-standard","has-post-thumbnail","hentry","category-la-araucania","tag-alcalde","tag-gimnasio","tag-localidad","tag-recinto"],"a3_pvc":{"activated":true,"total_views":181,"today_views":0},"_links":{"self":[{"href":"https:\/\/temucotelevision.cl\/web\/wp-json\/wp\/v2\/posts\/809","targetHints":{"allow":["GET"]}}],"collection":[{"href":"https:\/\/temucotelevision.cl\/web\/wp-json\/wp\/v2\/posts"}],"about":[{"href":"https:\/\/temucotelevision.cl\/web\/wp-json\/wp\/v2\/types\/post"}],"author":[{"embeddable":true,"href":"https:\/\/temucotelevision.cl\/web\/wp-json\/wp\/v2\/users\/1"}],"replies":[{"embeddable":true,"href":"https:\/\/temucotelevision.cl\/web\/wp-json\/wp\/v2\/comments?post=809"}],"version-history":[{"count":1,"href":"https:\/\/temucotelevision.cl\/web\/wp-json\/wp\/v2\/posts\/809\/revisions"}],"predecessor-version":[{"id":812,"href":"https:\/\/temucotelevision.cl\/web\/wp-json\/wp\/v2\/posts\/809\/revisions\/812"}],"wp:featuredmedia":[{"embeddable":true,"href":"https:\/\/temucotelevision.cl\/web\/wp-json\/wp\/v2\/media\/811"}],"wp:attachment":[{"href":"https:\/\/temucotelevision.cl\/web\/wp-json\/wp\/v2\/media?parent=809"}],"wp:term":[{"taxonomy":"category","embeddable":true,"href":"https:\/\/temucotelevision.cl\/web\/wp-json\/wp\/v2\/categories?post=809"},{"taxonomy":"post_tag","embeddable":true,"href":"https:\/\/temucotelevision.cl\/web\/wp-json\/wp\/v2\/tags?post=809"}],"curies":[{"name":"wp","href":"https:\/\/api.w.org\/{rel}","templated":true}]}}