{"id":8087,"date":"2020-01-26T12:26:33","date_gmt":"2020-01-26T15:26:33","guid":{"rendered":"https:\/\/temucotelevision.cl\/web\/?p=8087"},"modified":"2020-01-26T12:26:34","modified_gmt":"2020-01-26T15:26:34","slug":"alertan-a-no-consumir-salmon-ahumado-von-fach-de-villarrica-por-presencia-de-bacteria","status":"publish","type":"post","link":"https:\/\/temucotelevision.cl\/web\/2020\/01\/26\/alertan-a-no-consumir-salmon-ahumado-von-fach-de-villarrica-por-presencia-de-bacteria\/","title":{"rendered":"Alertan a no consumir salm\u00f3n ahumado &#8220;Von Fach&#8221; de Villarrica por presencia de bacteria"},"content":{"rendered":"<div class=\"pvc_clear\"><\/div><p id=\"pvc_stats_8087\" class=\"pvc_stats total_only  \" data-element-id=\"8087\" style=\"\"><i class=\"pvc-stats-icon large\" aria-hidden=\"true\"><svg aria-hidden=\"true\" focusable=\"false\" data-prefix=\"far\" data-icon=\"chart-bar\" role=\"img\" xmlns=\"http:\/\/www.w3.org\/2000\/svg\" viewBox=\"0 0 512 512\" class=\"svg-inline--fa fa-chart-bar fa-w-16 fa-2x\"><path fill=\"currentColor\" d=\"M396.8 352h22.4c6.4 0 12.8-6.4 12.8-12.8V108.8c0-6.4-6.4-12.8-12.8-12.8h-22.4c-6.4 0-12.8 6.4-12.8 12.8v230.4c0 6.4 6.4 12.8 12.8 12.8zm-192 0h22.4c6.4 0 12.8-6.4 12.8-12.8V140.8c0-6.4-6.4-12.8-12.8-12.8h-22.4c-6.4 0-12.8 6.4-12.8 12.8v198.4c0 6.4 6.4 12.8 12.8 12.8zm96 0h22.4c6.4 0 12.8-6.4 12.8-12.8V204.8c0-6.4-6.4-12.8-12.8-12.8h-22.4c-6.4 0-12.8 6.4-12.8 12.8v134.4c0 6.4 6.4 12.8 12.8 12.8zM496 400H48V80c0-8.84-7.16-16-16-16H16C7.16 64 0 71.16 0 80v336c0 17.67 14.33 32 32 32h464c8.84 0 16-7.16 16-16v-16c0-8.84-7.16-16-16-16zm-387.2-48h22.4c6.4 0 12.8-6.4 12.8-12.8v-70.4c0-6.4-6.4-12.8-12.8-12.8h-22.4c-6.4 0-12.8 6.4-12.8 12.8v70.4c0 6.4 6.4 12.8 12.8 12.8z\" class=\"\"><\/path><\/svg><\/i> <img loading=\"lazy\" decoding=\"async\" width=\"16\" height=\"16\" alt=\"Loading\" src=\"https:\/\/temucotelevision.cl\/web\/wp-content\/plugins\/page-views-count\/ajax-loader-2x.gif\" border=0 \/><\/p><div class=\"pvc_clear\"><\/div>\n<p>La Autoridad Sanitaria de la Regi\u00f3n Metropolitana emiti\u00f3 una alerta alimentaria para que la poblaci\u00f3n no consuma salm\u00f3n \u201cVon Fach\u201d de Villarrica, luego que el Programa Nacional de Vigilancia de Peligros Microbiol\u00f3gicos en Alimentos del Minsal y&nbsp;el Laboratorio de Salud P\u00fablica de esa SEREMI encontraran presencia de la bacteria&nbsp;<em>Listeria monocytogenes<\/em>&nbsp;en productos a la venta en supermercados de esa regi\u00f3n.&nbsp;<\/p>\n\n\n\n<p>Los lotes de salm\u00f3n ahumado rebanado, que no deben ser consumidos por la poblaci\u00f3n, por presencia de listeria son los 012-3, 021, 016-2, 018-4; mientras que los lotes de filete de salm\u00f3n ahumado y filete de salm\u00f3n ahumado entero son los 021 y 020, respectivamente. Dada la naturaleza del producto y el pat\u00f3geno involucrado, desde Minsal se inform\u00f3 a la Asociaci\u00f3n de Supermercados de Chile, quienes procedieron al retiro del producto de las g\u00f3ndolas.&nbsp;<\/p>\n\n\n\n<p>Debido a los riesgos que implica para la salud de las personas esta bacteria, la SEREMI de Salud Regi\u00f3n de La Araucan\u00eda reitera el llamado a la poblaci\u00f3n a no consumir Salm\u00f3n \u201cVon Fach\u201d de Villarrica, producto que&nbsp;desde ayer est\u00e1 siendo retirado del mercado, sin embargo, es posible que exista en algunos hogares, donde debe ser desnaturalizado para que no sea consumido por personas ni mascotas.&nbsp;<\/p>\n\n\n\n<p>La Autoridad Sanitaria acudir\u00e1 a la f\u00e1brica \u201cVon Fach\u201d de Villarrica para el cierre de las instalaciones.<\/p>\n\n\n\n<p>Se hace presente que la bacteria presente en estos productos puede afectar la salud de toda la poblaci\u00f3n, pero en particular a personas mayores, mujeres embarazadas, reci\u00e9n nacidos, individuos inmunodeprimidos; pudiendo provocar como enfermedad invasiva: encefalitis, meningoencefalitis, abortos espont\u00e1neos en mujeres embarazadas e incluso la muerte.&nbsp;<em>Listeria monocytogenes<\/em>&nbsp;es una bacteria Gram positiva que se encuentra ampliamente distribuida tanto en el medio agrario (suelo, plantas, forraje en silos, materia fecal, aguas residuales, agua), como en la acuicultura y los ambientes de elaboraci\u00f3n de alimentos. Las manifestaciones en el ser humano de la enfermedad causada por listeria incluyen septicemia, meningitis (o meningoencefalitis) y encefalitis, habitualmente precedidas de s\u00edntomas parecidos a los de la gripe, incluida la fiebre. En mujeres gestantes, las infecciones intrauterinas o cervicales pueden provocar abortos espont\u00e1neos o nacidos muertos.&nbsp;<\/p>\n\n\n\n<p>Por ello se reitera el llamado a no consumir estos productos y evitar los riesgos para la salud.<\/p>\n","protected":false},"excerpt":{"rendered":"<div class=\"pvc_clear\"><\/div>\n<p id=\"pvc_stats_8087\" class=\"pvc_stats total_only  \" data-element-id=\"8087\" style=\"\"><i class=\"pvc-stats-icon large\" aria-hidden=\"true\"><svg aria-hidden=\"true\" focusable=\"false\" data-prefix=\"far\" data-icon=\"chart-bar\" role=\"img\" xmlns=\"http:\/\/www.w3.org\/2000\/svg\" viewBox=\"0 0 512 512\" class=\"svg-inline--fa fa-chart-bar fa-w-16 fa-2x\"><path fill=\"currentColor\" d=\"M396.8 352h22.4c6.4 0 12.8-6.4 12.8-12.8V108.8c0-6.4-6.4-12.8-12.8-12.8h-22.4c-6.4 0-12.8 6.4-12.8 12.8v230.4c0 6.4 6.4 12.8 12.8 12.8zm-192 0h22.4c6.4 0 12.8-6.4 12.8-12.8V140.8c0-6.4-6.4-12.8-12.8-12.8h-22.4c-6.4 0-12.8 6.4-12.8 12.8v198.4c0 6.4 6.4 12.8 12.8 12.8zm96 0h22.4c6.4 0 12.8-6.4 12.8-12.8V204.8c0-6.4-6.4-12.8-12.8-12.8h-22.4c-6.4 0-12.8 6.4-12.8 12.8v134.4c0 6.4 6.4 12.8 12.8 12.8zM496 400H48V80c0-8.84-7.16-16-16-16H16C7.16 64 0 71.16 0 80v336c0 17.67 14.33 32 32 32h464c8.84 0 16-7.16 16-16v-16c0-8.84-7.16-16-16-16zm-387.2-48h22.4c6.4 0 12.8-6.4 12.8-12.8v-70.4c0-6.4-6.4-12.8-12.8-12.8h-22.4c-6.4 0-12.8 6.4-12.8 12.8v70.4c0 6.4 6.4 12.8 12.8 12.8z\" class=\"\"><\/path><\/svg><\/i> <img loading=\"lazy\" decoding=\"async\" width=\"16\" height=\"16\" alt=\"Loading\" src=\"https:\/\/temucotelevision.cl\/web\/wp-content\/plugins\/page-views-count\/ajax-loader-2x.gif\" border=0 \/><\/p>\n<div class=\"pvc_clear\"><\/div>\n<p>La Autoridad Sanitaria de la Regi\u00f3n Metropolitana emiti\u00f3 una alerta alimentaria para que la poblaci\u00f3n no consuma salm\u00f3n \u201cVon Fach\u201d<\/p>\n","protected":false},"author":1,"featured_media":8088,"comment_status":"open","ping_status":"open","sticky":false,"template":"","format":"standard","meta":{"colormag_page_container_layout":"default_layout","colormag_page_sidebar_layout":"default_layout","footnotes":""},"categories":[15],"tags":[81],"class_list":["post-8087","post","type-post","status-publish","format-standard","has-post-thumbnail","hentry","category-la-araucania","tag-salmon"],"a3_pvc":{"activated":true,"total_views":357,"today_views":0},"_links":{"self":[{"href":"https:\/\/temucotelevision.cl\/web\/wp-json\/wp\/v2\/posts\/8087","targetHints":{"allow":["GET"]}}],"collection":[{"href":"https:\/\/temucotelevision.cl\/web\/wp-json\/wp\/v2\/posts"}],"about":[{"href":"https:\/\/temucotelevision.cl\/web\/wp-json\/wp\/v2\/types\/post"}],"author":[{"embeddable":true,"href":"https:\/\/temucotelevision.cl\/web\/wp-json\/wp\/v2\/users\/1"}],"replies":[{"embeddable":true,"href":"https:\/\/temucotelevision.cl\/web\/wp-json\/wp\/v2\/comments?post=8087"}],"version-history":[{"count":1,"href":"https:\/\/temucotelevision.cl\/web\/wp-json\/wp\/v2\/posts\/8087\/revisions"}],"predecessor-version":[{"id":8089,"href":"https:\/\/temucotelevision.cl\/web\/wp-json\/wp\/v2\/posts\/8087\/revisions\/8089"}],"wp:featuredmedia":[{"embeddable":true,"href":"https:\/\/temucotelevision.cl\/web\/wp-json\/wp\/v2\/media\/8088"}],"wp:attachment":[{"href":"https:\/\/temucotelevision.cl\/web\/wp-json\/wp\/v2\/media?parent=8087"}],"wp:term":[{"taxonomy":"category","embeddable":true,"href":"https:\/\/temucotelevision.cl\/web\/wp-json\/wp\/v2\/categories?post=8087"},{"taxonomy":"post_tag","embeddable":true,"href":"https:\/\/temucotelevision.cl\/web\/wp-json\/wp\/v2\/tags?post=8087"}],"curies":[{"name":"wp","href":"https:\/\/api.w.org\/{rel}","templated":true}]}}