{"id":8081,"date":"2020-01-24T16:49:40","date_gmt":"2020-01-24T19:49:40","guid":{"rendered":"https:\/\/temucotelevision.cl\/web\/?p=8081"},"modified":"2020-01-24T16:49:42","modified_gmt":"2020-01-24T19:49:42","slug":"fiscalia-entrego-balance-tras-primer-mes-de-incendios-forestales-disminuyen-denuncias-pero-se-incrementa-un-176-la-superficie-afectada-por-el-fuego","status":"publish","type":"post","link":"https:\/\/temucotelevision.cl\/web\/2020\/01\/24\/fiscalia-entrego-balance-tras-primer-mes-de-incendios-forestales-disminuyen-denuncias-pero-se-incrementa-un-176-la-superficie-afectada-por-el-fuego\/","title":{"rendered":"Fiscal\u00eda entreg\u00f3 balance tras primer mes de incendios forestales: Disminuyen denuncias pero se incrementa un 176% la superficie afectada por el fuego"},"content":{"rendered":"<div class=\"pvc_clear\"><\/div><p id=\"pvc_stats_8081\" class=\"pvc_stats total_only  \" data-element-id=\"8081\" style=\"\"><i class=\"pvc-stats-icon large\" aria-hidden=\"true\"><svg aria-hidden=\"true\" focusable=\"false\" data-prefix=\"far\" data-icon=\"chart-bar\" role=\"img\" xmlns=\"http:\/\/www.w3.org\/2000\/svg\" viewBox=\"0 0 512 512\" class=\"svg-inline--fa fa-chart-bar fa-w-16 fa-2x\"><path fill=\"currentColor\" d=\"M396.8 352h22.4c6.4 0 12.8-6.4 12.8-12.8V108.8c0-6.4-6.4-12.8-12.8-12.8h-22.4c-6.4 0-12.8 6.4-12.8 12.8v230.4c0 6.4 6.4 12.8 12.8 12.8zm-192 0h22.4c6.4 0 12.8-6.4 12.8-12.8V140.8c0-6.4-6.4-12.8-12.8-12.8h-22.4c-6.4 0-12.8 6.4-12.8 12.8v198.4c0 6.4 6.4 12.8 12.8 12.8zm96 0h22.4c6.4 0 12.8-6.4 12.8-12.8V204.8c0-6.4-6.4-12.8-12.8-12.8h-22.4c-6.4 0-12.8 6.4-12.8 12.8v134.4c0 6.4 6.4 12.8 12.8 12.8zM496 400H48V80c0-8.84-7.16-16-16-16H16C7.16 64 0 71.16 0 80v336c0 17.67 14.33 32 32 32h464c8.84 0 16-7.16 16-16v-16c0-8.84-7.16-16-16-16zm-387.2-48h22.4c6.4 0 12.8-6.4 12.8-12.8v-70.4c0-6.4-6.4-12.8-12.8-12.8h-22.4c-6.4 0-12.8 6.4-12.8 12.8v70.4c0 6.4 6.4 12.8 12.8 12.8z\" class=\"\"><\/path><\/svg><\/i> <img loading=\"lazy\" decoding=\"async\" width=\"16\" height=\"16\" alt=\"Loading\" src=\"https:\/\/temucotelevision.cl\/web\/wp-content\/plugins\/page-views-count\/ajax-loader-2x.gif\" border=0 \/><\/p><div class=\"pvc_clear\"><\/div>\n<p>Fiscal Regional Cristian Paredes inform\u00f3 que a la fecha 5 personas han sido formalizadas por delitos de uso il\u00edcito del fuego de la ley de bosques y 1 por un incendio intencional.<\/p>\n\n\n\n<p>Menos casos de incendios forestales que los ingresados a la misma fecha en el verano pasado, pero con un incremento de un 176% en la superficie destruida por el fuego.  As\u00ed lo revela un informe elaborado por la Unidad de An\u00e1lisis Criminal y Focos Investigativos de la Fiscal\u00eda de La Araucan\u00eda en base a las denuncias recibidas entre el 21 de diciembre de 2019 y el 20 de enero de 2020.<\/p>\n\n\n\n<p>El Fiscal Regional Cristi\u00e1n Paredes explic\u00f3 que en el primer mes de la temporada estival la Fiscal\u00eda recibi\u00f3 105 denuncias, 63 menos que las ingresados a la misma fecha del verano anterior (disminuci\u00f3n de un 63,8%). Sin embargo en relaci\u00f3n con la superficie afectada por el fuego, las denuncias reportan este a\u00f1o la destrucci\u00f3n de 1.358 hect\u00e1reas, lo cual est\u00e1 cerca de triplicar el da\u00f1o provocado por los incendios forestales a igual fecha (491 hect\u00e1reas).<\/p>\n\n\n\n<p>La mayor\u00eda de estas causas est\u00e1n siendo trabajadas por un equipo de fiscales que  investigar\u00e1n con dedicaci\u00f3n preferente los delitos asociados a este fen\u00f3meno, junto a la recientemente creada BIDEMA (Brigada Investigadora de Delitos Medioambientales) Temuco de la PDI.  <\/p>\n\n\n\n<p>7 causas fueron asignadas a la Fiscal\u00eda de Alta Complejidad por existir indicios de una posible vinculaci\u00f3n del incendio forestal con reivindicaciones territoriales.<\/p>\n\n\n\n<p>El fiscal Cristian Parades inform\u00f3 que 12 personas han sido identificadas en las investigaciones, de las cuales 5 han sido ya formalizadas por delitos de uso il\u00edcito del fuego de la Ley de Bosques (actos negligentes). Una sexta persona fue detenida y formalizada por un incendio intencional ocurrido en Collipulli.  En este \u00faltimo caso la causa fue suspendida a la espera del informe del Servicio M\u00e9dico Legal por existir antecedentes de enajenaci\u00f3n mental. <\/p>\n\n\n\n<p>Las comunas m\u00e1s afectadas por los incendios forestales son Traigu\u00e9n (574,5 ha), Ercilla (289 ha), Lumaco (224 ha), Angol (91 ha) y Chol Chol (74,6 ha).<\/p>\n\n\n\n<p>En tanto las que concentran el mayor n\u00famero de denuncias son Ercilla y Collipulli.<\/p>\n\n\n\n<p>Cabe destacar que en el periodo estival 2018-2019 la intensificaci\u00f3n de las denuncias se produjo en febrero, mes que concentr\u00f3 el 47% del total de ingresos.<\/p>\n","protected":false},"excerpt":{"rendered":"<div class=\"pvc_clear\"><\/div>\n<p id=\"pvc_stats_8081\" class=\"pvc_stats total_only  \" data-element-id=\"8081\" style=\"\"><i class=\"pvc-stats-icon large\" aria-hidden=\"true\"><svg aria-hidden=\"true\" focusable=\"false\" data-prefix=\"far\" data-icon=\"chart-bar\" role=\"img\" xmlns=\"http:\/\/www.w3.org\/2000\/svg\" viewBox=\"0 0 512 512\" class=\"svg-inline--fa fa-chart-bar fa-w-16 fa-2x\"><path fill=\"currentColor\" d=\"M396.8 352h22.4c6.4 0 12.8-6.4 12.8-12.8V108.8c0-6.4-6.4-12.8-12.8-12.8h-22.4c-6.4 0-12.8 6.4-12.8 12.8v230.4c0 6.4 6.4 12.8 12.8 12.8zm-192 0h22.4c6.4 0 12.8-6.4 12.8-12.8V140.8c0-6.4-6.4-12.8-12.8-12.8h-22.4c-6.4 0-12.8 6.4-12.8 12.8v198.4c0 6.4 6.4 12.8 12.8 12.8zm96 0h22.4c6.4 0 12.8-6.4 12.8-12.8V204.8c0-6.4-6.4-12.8-12.8-12.8h-22.4c-6.4 0-12.8 6.4-12.8 12.8v134.4c0 6.4 6.4 12.8 12.8 12.8zM496 400H48V80c0-8.84-7.16-16-16-16H16C7.16 64 0 71.16 0 80v336c0 17.67 14.33 32 32 32h464c8.84 0 16-7.16 16-16v-16c0-8.84-7.16-16-16-16zm-387.2-48h22.4c6.4 0 12.8-6.4 12.8-12.8v-70.4c0-6.4-6.4-12.8-12.8-12.8h-22.4c-6.4 0-12.8 6.4-12.8 12.8v70.4c0 6.4 6.4 12.8 12.8 12.8z\" class=\"\"><\/path><\/svg><\/i> <img loading=\"lazy\" decoding=\"async\" width=\"16\" height=\"16\" alt=\"Loading\" src=\"https:\/\/temucotelevision.cl\/web\/wp-content\/plugins\/page-views-count\/ajax-loader-2x.gif\" border=0 \/><\/p>\n<div class=\"pvc_clear\"><\/div>\n<p>Fiscal Regional Cristian Paredes inform\u00f3 que a la fecha 5 personas han sido formalizadas por delitos de uso il\u00edcito del<\/p>\n","protected":false},"author":1,"featured_media":1495,"comment_status":"open","ping_status":"open","sticky":false,"template":"","format":"standard","meta":{"colormag_page_container_layout":"default_layout","colormag_page_sidebar_layout":"default_layout","footnotes":""},"categories":[15],"tags":[448],"class_list":["post-8081","post","type-post","status-publish","format-standard","has-post-thumbnail","hentry","category-la-araucania","tag-fiscalia"],"a3_pvc":{"activated":true,"total_views":15,"today_views":0},"_links":{"self":[{"href":"https:\/\/temucotelevision.cl\/web\/wp-json\/wp\/v2\/posts\/8081","targetHints":{"allow":["GET"]}}],"collection":[{"href":"https:\/\/temucotelevision.cl\/web\/wp-json\/wp\/v2\/posts"}],"about":[{"href":"https:\/\/temucotelevision.cl\/web\/wp-json\/wp\/v2\/types\/post"}],"author":[{"embeddable":true,"href":"https:\/\/temucotelevision.cl\/web\/wp-json\/wp\/v2\/users\/1"}],"replies":[{"embeddable":true,"href":"https:\/\/temucotelevision.cl\/web\/wp-json\/wp\/v2\/comments?post=8081"}],"version-history":[{"count":1,"href":"https:\/\/temucotelevision.cl\/web\/wp-json\/wp\/v2\/posts\/8081\/revisions"}],"predecessor-version":[{"id":8082,"href":"https:\/\/temucotelevision.cl\/web\/wp-json\/wp\/v2\/posts\/8081\/revisions\/8082"}],"wp:featuredmedia":[{"embeddable":true,"href":"https:\/\/temucotelevision.cl\/web\/wp-json\/wp\/v2\/media\/1495"}],"wp:attachment":[{"href":"https:\/\/temucotelevision.cl\/web\/wp-json\/wp\/v2\/media?parent=8081"}],"wp:term":[{"taxonomy":"category","embeddable":true,"href":"https:\/\/temucotelevision.cl\/web\/wp-json\/wp\/v2\/categories?post=8081"},{"taxonomy":"post_tag","embeddable":true,"href":"https:\/\/temucotelevision.cl\/web\/wp-json\/wp\/v2\/tags?post=8081"}],"curies":[{"name":"wp","href":"https:\/\/api.w.org\/{rel}","templated":true}]}}