{"id":8075,"date":"2020-01-24T16:21:38","date_gmt":"2020-01-24T19:21:38","guid":{"rendered":"https:\/\/temucotelevision.cl\/web\/?p=8075"},"modified":"2020-01-24T16:21:40","modified_gmt":"2020-01-24T19:21:40","slug":"para-proceso-constituyente-partido-pone-sus-cupos-a-disposicion-de-independientes-y-organizaciones-sociales%ef%bb%bf","status":"publish","type":"post","link":"https:\/\/temucotelevision.cl\/web\/2020\/01\/24\/para-proceso-constituyente-partido-pone-sus-cupos-a-disposicion-de-independientes-y-organizaciones-sociales%ef%bb%bf\/","title":{"rendered":"Para Proceso Constituyente Partido pone sus cupos a disposici\u00f3n de independientes y organizaciones sociales\ufeff"},"content":{"rendered":"<div class=\"pvc_clear\"><\/div><p id=\"pvc_stats_8075\" class=\"pvc_stats total_only  \" data-element-id=\"8075\" style=\"\"><i class=\"pvc-stats-icon large\" aria-hidden=\"true\"><svg aria-hidden=\"true\" focusable=\"false\" data-prefix=\"far\" data-icon=\"chart-bar\" role=\"img\" xmlns=\"http:\/\/www.w3.org\/2000\/svg\" viewBox=\"0 0 512 512\" class=\"svg-inline--fa fa-chart-bar fa-w-16 fa-2x\"><path fill=\"currentColor\" d=\"M396.8 352h22.4c6.4 0 12.8-6.4 12.8-12.8V108.8c0-6.4-6.4-12.8-12.8-12.8h-22.4c-6.4 0-12.8 6.4-12.8 12.8v230.4c0 6.4 6.4 12.8 12.8 12.8zm-192 0h22.4c6.4 0 12.8-6.4 12.8-12.8V140.8c0-6.4-6.4-12.8-12.8-12.8h-22.4c-6.4 0-12.8 6.4-12.8 12.8v198.4c0 6.4 6.4 12.8 12.8 12.8zm96 0h22.4c6.4 0 12.8-6.4 12.8-12.8V204.8c0-6.4-6.4-12.8-12.8-12.8h-22.4c-6.4 0-12.8 6.4-12.8 12.8v134.4c0 6.4 6.4 12.8 12.8 12.8zM496 400H48V80c0-8.84-7.16-16-16-16H16C7.16 64 0 71.16 0 80v336c0 17.67 14.33 32 32 32h464c8.84 0 16-7.16 16-16v-16c0-8.84-7.16-16-16-16zm-387.2-48h22.4c6.4 0 12.8-6.4 12.8-12.8v-70.4c0-6.4-6.4-12.8-12.8-12.8h-22.4c-6.4 0-12.8 6.4-12.8 12.8v70.4c0 6.4 6.4 12.8 12.8 12.8z\" class=\"\"><\/path><\/svg><\/i> <img loading=\"lazy\" decoding=\"async\" width=\"16\" height=\"16\" alt=\"Loading\" src=\"https:\/\/temucotelevision.cl\/web\/wp-content\/plugins\/page-views-count\/ajax-loader-2x.gif\" border=0 \/><\/p><div class=\"pvc_clear\"><\/div>\n<p>Con el objetivo de colaborar y poner el instrumento a disposici\u00f3n de nuevos actores en el proceso constituyente, la Federaci\u00f3n Regionalista Verde de La Araucan\u00eda (FREVS) acord\u00f3 poner sus cupos electorales exclusivamente para dirigentes, organizaciones sociales y ciudadanos independientes a la Convenci\u00f3n Constitucional.<\/p>\n\n\n\n<p>As\u00ed lo dieron a conocer los coordinadores de este nuevo partido en La Araucania, quienes argumentaron su decisi\u00f3n con el esp\u00edritu de abrir el partido a quienes deseen competir de cara a los esca\u00f1os que se dispondr\u00e1n en la convenci\u00f3n constitucional, asi buscamos contribuir a igualar la cancha para los independientes, esperando que se garantice una legislaci\u00f3n en igualdad de condiciones frente a quienes son militantes de los partidos pol\u00edticos en la regi\u00f3n.<\/p>\n\n\n\n<p>\u201cEste fue un acuerdo un\u00e1nime de nuestra comisi\u00f3n pol\u00edtica, queremos que el movimiento social que fue el impulsor de este momento constituyente hist\u00f3rico que vive el pa\u00eds, sean los protagonistas en la construcci\u00f3n y propuesta para una nueva constituci\u00f3n, nosotros nos pondremos atr\u00e1s de ellos para colaborar y contribuir en el \u00e9xito de su postulaci\u00f3n\u201d, comentaron.<\/p>\n\n\n\n<p>Agregaron que \u201chemos adem\u00e1s propuesto un proceso constituyente con equidad territorial, es decir, que surjan asambleas constituyentes comunales con una elecci\u00f3n similar a las de los concejales, para que est\u00e9n representados los territorios y se cumpla con una activa y democr\u00e1tica participaci\u00f3n de la m\u00e1s amplia diversidad territorial de nuestro pa\u00eds. No queremos que el modelo parlamentarista invisibilice a las comunas y territorios\u201d.<\/p>\n\n\n\n<p>Por \u00faltimo, los Regionalistas Verdes esperan que los dirigentes sociales, mapuche, sindicales, culturales y vecinales tengan igualdad de participaci\u00f3n frente a la estructura tradicional y cl\u00e1sica parlamentaria que favorece a los partidos pol\u00edticos, que fue lo que firmaron los partidos en el acuerdo por la paz en noviembre pasado, sin embargo, \u201clos regionalistas ponemos nuestros cupos a disposici\u00f3n de los independientes\u201d, recalcaron.<\/p>\n","protected":false},"excerpt":{"rendered":"<div class=\"pvc_clear\"><\/div>\n<p id=\"pvc_stats_8075\" class=\"pvc_stats total_only  \" data-element-id=\"8075\" style=\"\"><i class=\"pvc-stats-icon large\" aria-hidden=\"true\"><svg aria-hidden=\"true\" focusable=\"false\" data-prefix=\"far\" data-icon=\"chart-bar\" role=\"img\" xmlns=\"http:\/\/www.w3.org\/2000\/svg\" viewBox=\"0 0 512 512\" class=\"svg-inline--fa fa-chart-bar fa-w-16 fa-2x\"><path fill=\"currentColor\" d=\"M396.8 352h22.4c6.4 0 12.8-6.4 12.8-12.8V108.8c0-6.4-6.4-12.8-12.8-12.8h-22.4c-6.4 0-12.8 6.4-12.8 12.8v230.4c0 6.4 6.4 12.8 12.8 12.8zm-192 0h22.4c6.4 0 12.8-6.4 12.8-12.8V140.8c0-6.4-6.4-12.8-12.8-12.8h-22.4c-6.4 0-12.8 6.4-12.8 12.8v198.4c0 6.4 6.4 12.8 12.8 12.8zm96 0h22.4c6.4 0 12.8-6.4 12.8-12.8V204.8c0-6.4-6.4-12.8-12.8-12.8h-22.4c-6.4 0-12.8 6.4-12.8 12.8v134.4c0 6.4 6.4 12.8 12.8 12.8zM496 400H48V80c0-8.84-7.16-16-16-16H16C7.16 64 0 71.16 0 80v336c0 17.67 14.33 32 32 32h464c8.84 0 16-7.16 16-16v-16c0-8.84-7.16-16-16-16zm-387.2-48h22.4c6.4 0 12.8-6.4 12.8-12.8v-70.4c0-6.4-6.4-12.8-12.8-12.8h-22.4c-6.4 0-12.8 6.4-12.8 12.8v70.4c0 6.4 6.4 12.8 12.8 12.8z\" class=\"\"><\/path><\/svg><\/i> <img loading=\"lazy\" decoding=\"async\" width=\"16\" height=\"16\" alt=\"Loading\" src=\"https:\/\/temucotelevision.cl\/web\/wp-content\/plugins\/page-views-count\/ajax-loader-2x.gif\" border=0 \/><\/p>\n<div class=\"pvc_clear\"><\/div>\n<p>Con el objetivo de colaborar y poner el instrumento a disposici\u00f3n de nuevos actores en el proceso constituyente, la Federaci\u00f3n<\/p>\n","protected":false},"author":1,"featured_media":8076,"comment_status":"open","ping_status":"open","sticky":false,"template":"","format":"standard","meta":{"colormag_page_container_layout":"default_layout","colormag_page_sidebar_layout":"default_layout","footnotes":""},"categories":[84],"tags":[1724,2184],"class_list":["post-8075","post","type-post","status-publish","format-standard","has-post-thumbnail","hentry","category-politica","tag-partido","tag-proceso"],"a3_pvc":{"activated":true,"total_views":32,"today_views":0},"_links":{"self":[{"href":"https:\/\/temucotelevision.cl\/web\/wp-json\/wp\/v2\/posts\/8075","targetHints":{"allow":["GET"]}}],"collection":[{"href":"https:\/\/temucotelevision.cl\/web\/wp-json\/wp\/v2\/posts"}],"about":[{"href":"https:\/\/temucotelevision.cl\/web\/wp-json\/wp\/v2\/types\/post"}],"author":[{"embeddable":true,"href":"https:\/\/temucotelevision.cl\/web\/wp-json\/wp\/v2\/users\/1"}],"replies":[{"embeddable":true,"href":"https:\/\/temucotelevision.cl\/web\/wp-json\/wp\/v2\/comments?post=8075"}],"version-history":[{"count":1,"href":"https:\/\/temucotelevision.cl\/web\/wp-json\/wp\/v2\/posts\/8075\/revisions"}],"predecessor-version":[{"id":8077,"href":"https:\/\/temucotelevision.cl\/web\/wp-json\/wp\/v2\/posts\/8075\/revisions\/8077"}],"wp:featuredmedia":[{"embeddable":true,"href":"https:\/\/temucotelevision.cl\/web\/wp-json\/wp\/v2\/media\/8076"}],"wp:attachment":[{"href":"https:\/\/temucotelevision.cl\/web\/wp-json\/wp\/v2\/media?parent=8075"}],"wp:term":[{"taxonomy":"category","embeddable":true,"href":"https:\/\/temucotelevision.cl\/web\/wp-json\/wp\/v2\/categories?post=8075"},{"taxonomy":"post_tag","embeddable":true,"href":"https:\/\/temucotelevision.cl\/web\/wp-json\/wp\/v2\/tags?post=8075"}],"curies":[{"name":"wp","href":"https:\/\/api.w.org\/{rel}","templated":true}]}}