{"id":8060,"date":"2020-01-24T10:03:11","date_gmt":"2020-01-24T13:03:11","guid":{"rendered":"https:\/\/temucotelevision.cl\/web\/?p=8060"},"modified":"2020-01-24T10:03:12","modified_gmt":"2020-01-24T13:03:12","slug":"mas-de-80-fardos-de-trebol-fueron-entregados-a-los-cochayuyeros-que-estan-en-temuco%ef%bb%bf","status":"publish","type":"post","link":"https:\/\/temucotelevision.cl\/web\/2020\/01\/24\/mas-de-80-fardos-de-trebol-fueron-entregados-a-los-cochayuyeros-que-estan-en-temuco%ef%bb%bf\/","title":{"rendered":"M\u00e1s de 80 fardos de tr\u00e9bol fueron entregados a los cochayuyeros que est\u00e1n en Temuco\ufeff"},"content":{"rendered":"<div class=\"pvc_clear\"><\/div><p id=\"pvc_stats_8060\" class=\"pvc_stats total_only  \" data-element-id=\"8060\" style=\"\"><i class=\"pvc-stats-icon large\" aria-hidden=\"true\"><svg aria-hidden=\"true\" focusable=\"false\" data-prefix=\"far\" data-icon=\"chart-bar\" role=\"img\" xmlns=\"http:\/\/www.w3.org\/2000\/svg\" viewBox=\"0 0 512 512\" class=\"svg-inline--fa fa-chart-bar fa-w-16 fa-2x\"><path fill=\"currentColor\" d=\"M396.8 352h22.4c6.4 0 12.8-6.4 12.8-12.8V108.8c0-6.4-6.4-12.8-12.8-12.8h-22.4c-6.4 0-12.8 6.4-12.8 12.8v230.4c0 6.4 6.4 12.8 12.8 12.8zm-192 0h22.4c6.4 0 12.8-6.4 12.8-12.8V140.8c0-6.4-6.4-12.8-12.8-12.8h-22.4c-6.4 0-12.8 6.4-12.8 12.8v198.4c0 6.4 6.4 12.8 12.8 12.8zm96 0h22.4c6.4 0 12.8-6.4 12.8-12.8V204.8c0-6.4-6.4-12.8-12.8-12.8h-22.4c-6.4 0-12.8 6.4-12.8 12.8v134.4c0 6.4 6.4 12.8 12.8 12.8zM496 400H48V80c0-8.84-7.16-16-16-16H16C7.16 64 0 71.16 0 80v336c0 17.67 14.33 32 32 32h464c8.84 0 16-7.16 16-16v-16c0-8.84-7.16-16-16-16zm-387.2-48h22.4c6.4 0 12.8-6.4 12.8-12.8v-70.4c0-6.4-6.4-12.8-12.8-12.8h-22.4c-6.4 0-12.8 6.4-12.8 12.8v70.4c0 6.4 6.4 12.8 12.8 12.8z\" class=\"\"><\/path><\/svg><\/i> <img loading=\"lazy\" decoding=\"async\" width=\"16\" height=\"16\" alt=\"Loading\" src=\"https:\/\/temucotelevision.cl\/web\/wp-content\/plugins\/page-views-count\/ajax-loader-2x.gif\" border=0 \/><\/p><div class=\"pvc_clear\"><\/div>\n<p><em>Donaci\u00f3n fue hecha por agricultores de La Araucan\u00eda y fue gestionada por el seremi de Agricultura, quien fue a dejar el alimento para los bueyes junto al seremi de Desarrollo Social y el de las Culturas, las Artes y el Patrimonio.&nbsp;&nbsp;&nbsp;&nbsp;<\/em><\/p>\n\n\n\n<p>M\u00e1s de 80 fardos de tr\u00e9bol, fueron trasladados hasta el sitio donde los cochayuyeros y sus 26 carretas, descansan y alojan en Temuco. El alimento para sus bueyes, fue una donaci\u00f3n de agricultores de La Araucan\u00eda que fue gestionada por el seremi de Agricultura Ricardo Senn, quien, junto al seremi de desarrollo Social, Rodrigo Carrasco y el seremi de las Culturas, las Artes y el Patrimonio, Enzo Cortesi, fueron a entregar estos fardos al lugar donde los cochayuyeros se est\u00e1n quedando en la capital regional.&nbsp;<\/p>\n\n\n\n<p>\u201cNos agrada mucho como Ministerio de Agricultura y como Gobierno, cumplir con este compromiso que se hizo con el Ministerio de las Culturas, las Artes y el Patrimonio, para apoyar a los cochayuyeros. Entregamos un espacio para que se pudieran quedar durante el verano y ahora hacemos la segunda entrega de fardos, donde son 80 de primera calidad y de tr\u00e9bol, para que las 26 carretas, que recorren Temuco y sus alrededores, puedan sus bueyes alimentarse bien y no tengan ning\u00fan problema. Esto es muy relevante ya que realizan un trabajo muy tradicional que rescata nuestra cultura regional, que es tan importante para todos nosotros y que es tan gratificante de ver en nuestras calles\u201d, dijo el seremi de Agricultura Ricardo Senn.&nbsp;<\/p>\n\n\n\n<p>Sobre la gesti\u00f3n para conseguir estos fardos, el encargado del agro en la regi\u00f3n precis\u00f3 que, \u201chicimos una campa\u00f1a, conseguimos fardos con agricultores regionales, que son de primera calidad y los llevamos al terreno donde se est\u00e1n quedando los cochayuyeros, a un costado del Hogar Mapuche Estudiantil, para que los bueyes se puedan alimentar. Esperamos seguir, como Ministerio, contribuyendo, siempre, cada vez que nos necesiten, a mantener nuestras tradiciones, porque de eso est\u00e1 compuesta la cultura de nuestra Regi\u00f3n y el pa\u00eds\u201d, coment\u00f3 el seremi Ricardo Senn.<\/p>\n\n\n\n<p>Esta es la segunda entrega que se realiza de fardos a quienes practican esta forma ancestral de recolecci\u00f3n y venta del cochayuyo. En diciembre pasado, fue la Sociedad de Fomento Agr\u00edcola, (SOFO), quienes donaron este alimento para los bueyes, que fue llevado hasta el sitio donde se encuentran gracias al apoyo del municipio de Temuco.<\/p>\n\n\n\n<p>Recordemos, adem\u00e1s, que hace un mes en el Pabell\u00f3n Araucan\u00eda se realiz\u00f3 una ceremonia con los cochayuyeros y autoridades regionales, donde se les brind\u00f3 un homenaje por su legado patrimonial.<\/p>\n","protected":false},"excerpt":{"rendered":"<div class=\"pvc_clear\"><\/div>\n<p id=\"pvc_stats_8060\" class=\"pvc_stats total_only  \" data-element-id=\"8060\" style=\"\"><i class=\"pvc-stats-icon large\" aria-hidden=\"true\"><svg aria-hidden=\"true\" focusable=\"false\" data-prefix=\"far\" data-icon=\"chart-bar\" role=\"img\" xmlns=\"http:\/\/www.w3.org\/2000\/svg\" viewBox=\"0 0 512 512\" class=\"svg-inline--fa fa-chart-bar fa-w-16 fa-2x\"><path fill=\"currentColor\" d=\"M396.8 352h22.4c6.4 0 12.8-6.4 12.8-12.8V108.8c0-6.4-6.4-12.8-12.8-12.8h-22.4c-6.4 0-12.8 6.4-12.8 12.8v230.4c0 6.4 6.4 12.8 12.8 12.8zm-192 0h22.4c6.4 0 12.8-6.4 12.8-12.8V140.8c0-6.4-6.4-12.8-12.8-12.8h-22.4c-6.4 0-12.8 6.4-12.8 12.8v198.4c0 6.4 6.4 12.8 12.8 12.8zm96 0h22.4c6.4 0 12.8-6.4 12.8-12.8V204.8c0-6.4-6.4-12.8-12.8-12.8h-22.4c-6.4 0-12.8 6.4-12.8 12.8v134.4c0 6.4 6.4 12.8 12.8 12.8zM496 400H48V80c0-8.84-7.16-16-16-16H16C7.16 64 0 71.16 0 80v336c0 17.67 14.33 32 32 32h464c8.84 0 16-7.16 16-16v-16c0-8.84-7.16-16-16-16zm-387.2-48h22.4c6.4 0 12.8-6.4 12.8-12.8v-70.4c0-6.4-6.4-12.8-12.8-12.8h-22.4c-6.4 0-12.8 6.4-12.8 12.8v70.4c0 6.4 6.4 12.8 12.8 12.8z\" class=\"\"><\/path><\/svg><\/i> <img loading=\"lazy\" decoding=\"async\" width=\"16\" height=\"16\" alt=\"Loading\" src=\"https:\/\/temucotelevision.cl\/web\/wp-content\/plugins\/page-views-count\/ajax-loader-2x.gif\" border=0 \/><\/p>\n<div class=\"pvc_clear\"><\/div>\n<p>Donaci\u00f3n fue hecha por agricultores de La Araucan\u00eda y fue gestionada por el seremi de Agricultura, quien fue a dejar<\/p>\n","protected":false},"author":1,"featured_media":8061,"comment_status":"open","ping_status":"open","sticky":false,"template":"","format":"standard","meta":{"colormag_page_container_layout":"default_layout","colormag_page_sidebar_layout":"default_layout","footnotes":""},"categories":[15],"tags":[1470,669],"class_list":["post-8060","post","type-post","status-publish","format-standard","has-post-thumbnail","hentry","category-la-araucania","tag-cochayuyeros","tag-fardos"],"a3_pvc":{"activated":true,"total_views":70,"today_views":0},"_links":{"self":[{"href":"https:\/\/temucotelevision.cl\/web\/wp-json\/wp\/v2\/posts\/8060","targetHints":{"allow":["GET"]}}],"collection":[{"href":"https:\/\/temucotelevision.cl\/web\/wp-json\/wp\/v2\/posts"}],"about":[{"href":"https:\/\/temucotelevision.cl\/web\/wp-json\/wp\/v2\/types\/post"}],"author":[{"embeddable":true,"href":"https:\/\/temucotelevision.cl\/web\/wp-json\/wp\/v2\/users\/1"}],"replies":[{"embeddable":true,"href":"https:\/\/temucotelevision.cl\/web\/wp-json\/wp\/v2\/comments?post=8060"}],"version-history":[{"count":1,"href":"https:\/\/temucotelevision.cl\/web\/wp-json\/wp\/v2\/posts\/8060\/revisions"}],"predecessor-version":[{"id":8062,"href":"https:\/\/temucotelevision.cl\/web\/wp-json\/wp\/v2\/posts\/8060\/revisions\/8062"}],"wp:featuredmedia":[{"embeddable":true,"href":"https:\/\/temucotelevision.cl\/web\/wp-json\/wp\/v2\/media\/8061"}],"wp:attachment":[{"href":"https:\/\/temucotelevision.cl\/web\/wp-json\/wp\/v2\/media?parent=8060"}],"wp:term":[{"taxonomy":"category","embeddable":true,"href":"https:\/\/temucotelevision.cl\/web\/wp-json\/wp\/v2\/categories?post=8060"},{"taxonomy":"post_tag","embeddable":true,"href":"https:\/\/temucotelevision.cl\/web\/wp-json\/wp\/v2\/tags?post=8060"}],"curies":[{"name":"wp","href":"https:\/\/api.w.org\/{rel}","templated":true}]}}