{"id":806,"date":"2019-01-24T10:28:33","date_gmt":"2019-01-24T13:28:33","guid":{"rendered":"https:\/\/temucotelevision.cl\/web\/?p=806"},"modified":"2019-01-24T10:28:33","modified_gmt":"2019-01-24T13:28:33","slug":"hasta-fines-de-enero-bus-de-la-justicia-continua-su-recorrido-por-sectores-rurales-de-la-araucania","status":"publish","type":"post","link":"https:\/\/temucotelevision.cl\/web\/2019\/01\/24\/hasta-fines-de-enero-bus-de-la-justicia-continua-su-recorrido-por-sectores-rurales-de-la-araucania\/","title":{"rendered":"Hasta fines de enero bus de la justicia contin\u00faa su recorrido por sectores rurales de La Araucan\u00eda"},"content":{"rendered":"<div class=\"pvc_clear\"><\/div>\n<p id=\"pvc_stats_806\" class=\"pvc_stats total_only  \" data-element-id=\"806\" style=\"\"><i class=\"pvc-stats-icon large\" aria-hidden=\"true\"><svg aria-hidden=\"true\" focusable=\"false\" data-prefix=\"far\" data-icon=\"chart-bar\" role=\"img\" xmlns=\"http:\/\/www.w3.org\/2000\/svg\" viewBox=\"0 0 512 512\" class=\"svg-inline--fa fa-chart-bar fa-w-16 fa-2x\"><path fill=\"currentColor\" d=\"M396.8 352h22.4c6.4 0 12.8-6.4 12.8-12.8V108.8c0-6.4-6.4-12.8-12.8-12.8h-22.4c-6.4 0-12.8 6.4-12.8 12.8v230.4c0 6.4 6.4 12.8 12.8 12.8zm-192 0h22.4c6.4 0 12.8-6.4 12.8-12.8V140.8c0-6.4-6.4-12.8-12.8-12.8h-22.4c-6.4 0-12.8 6.4-12.8 12.8v198.4c0 6.4 6.4 12.8 12.8 12.8zm96 0h22.4c6.4 0 12.8-6.4 12.8-12.8V204.8c0-6.4-6.4-12.8-12.8-12.8h-22.4c-6.4 0-12.8 6.4-12.8 12.8v134.4c0 6.4 6.4 12.8 12.8 12.8zM496 400H48V80c0-8.84-7.16-16-16-16H16C7.16 64 0 71.16 0 80v336c0 17.67 14.33 32 32 32h464c8.84 0 16-7.16 16-16v-16c0-8.84-7.16-16-16-16zm-387.2-48h22.4c6.4 0 12.8-6.4 12.8-12.8v-70.4c0-6.4-6.4-12.8-12.8-12.8h-22.4c-6.4 0-12.8 6.4-12.8 12.8v70.4c0 6.4 6.4 12.8 12.8 12.8z\" class=\"\"><\/path><\/svg><\/i> <img loading=\"lazy\" decoding=\"async\" width=\"16\" height=\"16\" alt=\"Loading\" src=\"https:\/\/temucotelevision.cl\/web\/wp-content\/plugins\/page-views-count\/ajax-loader-2x.gif\" border=0 \/><\/p>\n<div class=\"pvc_clear\"><\/div>\n<p style=\"text-align: justify;\">Con el prop\u00f3sito de atender consultas de los residentes de las localidades m\u00e1s apartadas de la regi\u00f3n de La Araucan\u00eda, el Bus de la Justicia del Poder Judicial decidi\u00f3 ampliar su agenda hasta el 31 de enero de 2019.<\/p>\n<p style=\"text-align: justify;\">Durante este periodo, el m\u00f3vil est\u00e1 visitando las localidades de: Radal, Cholchol, Puerto Saavedra, Queule, Quepe y Temuco, atendiendo gratuitamente las consultas de los ciudadanos, de 9 a 14 horas.<\/p>\n<p style=\"text-align: justify;\">El Bus constituye la representaci\u00f3n material del proyecto Justicia M\u00f3vil del Poder Judicial, que brinda informaci\u00f3n gratuita sobre la labor de los tribunales de justicia, orientaci\u00f3n sobre el estado de causas y tr\u00e1mites simples que no requieran comparecencia o patrocinio de abogados, como la pensi\u00f3n de alimentos, divorcios, herencias, posesi\u00f3n efectiva, cuidado personal del ni\u00f1o, eliminaci\u00f3n de antecedentes, despido injustificado, y violencia intrafamiliar, entre otros.<\/p>\n<p style=\"text-align: justify;\">\u201cEn mi calidad de presidente del m\u00e1ximo tribunal de esta jurisdicci\u00f3n, invito a los vecinos y residentes de los sectores rurales de La Araucan\u00eda, para que aprovechen la visita del Bus de la Justicia en sus territorios, cuyo calendario que est\u00e1 siendo difundido por los medios de comunicaci\u00f3n, y asistan a formular sus consultas, de manera gratuita y confidencial\u201d, expres\u00f3 el presidente de la Corte de Apelaciones de Temuco, ministro \u00c1lvaro Mesa Latorre.<\/p>\n","protected":false},"excerpt":{"rendered":"<div class=\"pvc_clear\"><\/div>\n<p id=\"pvc_stats_806\" class=\"pvc_stats total_only  \" data-element-id=\"806\" style=\"\"><i class=\"pvc-stats-icon large\" aria-hidden=\"true\"><svg aria-hidden=\"true\" focusable=\"false\" data-prefix=\"far\" data-icon=\"chart-bar\" role=\"img\" xmlns=\"http:\/\/www.w3.org\/2000\/svg\" viewBox=\"0 0 512 512\" class=\"svg-inline--fa fa-chart-bar fa-w-16 fa-2x\"><path fill=\"currentColor\" d=\"M396.8 352h22.4c6.4 0 12.8-6.4 12.8-12.8V108.8c0-6.4-6.4-12.8-12.8-12.8h-22.4c-6.4 0-12.8 6.4-12.8 12.8v230.4c0 6.4 6.4 12.8 12.8 12.8zm-192 0h22.4c6.4 0 12.8-6.4 12.8-12.8V140.8c0-6.4-6.4-12.8-12.8-12.8h-22.4c-6.4 0-12.8 6.4-12.8 12.8v198.4c0 6.4 6.4 12.8 12.8 12.8zm96 0h22.4c6.4 0 12.8-6.4 12.8-12.8V204.8c0-6.4-6.4-12.8-12.8-12.8h-22.4c-6.4 0-12.8 6.4-12.8 12.8v134.4c0 6.4 6.4 12.8 12.8 12.8zM496 400H48V80c0-8.84-7.16-16-16-16H16C7.16 64 0 71.16 0 80v336c0 17.67 14.33 32 32 32h464c8.84 0 16-7.16 16-16v-16c0-8.84-7.16-16-16-16zm-387.2-48h22.4c6.4 0 12.8-6.4 12.8-12.8v-70.4c0-6.4-6.4-12.8-12.8-12.8h-22.4c-6.4 0-12.8 6.4-12.8 12.8v70.4c0 6.4 6.4 12.8 12.8 12.8z\" class=\"\"><\/path><\/svg><\/i> <img loading=\"lazy\" decoding=\"async\" width=\"16\" height=\"16\" alt=\"Loading\" src=\"https:\/\/temucotelevision.cl\/web\/wp-content\/plugins\/page-views-count\/ajax-loader-2x.gif\" border=0 \/><\/p>\n<div class=\"pvc_clear\"><\/div>\n<p>Con el prop\u00f3sito de atender consultas de los residentes de las localidades m\u00e1s apartadas de la regi\u00f3n de La Araucan\u00eda,<\/p>\n","protected":false},"author":1,"featured_media":807,"comment_status":"open","ping_status":"open","sticky":false,"template":"","format":"standard","meta":{"colormag_page_container_layout":"default_layout","colormag_page_sidebar_layout":"default_layout","footnotes":""},"categories":[15],"tags":[197,199,198,170],"class_list":["post-806","post","type-post","status-publish","format-standard","has-post-thumbnail","hentry","category-la-araucania","tag-bus","tag-comunas","tag-justicia","tag-region"],"a3_pvc":{"activated":true,"total_views":40,"today_views":0},"_links":{"self":[{"href":"https:\/\/temucotelevision.cl\/web\/wp-json\/wp\/v2\/posts\/806","targetHints":{"allow":["GET"]}}],"collection":[{"href":"https:\/\/temucotelevision.cl\/web\/wp-json\/wp\/v2\/posts"}],"about":[{"href":"https:\/\/temucotelevision.cl\/web\/wp-json\/wp\/v2\/types\/post"}],"author":[{"embeddable":true,"href":"https:\/\/temucotelevision.cl\/web\/wp-json\/wp\/v2\/users\/1"}],"replies":[{"embeddable":true,"href":"https:\/\/temucotelevision.cl\/web\/wp-json\/wp\/v2\/comments?post=806"}],"version-history":[{"count":1,"href":"https:\/\/temucotelevision.cl\/web\/wp-json\/wp\/v2\/posts\/806\/revisions"}],"predecessor-version":[{"id":808,"href":"https:\/\/temucotelevision.cl\/web\/wp-json\/wp\/v2\/posts\/806\/revisions\/808"}],"wp:featuredmedia":[{"embeddable":true,"href":"https:\/\/temucotelevision.cl\/web\/wp-json\/wp\/v2\/media\/807"}],"wp:attachment":[{"href":"https:\/\/temucotelevision.cl\/web\/wp-json\/wp\/v2\/media?parent=806"}],"wp:term":[{"taxonomy":"category","embeddable":true,"href":"https:\/\/temucotelevision.cl\/web\/wp-json\/wp\/v2\/categories?post=806"},{"taxonomy":"post_tag","embeddable":true,"href":"https:\/\/temucotelevision.cl\/web\/wp-json\/wp\/v2\/tags?post=806"}],"curies":[{"name":"wp","href":"https:\/\/api.w.org\/{rel}","templated":true}]}}