{"id":8058,"date":"2020-01-24T09:51:42","date_gmt":"2020-01-24T12:51:42","guid":{"rendered":"https:\/\/temucotelevision.cl\/web\/?p=8058"},"modified":"2020-01-24T09:51:44","modified_gmt":"2020-01-24T12:51:44","slug":"diputado-rathgeb-por-acusacion-contra-intendente-guevara-la-oposicion-no-quiere-avances-en-seguridad%ef%bb%bf","status":"publish","type":"post","link":"https:\/\/temucotelevision.cl\/web\/2020\/01\/24\/diputado-rathgeb-por-acusacion-contra-intendente-guevara-la-oposicion-no-quiere-avances-en-seguridad%ef%bb%bf\/","title":{"rendered":"Diputado Rathgeb por acusaci\u00f3n contra intendente Guevara: &#8220;La oposici\u00f3n no quiere avances en seguridad&#8221;\ufeff"},"content":{"rendered":"<div class=\"pvc_clear\"><\/div><p id=\"pvc_stats_8058\" class=\"pvc_stats total_only  \" data-element-id=\"8058\" style=\"\"><i class=\"pvc-stats-icon large\" aria-hidden=\"true\"><svg aria-hidden=\"true\" focusable=\"false\" data-prefix=\"far\" data-icon=\"chart-bar\" role=\"img\" xmlns=\"http:\/\/www.w3.org\/2000\/svg\" viewBox=\"0 0 512 512\" class=\"svg-inline--fa fa-chart-bar fa-w-16 fa-2x\"><path fill=\"currentColor\" d=\"M396.8 352h22.4c6.4 0 12.8-6.4 12.8-12.8V108.8c0-6.4-6.4-12.8-12.8-12.8h-22.4c-6.4 0-12.8 6.4-12.8 12.8v230.4c0 6.4 6.4 12.8 12.8 12.8zm-192 0h22.4c6.4 0 12.8-6.4 12.8-12.8V140.8c0-6.4-6.4-12.8-12.8-12.8h-22.4c-6.4 0-12.8 6.4-12.8 12.8v198.4c0 6.4 6.4 12.8 12.8 12.8zm96 0h22.4c6.4 0 12.8-6.4 12.8-12.8V204.8c0-6.4-6.4-12.8-12.8-12.8h-22.4c-6.4 0-12.8 6.4-12.8 12.8v134.4c0 6.4 6.4 12.8 12.8 12.8zM496 400H48V80c0-8.84-7.16-16-16-16H16C7.16 64 0 71.16 0 80v336c0 17.67 14.33 32 32 32h464c8.84 0 16-7.16 16-16v-16c0-8.84-7.16-16-16-16zm-387.2-48h22.4c6.4 0 12.8-6.4 12.8-12.8v-70.4c0-6.4-6.4-12.8-12.8-12.8h-22.4c-6.4 0-12.8 6.4-12.8 12.8v70.4c0 6.4 6.4 12.8 12.8 12.8z\" class=\"\"><\/path><\/svg><\/i> <img loading=\"lazy\" decoding=\"async\" width=\"16\" height=\"16\" alt=\"Loading\" src=\"https:\/\/temucotelevision.cl\/web\/wp-content\/plugins\/page-views-count\/ajax-loader-2x.gif\" border=0 \/><\/p><div class=\"pvc_clear\"><\/div>\n<p><strong>Parlamentario mostr\u00f3 su molestia luego que se aprobara la acusaci\u00f3n, indicando que algunos sectores solo quieren que al Gobierno le vaya mal.<\/strong><\/p>\n\n\n\n<p>Como una mala se\u00f1al para el pa\u00eds, donde se est\u00e1 avalando actos de violencia y delictuales, catalog\u00f3 el diputado de Renovaci\u00f3n Nacional por La Araucan\u00eda, Jorge Jorge Rathgeb Schifferli, la actitud de sus pares de izquierda que votaron a favor de la acusaci\u00f3n constitucional contra el intendente de la regi\u00f3n Metropolitana, Felipe Guevara.<\/p>\n\n\n\n<p>A juicio del parlamentario esto demuestra que algunos congresistas de izquierda, solo est\u00e1n interesados en que al Gobierno le vaya mal, tratando de buscar cualquier recurso con el fin de desestabilizarlo.<\/p>\n\n\n\n<p>Para el actual jefe de bancada de Renovaci\u00f3n Nacional, el objetivo de la oposici\u00f3n ahora est\u00e1 orientado en da\u00f1ar la imagen del ejecutivo, incurriendo en este tipo de actos que carecen de sustento, desviando la atenci\u00f3n de las prioridades nacionales como es el caso de legislar por la Nueva Agenda Social.<\/p>\n\n\n\n<p>&#8220;Haberse acogido la acusaci\u00f3n contra el intendente de la regi\u00f3n Metropolitana, por parte de la oposici\u00f3n es una mala se\u00f1al, es una muy mala noticia para la seguridad y la estabilidad que el pa\u00eds requiere. Un intendente que hab\u00eda tratado de poner orden, para que se reestableciera la normalidad finalmente es acusado y est\u00e1 punto de ser destituido por los votos de la oposici\u00f3n, que solo pretende que al Gobierno le vaya mal, que haya destrucci\u00f3n, delincuencia y que no se avance en el progreso para toda la ciudadan\u00eda&#8221;, puntualiz\u00f3 Rathgeb.&nbsp;<\/p>\n\n\n\n<p>El legislador fue m\u00e1s all\u00e1 y declar\u00f3 que Guevara no tiene responsabilidades en lo que se le intenta atribuir.<\/p>\n\n\n\n<p>&#8220;Esta es una acusaci\u00f3n injusta e infundada por cuanto las causales que ellos interpon\u00edan, no tienen fundamentos y no son de responsabilidad del intendente&#8221;, agreg\u00f3 el legislador de La Araucan\u00eda.<\/p>\n\n\n\n<p>Rathgeb finaliz\u00f3 que es el momento que prime el sentido com\u00fan y que se deje de hacer un mal h\u00e1bito acusar a las actuales autoridades de todo lo que ocurre en el pa\u00eds.<\/p>\n","protected":false},"excerpt":{"rendered":"<div class=\"pvc_clear\"><\/div>\n<p id=\"pvc_stats_8058\" class=\"pvc_stats total_only  \" data-element-id=\"8058\" style=\"\"><i class=\"pvc-stats-icon large\" aria-hidden=\"true\"><svg aria-hidden=\"true\" focusable=\"false\" data-prefix=\"far\" data-icon=\"chart-bar\" role=\"img\" xmlns=\"http:\/\/www.w3.org\/2000\/svg\" viewBox=\"0 0 512 512\" class=\"svg-inline--fa fa-chart-bar fa-w-16 fa-2x\"><path fill=\"currentColor\" d=\"M396.8 352h22.4c6.4 0 12.8-6.4 12.8-12.8V108.8c0-6.4-6.4-12.8-12.8-12.8h-22.4c-6.4 0-12.8 6.4-12.8 12.8v230.4c0 6.4 6.4 12.8 12.8 12.8zm-192 0h22.4c6.4 0 12.8-6.4 12.8-12.8V140.8c0-6.4-6.4-12.8-12.8-12.8h-22.4c-6.4 0-12.8 6.4-12.8 12.8v198.4c0 6.4 6.4 12.8 12.8 12.8zm96 0h22.4c6.4 0 12.8-6.4 12.8-12.8V204.8c0-6.4-6.4-12.8-12.8-12.8h-22.4c-6.4 0-12.8 6.4-12.8 12.8v134.4c0 6.4 6.4 12.8 12.8 12.8zM496 400H48V80c0-8.84-7.16-16-16-16H16C7.16 64 0 71.16 0 80v336c0 17.67 14.33 32 32 32h464c8.84 0 16-7.16 16-16v-16c0-8.84-7.16-16-16-16zm-387.2-48h22.4c6.4 0 12.8-6.4 12.8-12.8v-70.4c0-6.4-6.4-12.8-12.8-12.8h-22.4c-6.4 0-12.8 6.4-12.8 12.8v70.4c0 6.4 6.4 12.8 12.8 12.8z\" class=\"\"><\/path><\/svg><\/i> <img loading=\"lazy\" decoding=\"async\" width=\"16\" height=\"16\" alt=\"Loading\" src=\"https:\/\/temucotelevision.cl\/web\/wp-content\/plugins\/page-views-count\/ajax-loader-2x.gif\" border=0 \/><\/p>\n<div class=\"pvc_clear\"><\/div>\n<p>Parlamentario mostr\u00f3 su molestia luego que se aprobara la acusaci\u00f3n, indicando que algunos sectores solo quieren que al Gobierno le<\/p>\n","protected":false},"author":1,"featured_media":7351,"comment_status":"open","ping_status":"open","sticky":false,"template":"","format":"standard","meta":{"colormag_page_container_layout":"default_layout","colormag_page_sidebar_layout":"default_layout","footnotes":""},"categories":[84],"tags":[595],"class_list":["post-8058","post","type-post","status-publish","format-standard","has-post-thumbnail","hentry","category-politica","tag-intendente"],"a3_pvc":{"activated":true,"total_views":15,"today_views":0},"_links":{"self":[{"href":"https:\/\/temucotelevision.cl\/web\/wp-json\/wp\/v2\/posts\/8058","targetHints":{"allow":["GET"]}}],"collection":[{"href":"https:\/\/temucotelevision.cl\/web\/wp-json\/wp\/v2\/posts"}],"about":[{"href":"https:\/\/temucotelevision.cl\/web\/wp-json\/wp\/v2\/types\/post"}],"author":[{"embeddable":true,"href":"https:\/\/temucotelevision.cl\/web\/wp-json\/wp\/v2\/users\/1"}],"replies":[{"embeddable":true,"href":"https:\/\/temucotelevision.cl\/web\/wp-json\/wp\/v2\/comments?post=8058"}],"version-history":[{"count":1,"href":"https:\/\/temucotelevision.cl\/web\/wp-json\/wp\/v2\/posts\/8058\/revisions"}],"predecessor-version":[{"id":8059,"href":"https:\/\/temucotelevision.cl\/web\/wp-json\/wp\/v2\/posts\/8058\/revisions\/8059"}],"wp:featuredmedia":[{"embeddable":true,"href":"https:\/\/temucotelevision.cl\/web\/wp-json\/wp\/v2\/media\/7351"}],"wp:attachment":[{"href":"https:\/\/temucotelevision.cl\/web\/wp-json\/wp\/v2\/media?parent=8058"}],"wp:term":[{"taxonomy":"category","embeddable":true,"href":"https:\/\/temucotelevision.cl\/web\/wp-json\/wp\/v2\/categories?post=8058"},{"taxonomy":"post_tag","embeddable":true,"href":"https:\/\/temucotelevision.cl\/web\/wp-json\/wp\/v2\/tags?post=8058"}],"curies":[{"name":"wp","href":"https:\/\/api.w.org\/{rel}","templated":true}]}}