{"id":8047,"date":"2020-01-23T10:07:19","date_gmt":"2020-01-23T13:07:19","guid":{"rendered":"https:\/\/temucotelevision.cl\/web\/?p=8047"},"modified":"2020-01-23T10:09:10","modified_gmt":"2020-01-23T13:09:10","slug":"senadora-aravena-el-desarrollo-del-mundo-rural-es-el-camino-correcto","status":"publish","type":"post","link":"https:\/\/temucotelevision.cl\/web\/2020\/01\/23\/senadora-aravena-el-desarrollo-del-mundo-rural-es-el-camino-correcto\/","title":{"rendered":"Senadora Aravena: \u201cEl desarrollo del mundo rural es el camino correcto\u201d"},"content":{"rendered":"<div class=\"pvc_clear\"><\/div><p id=\"pvc_stats_8047\" class=\"pvc_stats total_only  \" data-element-id=\"8047\" style=\"\"><i class=\"pvc-stats-icon large\" aria-hidden=\"true\"><svg aria-hidden=\"true\" focusable=\"false\" data-prefix=\"far\" data-icon=\"chart-bar\" role=\"img\" xmlns=\"http:\/\/www.w3.org\/2000\/svg\" viewBox=\"0 0 512 512\" class=\"svg-inline--fa fa-chart-bar fa-w-16 fa-2x\"><path fill=\"currentColor\" d=\"M396.8 352h22.4c6.4 0 12.8-6.4 12.8-12.8V108.8c0-6.4-6.4-12.8-12.8-12.8h-22.4c-6.4 0-12.8 6.4-12.8 12.8v230.4c0 6.4 6.4 12.8 12.8 12.8zm-192 0h22.4c6.4 0 12.8-6.4 12.8-12.8V140.8c0-6.4-6.4-12.8-12.8-12.8h-22.4c-6.4 0-12.8 6.4-12.8 12.8v198.4c0 6.4 6.4 12.8 12.8 12.8zm96 0h22.4c6.4 0 12.8-6.4 12.8-12.8V204.8c0-6.4-6.4-12.8-12.8-12.8h-22.4c-6.4 0-12.8 6.4-12.8 12.8v134.4c0 6.4 6.4 12.8 12.8 12.8zM496 400H48V80c0-8.84-7.16-16-16-16H16C7.16 64 0 71.16 0 80v336c0 17.67 14.33 32 32 32h464c8.84 0 16-7.16 16-16v-16c0-8.84-7.16-16-16-16zm-387.2-48h22.4c6.4 0 12.8-6.4 12.8-12.8v-70.4c0-6.4-6.4-12.8-12.8-12.8h-22.4c-6.4 0-12.8 6.4-12.8 12.8v70.4c0 6.4 6.4 12.8 12.8 12.8z\" class=\"\"><\/path><\/svg><\/i> <img loading=\"lazy\" decoding=\"async\" width=\"16\" height=\"16\" alt=\"Loading\" src=\"https:\/\/temucotelevision.cl\/web\/wp-content\/plugins\/page-views-count\/ajax-loader-2x.gif\" border=0 \/><\/p><div class=\"pvc_clear\"><\/div>\n<p><em>La parlamentaria valor\u00f3 la creaci\u00f3n del nuevo Ministerio de Agricultura, Alimentos y Desarrollo Rural. En su opini\u00f3n, un cambio de enfoque permitir\u00e1 que Chile se proyecte como una potencia agroalimentaria.<\/em><\/p>\n\n\n\n<p>La senadora Carmen Gloria Aravena calific\u00f3 como una gran noticia para el mundo rural la creaci\u00f3n del nuevo Ministerio de Agricultura, Alimentos y Desarrollo Rural, ya que el cambio de enfoque y traspaso de la institucionalidad de Pesca y Acuicultura, permitir\u00e1 fortalecer y modernizar al Ministerio, prepar\u00e1ndolo para los desaf\u00edos que se ha impuesto Chile como una potencia agroalimentaria.<\/p>\n\n\n\n<p>Al respecto, la senadora por la regi\u00f3n de la Araucan\u00eda, explic\u00f3 que al mejorar los accesos a diferentes servicios en los sectores rurales; tales como Educaci\u00f3n, Salud y Conectividad, entre otros, evitamos que las personas emigren a las ciudades, disminuyendo la concentraci\u00f3n poblacional en las grandes urbes.<\/p>\n\n\n\n<p>\u201cEn la Araucan\u00eda el mundo rural supera las 280 mil personas, representando aproximadamente el 32% de la poblaci\u00f3n regional. La creaci\u00f3n del nuevo Ministerio es una gran noticia, porque se busca revalorizar la importancia del mundo rural y trabajar para mejorar las oportunidades y accesos a servicios para todos quienes habitan en el campo. El desarrollo rural como un concepto integrado permite imaginar un Chile mucho m\u00e1s equitativo\u201d, sostuvo Aravena.<\/p>\n\n\n\n<p>Asimismo, la parlamentaria a\u00f1adi\u00f3 que: \u201cChile tiene todas las condiciones para transformarse en una gran potencia alimentaria; est\u00e1 la tierra, el clima adecuado, tratados de libre comercio y, por sobre todo, la gente de trabajo del campo, que conoce su tierra y sabe disfrutar de las bondades de la naturaleza, pero asumir tambi\u00e9n los desaf\u00edos y esfuerzo que implica el trabajo campesino\u201d.<\/p>\n\n\n\n<p>Finalmente, la senadora Aravena destac\u00f3 el Plan Nacional de Desarrollo Rural, que como piloto se llev\u00f3 a cabo en la comuna de Melipeuco, as\u00ed como tambi\u00e9n el Plan Nacional de Asociatividad, ya que al fortalecer la agricultura familiar y el cooperativismo, se entrega un valor agregado a la producci\u00f3n de peque\u00f1os agricultores, que ser\u00e1n clave si Chile se proyecta como una potencia agroalimentaria.<\/p>\n","protected":false},"excerpt":{"rendered":"<div class=\"pvc_clear\"><\/div>\n<p id=\"pvc_stats_8047\" class=\"pvc_stats total_only  \" data-element-id=\"8047\" style=\"\"><i class=\"pvc-stats-icon large\" aria-hidden=\"true\"><svg aria-hidden=\"true\" focusable=\"false\" data-prefix=\"far\" data-icon=\"chart-bar\" role=\"img\" xmlns=\"http:\/\/www.w3.org\/2000\/svg\" viewBox=\"0 0 512 512\" class=\"svg-inline--fa fa-chart-bar fa-w-16 fa-2x\"><path fill=\"currentColor\" d=\"M396.8 352h22.4c6.4 0 12.8-6.4 12.8-12.8V108.8c0-6.4-6.4-12.8-12.8-12.8h-22.4c-6.4 0-12.8 6.4-12.8 12.8v230.4c0 6.4 6.4 12.8 12.8 12.8zm-192 0h22.4c6.4 0 12.8-6.4 12.8-12.8V140.8c0-6.4-6.4-12.8-12.8-12.8h-22.4c-6.4 0-12.8 6.4-12.8 12.8v198.4c0 6.4 6.4 12.8 12.8 12.8zm96 0h22.4c6.4 0 12.8-6.4 12.8-12.8V204.8c0-6.4-6.4-12.8-12.8-12.8h-22.4c-6.4 0-12.8 6.4-12.8 12.8v134.4c0 6.4 6.4 12.8 12.8 12.8zM496 400H48V80c0-8.84-7.16-16-16-16H16C7.16 64 0 71.16 0 80v336c0 17.67 14.33 32 32 32h464c8.84 0 16-7.16 16-16v-16c0-8.84-7.16-16-16-16zm-387.2-48h22.4c6.4 0 12.8-6.4 12.8-12.8v-70.4c0-6.4-6.4-12.8-12.8-12.8h-22.4c-6.4 0-12.8 6.4-12.8 12.8v70.4c0 6.4 6.4 12.8 12.8 12.8z\" class=\"\"><\/path><\/svg><\/i> <img loading=\"lazy\" decoding=\"async\" width=\"16\" height=\"16\" alt=\"Loading\" src=\"https:\/\/temucotelevision.cl\/web\/wp-content\/plugins\/page-views-count\/ajax-loader-2x.gif\" border=0 \/><\/p>\n<div class=\"pvc_clear\"><\/div>\n<p>La parlamentaria valor\u00f3 la creaci\u00f3n del nuevo Ministerio de Agricultura, Alimentos y Desarrollo Rural. En su opini\u00f3n, un cambio de<\/p>\n","protected":false},"author":1,"featured_media":8048,"comment_status":"open","ping_status":"open","sticky":false,"template":"","format":"standard","meta":{"colormag_page_container_layout":"default_layout","colormag_page_sidebar_layout":"default_layout","footnotes":""},"categories":[84],"tags":[319,2065],"class_list":["post-8047","post","type-post","status-publish","format-standard","has-post-thumbnail","hentry","category-politica","tag-agricultura","tag-senadora"],"a3_pvc":{"activated":true,"total_views":24,"today_views":0},"_links":{"self":[{"href":"https:\/\/temucotelevision.cl\/web\/wp-json\/wp\/v2\/posts\/8047","targetHints":{"allow":["GET"]}}],"collection":[{"href":"https:\/\/temucotelevision.cl\/web\/wp-json\/wp\/v2\/posts"}],"about":[{"href":"https:\/\/temucotelevision.cl\/web\/wp-json\/wp\/v2\/types\/post"}],"author":[{"embeddable":true,"href":"https:\/\/temucotelevision.cl\/web\/wp-json\/wp\/v2\/users\/1"}],"replies":[{"embeddable":true,"href":"https:\/\/temucotelevision.cl\/web\/wp-json\/wp\/v2\/comments?post=8047"}],"version-history":[{"count":2,"href":"https:\/\/temucotelevision.cl\/web\/wp-json\/wp\/v2\/posts\/8047\/revisions"}],"predecessor-version":[{"id":8050,"href":"https:\/\/temucotelevision.cl\/web\/wp-json\/wp\/v2\/posts\/8047\/revisions\/8050"}],"wp:featuredmedia":[{"embeddable":true,"href":"https:\/\/temucotelevision.cl\/web\/wp-json\/wp\/v2\/media\/8048"}],"wp:attachment":[{"href":"https:\/\/temucotelevision.cl\/web\/wp-json\/wp\/v2\/media?parent=8047"}],"wp:term":[{"taxonomy":"category","embeddable":true,"href":"https:\/\/temucotelevision.cl\/web\/wp-json\/wp\/v2\/categories?post=8047"},{"taxonomy":"post_tag","embeddable":true,"href":"https:\/\/temucotelevision.cl\/web\/wp-json\/wp\/v2\/tags?post=8047"}],"curies":[{"name":"wp","href":"https:\/\/api.w.org\/{rel}","templated":true}]}}