{"id":8044,"date":"2020-01-22T00:29:57","date_gmt":"2020-01-22T03:29:57","guid":{"rendered":"https:\/\/temucotelevision.cl\/web\/?p=8044"},"modified":"2020-01-22T00:29:59","modified_gmt":"2020-01-22T03:29:59","slug":"realizan-tercer-muestreo-por-bloom-de-microalgas-en-lago-villarrica","status":"publish","type":"post","link":"https:\/\/temucotelevision.cl\/web\/2020\/01\/22\/realizan-tercer-muestreo-por-bloom-de-microalgas-en-lago-villarrica\/","title":{"rendered":"Realizan tercer muestreo por Bloom de microalgas en lago Villarrica"},"content":{"rendered":"<div class=\"pvc_clear\"><\/div><p id=\"pvc_stats_8044\" class=\"pvc_stats total_only  \" data-element-id=\"8044\" style=\"\"><i class=\"pvc-stats-icon large\" aria-hidden=\"true\"><svg aria-hidden=\"true\" focusable=\"false\" data-prefix=\"far\" data-icon=\"chart-bar\" role=\"img\" xmlns=\"http:\/\/www.w3.org\/2000\/svg\" viewBox=\"0 0 512 512\" class=\"svg-inline--fa fa-chart-bar fa-w-16 fa-2x\"><path fill=\"currentColor\" d=\"M396.8 352h22.4c6.4 0 12.8-6.4 12.8-12.8V108.8c0-6.4-6.4-12.8-12.8-12.8h-22.4c-6.4 0-12.8 6.4-12.8 12.8v230.4c0 6.4 6.4 12.8 12.8 12.8zm-192 0h22.4c6.4 0 12.8-6.4 12.8-12.8V140.8c0-6.4-6.4-12.8-12.8-12.8h-22.4c-6.4 0-12.8 6.4-12.8 12.8v198.4c0 6.4 6.4 12.8 12.8 12.8zm96 0h22.4c6.4 0 12.8-6.4 12.8-12.8V204.8c0-6.4-6.4-12.8-12.8-12.8h-22.4c-6.4 0-12.8 6.4-12.8 12.8v134.4c0 6.4 6.4 12.8 12.8 12.8zM496 400H48V80c0-8.84-7.16-16-16-16H16C7.16 64 0 71.16 0 80v336c0 17.67 14.33 32 32 32h464c8.84 0 16-7.16 16-16v-16c0-8.84-7.16-16-16-16zm-387.2-48h22.4c6.4 0 12.8-6.4 12.8-12.8v-70.4c0-6.4-6.4-12.8-12.8-12.8h-22.4c-6.4 0-12.8 6.4-12.8 12.8v70.4c0 6.4 6.4 12.8 12.8 12.8z\" class=\"\"><\/path><\/svg><\/i> <img loading=\"lazy\" decoding=\"async\" width=\"16\" height=\"16\" alt=\"Loading\" src=\"https:\/\/temucotelevision.cl\/web\/wp-content\/plugins\/page-views-count\/ajax-loader-2x.gif\" border=0 \/><\/p><div class=\"pvc_clear\"><\/div>\n<p>La SEREMI de Salud contin\u00faa con los muestreos en las aguas del Lago Villarrica tras detectarse la presencia de bloom de microalgas en Playa Grande de Puc\u00f3n y otras zonas, donde esta vez los resultados no detectaron microtoxinas en rangos perjudiciales para la salud humana. Este muestreo es parte de un trabajo coordinado en el marco del Plan de Descontaminaci\u00f3n del Lago Villarrica que lleva adelante la Seremi de Medio Ambiente de La Araucan\u00eda y se espera est\u00e9 aprobado el segundo semestre de 2020.<\/p>\n\n\n\n<p>La Seremi de Salud, Katia Guzm\u00e1n, inform\u00f3 que tras el aviso de una floraci\u00f3n de microalgas en el lago, se ejecut\u00f3 el tercer muestreo en la Playa Grande de Puc\u00f3n, \u201carroj\u00f3 negatividad absoluta en 3 muestras tomadas en Playa Grande, que es el sector apto para el ba\u00f1o en la ciudad de Puc\u00f3n, sin embargo se mantiene la presencia de esta toxina en el sector La Poza y en la desembocadura del R\u00edo Plata, que son sectores no habilitados para el ba\u00f1o\u201d, dijo.<\/p>\n\n\n\n<p>Por ello la Autoridad Sanitaria llam\u00f3 a la ciudadan\u00eda a \u201cestar tranquilos\u201d, ya que como Seremi de Salud \u201cestamos preocupados y realizando este trabajo en forma constante para monitorear el estado de las aguas del Lago Villarrica\u201d, en conjunto con la Capitan\u00eda de Puerto, las municipalidades de Puc\u00f3n y Villarrica y la Seremi de Medio Ambiente.<\/p>\n\n\n\n<p>Considerando que puede haber personas que no respeten las indicaciones de no ba\u00f1arse en las playas no aptas, la Seremi precis\u00f3 que si se tiene contacto con las aguas que por la presencia de la toxina podr\u00edan producir problemas dermatol\u00f3gicos como alergias, irritaciones en la piel, conjuntivitis, otitis; o si se ingiere producir problemas gastrointestinales, \u201cprimero el llamado es a lavarse con abundante agua potable y de tener alg\u00fan tipo de manifestaci\u00f3n, acudir a un centro asistencial\u201d.<\/p>\n\n\n\n<p>La Seremi agreg\u00f3 que desde el 2018 al conocer la inquietud de la poblaci\u00f3n de la zona lacustre por el eventual riesgo para la salud de las personas de los bloom de microalgas \u201ciniciamos de inmediato un estudio epidemiol\u00f3gico retrospectivo del \u00faltimo quinquenio, para contar con antecedentes formales sobre la correlaci\u00f3n entre bloom de algas y las consultas en establecimientos de salud. Este estudio no arroj\u00f3 resultados que permitieran se\u00f1alar exista correlaci\u00f3n. Por lo tanto, establecimos una vigilancia activa en los establecimientos de salud de la zona lacustre, que nos permitir\u00e1 monitorear y establecer l\u00edneas de acci\u00f3n en torno a la prevenci\u00f3n de enfermedades\u201d.<\/p>\n\n\n\n<p>El Seremi del Medio Ambiente, Anselmo Rapim\u00e1n indic\u00f3 que desde que se inici\u00f3 el proceso de elaboraci\u00f3n del Plan de Descontaminaci\u00f3n del Lago Villarrica se ha venido informando sobre las condiciones de eutrofizaci\u00f3n del lago, a ra\u00edz de la presencia de nutrientes, principalmente f\u00f3sforos y nitr\u00f3geno, lo que favorece la aparici\u00f3n de estas microalgas cuando hay episodios de altas temperaturas. En este sentido la autoridad ambiental indic\u00f3 que lo que busca el Plan de Descontaminaci\u00f3n que elabora el Ministerio es precisamente bajar los \u00edndices de nutrientes presentes en el agua, disminuyendo as\u00ed la incidencia de estos episodios.&nbsp;&nbsp;&nbsp;<\/p>\n\n\n\n<p>Rapim\u00e1n agreg\u00f3 que se han adoptado distintos mecanismos de participaci\u00f3n con la comunidad a fin de incluir la mayor cantidad de observaciones de los vecinos de cuenca.&nbsp;<\/p>\n","protected":false},"excerpt":{"rendered":"<div class=\"pvc_clear\"><\/div>\n<p id=\"pvc_stats_8044\" class=\"pvc_stats total_only  \" data-element-id=\"8044\" style=\"\"><i class=\"pvc-stats-icon large\" aria-hidden=\"true\"><svg aria-hidden=\"true\" focusable=\"false\" data-prefix=\"far\" data-icon=\"chart-bar\" role=\"img\" xmlns=\"http:\/\/www.w3.org\/2000\/svg\" viewBox=\"0 0 512 512\" class=\"svg-inline--fa fa-chart-bar fa-w-16 fa-2x\"><path fill=\"currentColor\" d=\"M396.8 352h22.4c6.4 0 12.8-6.4 12.8-12.8V108.8c0-6.4-6.4-12.8-12.8-12.8h-22.4c-6.4 0-12.8 6.4-12.8 12.8v230.4c0 6.4 6.4 12.8 12.8 12.8zm-192 0h22.4c6.4 0 12.8-6.4 12.8-12.8V140.8c0-6.4-6.4-12.8-12.8-12.8h-22.4c-6.4 0-12.8 6.4-12.8 12.8v198.4c0 6.4 6.4 12.8 12.8 12.8zm96 0h22.4c6.4 0 12.8-6.4 12.8-12.8V204.8c0-6.4-6.4-12.8-12.8-12.8h-22.4c-6.4 0-12.8 6.4-12.8 12.8v134.4c0 6.4 6.4 12.8 12.8 12.8zM496 400H48V80c0-8.84-7.16-16-16-16H16C7.16 64 0 71.16 0 80v336c0 17.67 14.33 32 32 32h464c8.84 0 16-7.16 16-16v-16c0-8.84-7.16-16-16-16zm-387.2-48h22.4c6.4 0 12.8-6.4 12.8-12.8v-70.4c0-6.4-6.4-12.8-12.8-12.8h-22.4c-6.4 0-12.8 6.4-12.8 12.8v70.4c0 6.4 6.4 12.8 12.8 12.8z\" class=\"\"><\/path><\/svg><\/i> <img loading=\"lazy\" decoding=\"async\" width=\"16\" height=\"16\" alt=\"Loading\" src=\"https:\/\/temucotelevision.cl\/web\/wp-content\/plugins\/page-views-count\/ajax-loader-2x.gif\" border=0 \/><\/p>\n<div class=\"pvc_clear\"><\/div>\n<p>La SEREMI de Salud contin\u00faa con los muestreos en las aguas del Lago Villarrica tras detectarse la presencia de bloom<\/p>\n","protected":false},"author":1,"featured_media":8045,"comment_status":"open","ping_status":"open","sticky":false,"template":"","format":"standard","meta":{"colormag_page_container_layout":"default_layout","colormag_page_sidebar_layout":"default_layout","footnotes":""},"categories":[14],"tags":[1491],"class_list":["post-8044","post","type-post","status-publish","format-standard","has-post-thumbnail","hentry","category-temuco","tag-muestras"],"a3_pvc":{"activated":true,"total_views":61,"today_views":0},"_links":{"self":[{"href":"https:\/\/temucotelevision.cl\/web\/wp-json\/wp\/v2\/posts\/8044","targetHints":{"allow":["GET"]}}],"collection":[{"href":"https:\/\/temucotelevision.cl\/web\/wp-json\/wp\/v2\/posts"}],"about":[{"href":"https:\/\/temucotelevision.cl\/web\/wp-json\/wp\/v2\/types\/post"}],"author":[{"embeddable":true,"href":"https:\/\/temucotelevision.cl\/web\/wp-json\/wp\/v2\/users\/1"}],"replies":[{"embeddable":true,"href":"https:\/\/temucotelevision.cl\/web\/wp-json\/wp\/v2\/comments?post=8044"}],"version-history":[{"count":1,"href":"https:\/\/temucotelevision.cl\/web\/wp-json\/wp\/v2\/posts\/8044\/revisions"}],"predecessor-version":[{"id":8046,"href":"https:\/\/temucotelevision.cl\/web\/wp-json\/wp\/v2\/posts\/8044\/revisions\/8046"}],"wp:featuredmedia":[{"embeddable":true,"href":"https:\/\/temucotelevision.cl\/web\/wp-json\/wp\/v2\/media\/8045"}],"wp:attachment":[{"href":"https:\/\/temucotelevision.cl\/web\/wp-json\/wp\/v2\/media?parent=8044"}],"wp:term":[{"taxonomy":"category","embeddable":true,"href":"https:\/\/temucotelevision.cl\/web\/wp-json\/wp\/v2\/categories?post=8044"},{"taxonomy":"post_tag","embeddable":true,"href":"https:\/\/temucotelevision.cl\/web\/wp-json\/wp\/v2\/tags?post=8044"}],"curies":[{"name":"wp","href":"https:\/\/api.w.org\/{rel}","templated":true}]}}