{"id":8034,"date":"2020-01-21T22:08:35","date_gmt":"2020-01-22T01:08:35","guid":{"rendered":"https:\/\/temucotelevision.cl\/web\/?p=8034"},"modified":"2020-01-21T22:08:37","modified_gmt":"2020-01-22T01:08:37","slug":"cementerio-mapuche-mas-grande-de-chile-se-encuentra-en-gorbea","status":"publish","type":"post","link":"https:\/\/temucotelevision.cl\/web\/2020\/01\/21\/cementerio-mapuche-mas-grande-de-chile-se-encuentra-en-gorbea\/","title":{"rendered":"Cementerio mapuche m\u00e1s grande de Chile se encuentra en Gorbea"},"content":{"rendered":"<div class=\"pvc_clear\"><\/div><p id=\"pvc_stats_8034\" class=\"pvc_stats total_only  \" data-element-id=\"8034\" style=\"\"><i class=\"pvc-stats-icon large\" aria-hidden=\"true\"><svg aria-hidden=\"true\" focusable=\"false\" data-prefix=\"far\" data-icon=\"chart-bar\" role=\"img\" xmlns=\"http:\/\/www.w3.org\/2000\/svg\" viewBox=\"0 0 512 512\" class=\"svg-inline--fa fa-chart-bar fa-w-16 fa-2x\"><path fill=\"currentColor\" d=\"M396.8 352h22.4c6.4 0 12.8-6.4 12.8-12.8V108.8c0-6.4-6.4-12.8-12.8-12.8h-22.4c-6.4 0-12.8 6.4-12.8 12.8v230.4c0 6.4 6.4 12.8 12.8 12.8zm-192 0h22.4c6.4 0 12.8-6.4 12.8-12.8V140.8c0-6.4-6.4-12.8-12.8-12.8h-22.4c-6.4 0-12.8 6.4-12.8 12.8v198.4c0 6.4 6.4 12.8 12.8 12.8zm96 0h22.4c6.4 0 12.8-6.4 12.8-12.8V204.8c0-6.4-6.4-12.8-12.8-12.8h-22.4c-6.4 0-12.8 6.4-12.8 12.8v134.4c0 6.4 6.4 12.8 12.8 12.8zM496 400H48V80c0-8.84-7.16-16-16-16H16C7.16 64 0 71.16 0 80v336c0 17.67 14.33 32 32 32h464c8.84 0 16-7.16 16-16v-16c0-8.84-7.16-16-16-16zm-387.2-48h22.4c6.4 0 12.8-6.4 12.8-12.8v-70.4c0-6.4-6.4-12.8-12.8-12.8h-22.4c-6.4 0-12.8 6.4-12.8 12.8v70.4c0 6.4 6.4 12.8 12.8 12.8z\" class=\"\"><\/path><\/svg><\/i> <img loading=\"lazy\" decoding=\"async\" width=\"16\" height=\"16\" alt=\"Loading\" src=\"https:\/\/temucotelevision.cl\/web\/wp-content\/plugins\/page-views-count\/ajax-loader-2x.gif\" border=0 \/><\/p><div class=\"pvc_clear\"><\/div>\n<p>As\u00ed lo sostiene el Arque\u00f3logo residente de la comuna, Rodrigo Mera, que hace alg\u00fan tiempo se encuentra trabajando en la recuperaci\u00f3n de informaci\u00f3n donde se encontrar\u00eda uno de los cementerios arqueol\u00f3gicos m\u00e1s grandes excavados hasta ahora en el sur de Chile se encuentra en Gorbea<\/p>\n\n\n\n<p>Mera, est\u00e1 trabajando en recuperar la informaci\u00f3n relacionada con la excavaci\u00f3n de dicho cementerio en base a un documento de la Universidad de Chile realizado por Am\u00e9rico Gordon, Jaqueline Madrid y Julia Monleon mediante los a\u00f1os 60 y 70, sosteniendo que en la ciudad de Gorbea encontraron material arqueol\u00f3gico proveniente de un cementerio ind\u00edgena, a trav\u00e9s de una excavaci\u00f3n en el llamado \u201cSitio Go-3\u201d ya que en la \u00e9poca se llamar\u00eda el sector tres esquinas de Gorbea.<\/p>\n\n\n\n<p>El trabajo de la \u00e9poca, se logr\u00f3 recuperar y registrar&nbsp;<strong>172 tumbas, gran parte de ellas correspondientes a entierros en canoas funerarias o&nbsp;<\/strong><em>trolof<\/em>, como se denomina al tronco de pell\u00edn ahuecado y cortado para hacer las veces de ata\u00fad. Entre las ofrendas y ajuares asociados, se hallaron&nbsp;<strong>m\u00e1s de 300 vasijas cer\u00e1micas<\/strong>, m\u00e1s de una decena de aros cuadrangulares (<em>chawai<\/em>),&nbsp;<em>tupus<\/em>, un anillo, cruces de bronce y plata, chaquiras (cuentas de vidrio) y agujas. Adem\u00e1s, se levantaron&nbsp;<strong>restos \u00f3seos correspondientes a, al menos, 50 individuos<\/strong>.&nbsp;<\/p>\n\n\n\n<p>Cabe mencionar que este cementerio data del siglo XVIII a principios del XX y actualmente se encuentra en terreno forestal donde no se observa ninguna evidencia del cementerio o de los trabajos arqueol\u00f3gicos efectuados hace ya casi 50 a\u00f1os, por lo que no se reconoce como un&nbsp;<strong>espacio patrimonial ligado al pasado del pueblo mapuche o de la comuna<\/strong>. Los materiales recuperados y la documentaci\u00f3n asociada, sin embargo, dan cuenta de que se trata de un yacimiento notable.<\/p>\n\n\n\n<p>A trav\u00e9s de gestores comunales de cultura, se empezar\u00e1 a trabajar junto al municipio e identidades privadas para recuperar la informaci\u00f3n y el terreno ancestral junto al humedal que existi\u00f3 en el recinto para mostrar a los vecinos y visitantes la real historia de Gorbea en el pasado, destacando que se realizar\u00e1n r\u00e9plicas de los elementos encontrados para mostrarlos en el&nbsp;&nbsp;futuro museo de la comuna.<\/p>\n\n\n\n<p>Toda la informaci\u00f3n oficial sobre este descubrimiento puedes encontrarlo en la p\u00e1gina web del museo regional de La Araucan\u00eda, https:\/\/www.museoregionalaraucania.gob.cl\/sitio\/Contenido\/Objeto-de-Coleccion-Digital\/90118:Lo-que-el-tiempo-se-llevo-Revision-de-Gorbea-3-un-antiguo-eltun-en-la-cuenca-del-rio-Donguil<\/p>\n","protected":false},"excerpt":{"rendered":"<div class=\"pvc_clear\"><\/div>\n<p id=\"pvc_stats_8034\" class=\"pvc_stats total_only  \" data-element-id=\"8034\" style=\"\"><i class=\"pvc-stats-icon large\" aria-hidden=\"true\"><svg aria-hidden=\"true\" focusable=\"false\" data-prefix=\"far\" data-icon=\"chart-bar\" role=\"img\" xmlns=\"http:\/\/www.w3.org\/2000\/svg\" viewBox=\"0 0 512 512\" class=\"svg-inline--fa fa-chart-bar fa-w-16 fa-2x\"><path fill=\"currentColor\" d=\"M396.8 352h22.4c6.4 0 12.8-6.4 12.8-12.8V108.8c0-6.4-6.4-12.8-12.8-12.8h-22.4c-6.4 0-12.8 6.4-12.8 12.8v230.4c0 6.4 6.4 12.8 12.8 12.8zm-192 0h22.4c6.4 0 12.8-6.4 12.8-12.8V140.8c0-6.4-6.4-12.8-12.8-12.8h-22.4c-6.4 0-12.8 6.4-12.8 12.8v198.4c0 6.4 6.4 12.8 12.8 12.8zm96 0h22.4c6.4 0 12.8-6.4 12.8-12.8V204.8c0-6.4-6.4-12.8-12.8-12.8h-22.4c-6.4 0-12.8 6.4-12.8 12.8v134.4c0 6.4 6.4 12.8 12.8 12.8zM496 400H48V80c0-8.84-7.16-16-16-16H16C7.16 64 0 71.16 0 80v336c0 17.67 14.33 32 32 32h464c8.84 0 16-7.16 16-16v-16c0-8.84-7.16-16-16-16zm-387.2-48h22.4c6.4 0 12.8-6.4 12.8-12.8v-70.4c0-6.4-6.4-12.8-12.8-12.8h-22.4c-6.4 0-12.8 6.4-12.8 12.8v70.4c0 6.4 6.4 12.8 12.8 12.8z\" class=\"\"><\/path><\/svg><\/i> <img loading=\"lazy\" decoding=\"async\" width=\"16\" height=\"16\" alt=\"Loading\" src=\"https:\/\/temucotelevision.cl\/web\/wp-content\/plugins\/page-views-count\/ajax-loader-2x.gif\" border=0 \/><\/p>\n<div class=\"pvc_clear\"><\/div>\n<p>As\u00ed lo sostiene el Arque\u00f3logo residente de la comuna, Rodrigo Mera, que hace alg\u00fan tiempo se encuentra trabajando en la<\/p>\n","protected":false},"author":1,"featured_media":8035,"comment_status":"open","ping_status":"open","sticky":false,"template":"","format":"standard","meta":{"colormag_page_container_layout":"default_layout","colormag_page_sidebar_layout":"default_layout","footnotes":""},"categories":[15],"tags":[146],"class_list":["post-8034","post","type-post","status-publish","format-standard","has-post-thumbnail","hentry","category-la-araucania","tag-comuna"],"a3_pvc":{"activated":true,"total_views":48,"today_views":0},"_links":{"self":[{"href":"https:\/\/temucotelevision.cl\/web\/wp-json\/wp\/v2\/posts\/8034","targetHints":{"allow":["GET"]}}],"collection":[{"href":"https:\/\/temucotelevision.cl\/web\/wp-json\/wp\/v2\/posts"}],"about":[{"href":"https:\/\/temucotelevision.cl\/web\/wp-json\/wp\/v2\/types\/post"}],"author":[{"embeddable":true,"href":"https:\/\/temucotelevision.cl\/web\/wp-json\/wp\/v2\/users\/1"}],"replies":[{"embeddable":true,"href":"https:\/\/temucotelevision.cl\/web\/wp-json\/wp\/v2\/comments?post=8034"}],"version-history":[{"count":1,"href":"https:\/\/temucotelevision.cl\/web\/wp-json\/wp\/v2\/posts\/8034\/revisions"}],"predecessor-version":[{"id":8036,"href":"https:\/\/temucotelevision.cl\/web\/wp-json\/wp\/v2\/posts\/8034\/revisions\/8036"}],"wp:featuredmedia":[{"embeddable":true,"href":"https:\/\/temucotelevision.cl\/web\/wp-json\/wp\/v2\/media\/8035"}],"wp:attachment":[{"href":"https:\/\/temucotelevision.cl\/web\/wp-json\/wp\/v2\/media?parent=8034"}],"wp:term":[{"taxonomy":"category","embeddable":true,"href":"https:\/\/temucotelevision.cl\/web\/wp-json\/wp\/v2\/categories?post=8034"},{"taxonomy":"post_tag","embeddable":true,"href":"https:\/\/temucotelevision.cl\/web\/wp-json\/wp\/v2\/tags?post=8034"}],"curies":[{"name":"wp","href":"https:\/\/api.w.org\/{rel}","templated":true}]}}