{"id":8023,"date":"2020-01-20T15:36:49","date_gmt":"2020-01-20T18:36:49","guid":{"rendered":"https:\/\/temucotelevision.cl\/web\/?p=8023"},"modified":"2020-01-20T15:36:51","modified_gmt":"2020-01-20T18:36:51","slug":"dip-parra-ppd-senala-que-es-imposible-apoyar-la-ley-antisaqueos-tal-como-fue-presentada","status":"publish","type":"post","link":"https:\/\/temucotelevision.cl\/web\/2020\/01\/20\/dip-parra-ppd-senala-que-es-imposible-apoyar-la-ley-antisaqueos-tal-como-fue-presentada\/","title":{"rendered":"Dip Parra (PPD) se\u00f1ala que es imposible apoyar la ley antisaqueos tal como fue presentada"},"content":{"rendered":"<div class=\"pvc_clear\"><\/div><p id=\"pvc_stats_8023\" class=\"pvc_stats total_only  \" data-element-id=\"8023\" style=\"\"><i class=\"pvc-stats-icon large\" aria-hidden=\"true\"><svg aria-hidden=\"true\" focusable=\"false\" data-prefix=\"far\" data-icon=\"chart-bar\" role=\"img\" xmlns=\"http:\/\/www.w3.org\/2000\/svg\" viewBox=\"0 0 512 512\" class=\"svg-inline--fa fa-chart-bar fa-w-16 fa-2x\"><path fill=\"currentColor\" d=\"M396.8 352h22.4c6.4 0 12.8-6.4 12.8-12.8V108.8c0-6.4-6.4-12.8-12.8-12.8h-22.4c-6.4 0-12.8 6.4-12.8 12.8v230.4c0 6.4 6.4 12.8 12.8 12.8zm-192 0h22.4c6.4 0 12.8-6.4 12.8-12.8V140.8c0-6.4-6.4-12.8-12.8-12.8h-22.4c-6.4 0-12.8 6.4-12.8 12.8v198.4c0 6.4 6.4 12.8 12.8 12.8zm96 0h22.4c6.4 0 12.8-6.4 12.8-12.8V204.8c0-6.4-6.4-12.8-12.8-12.8h-22.4c-6.4 0-12.8 6.4-12.8 12.8v134.4c0 6.4 6.4 12.8 12.8 12.8zM496 400H48V80c0-8.84-7.16-16-16-16H16C7.16 64 0 71.16 0 80v336c0 17.67 14.33 32 32 32h464c8.84 0 16-7.16 16-16v-16c0-8.84-7.16-16-16-16zm-387.2-48h22.4c6.4 0 12.8-6.4 12.8-12.8v-70.4c0-6.4-6.4-12.8-12.8-12.8h-22.4c-6.4 0-12.8 6.4-12.8 12.8v70.4c0 6.4 6.4 12.8 12.8 12.8z\" class=\"\"><\/path><\/svg><\/i> <img loading=\"lazy\" decoding=\"async\" width=\"16\" height=\"16\" alt=\"Loading\" src=\"https:\/\/temucotelevision.cl\/web\/wp-content\/plugins\/page-views-count\/ajax-loader-2x.gif\" border=0 \/><\/p><div class=\"pvc_clear\"><\/div>\n<p>Este mi\u00e9rcoles se revis\u00f3 en la Comisi\u00f3n de Seguridad Ciudadana el proyecto de Ley denominado \u201cAntisaqueos\u201d, el que fue aprobado por el Senado y que este jueves pas\u00f3 a votaci\u00f3n en la Sala de la C\u00e1mara de Diputados.<\/p>\n\n\n\n<p>La Diputada por Araucan\u00eda Norte, Andrea Parra (PPD), participa de forma permanente en esta comisi\u00f3n y denunci\u00f3 que no se les permiti\u00f3 debatir ni proponer mejoras al proyecto.<\/p>\n\n\n\n<p>\u201cLo que ocurri\u00f3 el mi\u00e9rcoles en la Comisi\u00f3n de Seguridad Ciudadana me pareci\u00f3 no solo irresponsable sino que, en mis casi dos a\u00f1os de parlamentaria, no hab\u00eda visto nunca a un presidente de comisi\u00f3n que impidiera el di\u00e1logo y que no permitiera que quienes tenemos una posici\u00f3n divergente pudi\u00e9semos conversar\u201d, se\u00f1al\u00f3 la parlamentaria, agregando que \u201cnosotros cre\u00edamos que era necesario que vaya a mixta, porque este proyecto tiene problemas, por ejemplo, el robo en el contexto de calamidad p\u00fablica, que hoy tiene una pena de 5 a 10 a\u00f1os, este proyecto lo aumenta a una pena que va desde los 10 a\u00f1os y un d\u00eda a 15 a\u00f1os, que es la misma pena que actualmente tiene establecido el homicidio simple consumado en el C\u00f3digo Penal\u201d sentenci\u00f3 Andrea Parra.<\/p>\n\n\n\n<p>Finalmente este jueves la C\u00e1mara de Diputados defini\u00f3 en Sala el futuro del pol\u00e9mico proyecto, el que termin\u00f3 siendo aprobado por 88 votos a favor, 57 en contra y 3 abstenciones.<\/p>\n\n\n\n<p>Respecto de la aprobaci\u00f3n de este pol\u00e9mico proyecto de Ley, la Diputada Parra indic\u00f3 que \u201cante los resultados de hoy, quiero hacer una llamado a que hagamos una mirada al verdadero problema que existe hoy. No se trata de que penalicemos con penas m\u00e1s altas, no se trata de que los delitos no est\u00e9n castigados (\u2026) yo estando a favor de legislar, hoy rechazo esta iniciativa que confunde la protesta pac\u00edfica con la protesta violenta. Lo que quiere el gobierno es dar un golpe comunicacional y no una soluci\u00f3n real\u201d, finaliz\u00f3.<\/p>\n","protected":false},"excerpt":{"rendered":"<div class=\"pvc_clear\"><\/div>\n<p id=\"pvc_stats_8023\" class=\"pvc_stats total_only  \" data-element-id=\"8023\" style=\"\"><i class=\"pvc-stats-icon large\" aria-hidden=\"true\"><svg aria-hidden=\"true\" focusable=\"false\" data-prefix=\"far\" data-icon=\"chart-bar\" role=\"img\" xmlns=\"http:\/\/www.w3.org\/2000\/svg\" viewBox=\"0 0 512 512\" class=\"svg-inline--fa fa-chart-bar fa-w-16 fa-2x\"><path fill=\"currentColor\" d=\"M396.8 352h22.4c6.4 0 12.8-6.4 12.8-12.8V108.8c0-6.4-6.4-12.8-12.8-12.8h-22.4c-6.4 0-12.8 6.4-12.8 12.8v230.4c0 6.4 6.4 12.8 12.8 12.8zm-192 0h22.4c6.4 0 12.8-6.4 12.8-12.8V140.8c0-6.4-6.4-12.8-12.8-12.8h-22.4c-6.4 0-12.8 6.4-12.8 12.8v198.4c0 6.4 6.4 12.8 12.8 12.8zm96 0h22.4c6.4 0 12.8-6.4 12.8-12.8V204.8c0-6.4-6.4-12.8-12.8-12.8h-22.4c-6.4 0-12.8 6.4-12.8 12.8v134.4c0 6.4 6.4 12.8 12.8 12.8zM496 400H48V80c0-8.84-7.16-16-16-16H16C7.16 64 0 71.16 0 80v336c0 17.67 14.33 32 32 32h464c8.84 0 16-7.16 16-16v-16c0-8.84-7.16-16-16-16zm-387.2-48h22.4c6.4 0 12.8-6.4 12.8-12.8v-70.4c0-6.4-6.4-12.8-12.8-12.8h-22.4c-6.4 0-12.8 6.4-12.8 12.8v70.4c0 6.4 6.4 12.8 12.8 12.8z\" class=\"\"><\/path><\/svg><\/i> <img loading=\"lazy\" decoding=\"async\" width=\"16\" height=\"16\" alt=\"Loading\" src=\"https:\/\/temucotelevision.cl\/web\/wp-content\/plugins\/page-views-count\/ajax-loader-2x.gif\" border=0 \/><\/p>\n<div class=\"pvc_clear\"><\/div>\n<p>Este mi\u00e9rcoles se revis\u00f3 en la Comisi\u00f3n de Seguridad Ciudadana el proyecto de Ley denominado \u201cAntisaqueos\u201d, el que fue aprobado<\/p>\n","protected":false},"author":1,"featured_media":8024,"comment_status":"open","ping_status":"open","sticky":false,"template":"","format":"standard","meta":{"colormag_page_container_layout":"default_layout","colormag_page_sidebar_layout":"default_layout","footnotes":""},"categories":[84],"tags":[2179,506],"class_list":["post-8023","post","type-post","status-publish","format-standard","has-post-thumbnail","hentry","category-politica","tag-antisaqueos","tag-ley"],"a3_pvc":{"activated":true,"total_views":24,"today_views":0},"_links":{"self":[{"href":"https:\/\/temucotelevision.cl\/web\/wp-json\/wp\/v2\/posts\/8023","targetHints":{"allow":["GET"]}}],"collection":[{"href":"https:\/\/temucotelevision.cl\/web\/wp-json\/wp\/v2\/posts"}],"about":[{"href":"https:\/\/temucotelevision.cl\/web\/wp-json\/wp\/v2\/types\/post"}],"author":[{"embeddable":true,"href":"https:\/\/temucotelevision.cl\/web\/wp-json\/wp\/v2\/users\/1"}],"replies":[{"embeddable":true,"href":"https:\/\/temucotelevision.cl\/web\/wp-json\/wp\/v2\/comments?post=8023"}],"version-history":[{"count":1,"href":"https:\/\/temucotelevision.cl\/web\/wp-json\/wp\/v2\/posts\/8023\/revisions"}],"predecessor-version":[{"id":8025,"href":"https:\/\/temucotelevision.cl\/web\/wp-json\/wp\/v2\/posts\/8023\/revisions\/8025"}],"wp:featuredmedia":[{"embeddable":true,"href":"https:\/\/temucotelevision.cl\/web\/wp-json\/wp\/v2\/media\/8024"}],"wp:attachment":[{"href":"https:\/\/temucotelevision.cl\/web\/wp-json\/wp\/v2\/media?parent=8023"}],"wp:term":[{"taxonomy":"category","embeddable":true,"href":"https:\/\/temucotelevision.cl\/web\/wp-json\/wp\/v2\/categories?post=8023"},{"taxonomy":"post_tag","embeddable":true,"href":"https:\/\/temucotelevision.cl\/web\/wp-json\/wp\/v2\/tags?post=8023"}],"curies":[{"name":"wp","href":"https:\/\/api.w.org\/{rel}","templated":true}]}}