{"id":8017,"date":"2020-01-20T15:04:56","date_gmt":"2020-01-20T18:04:56","guid":{"rendered":"https:\/\/temucotelevision.cl\/web\/?p=8017"},"modified":"2020-01-20T15:04:58","modified_gmt":"2020-01-20T18:04:58","slug":"programa-de-familias-de-acogida-%ef%bb%bfbusca-restituir-derechos-a-los-ninos-%ef%bb%bf","status":"publish","type":"post","link":"https:\/\/temucotelevision.cl\/web\/2020\/01\/20\/programa-de-familias-de-acogida-%ef%bb%bfbusca-restituir-derechos-a-los-ninos-%ef%bb%bf\/","title":{"rendered":"Programa de Familias de Acogida \ufeffbusca restituir derechos a los ni\u00f1os \ufeff"},"content":{"rendered":"<div class=\"pvc_clear\"><\/div><p id=\"pvc_stats_8017\" class=\"pvc_stats total_only  \" data-element-id=\"8017\" style=\"\"><i class=\"pvc-stats-icon large\" aria-hidden=\"true\"><svg aria-hidden=\"true\" focusable=\"false\" data-prefix=\"far\" data-icon=\"chart-bar\" role=\"img\" xmlns=\"http:\/\/www.w3.org\/2000\/svg\" viewBox=\"0 0 512 512\" class=\"svg-inline--fa fa-chart-bar fa-w-16 fa-2x\"><path fill=\"currentColor\" d=\"M396.8 352h22.4c6.4 0 12.8-6.4 12.8-12.8V108.8c0-6.4-6.4-12.8-12.8-12.8h-22.4c-6.4 0-12.8 6.4-12.8 12.8v230.4c0 6.4 6.4 12.8 12.8 12.8zm-192 0h22.4c6.4 0 12.8-6.4 12.8-12.8V140.8c0-6.4-6.4-12.8-12.8-12.8h-22.4c-6.4 0-12.8 6.4-12.8 12.8v198.4c0 6.4 6.4 12.8 12.8 12.8zm96 0h22.4c6.4 0 12.8-6.4 12.8-12.8V204.8c0-6.4-6.4-12.8-12.8-12.8h-22.4c-6.4 0-12.8 6.4-12.8 12.8v134.4c0 6.4 6.4 12.8 12.8 12.8zM496 400H48V80c0-8.84-7.16-16-16-16H16C7.16 64 0 71.16 0 80v336c0 17.67 14.33 32 32 32h464c8.84 0 16-7.16 16-16v-16c0-8.84-7.16-16-16-16zm-387.2-48h22.4c6.4 0 12.8-6.4 12.8-12.8v-70.4c0-6.4-6.4-12.8-12.8-12.8h-22.4c-6.4 0-12.8 6.4-12.8 12.8v70.4c0 6.4 6.4 12.8 12.8 12.8z\" class=\"\"><\/path><\/svg><\/i> <img loading=\"lazy\" decoding=\"async\" width=\"16\" height=\"16\" alt=\"Loading\" src=\"https:\/\/temucotelevision.cl\/web\/wp-content\/plugins\/page-views-count\/ajax-loader-2x.gif\" border=0 \/><\/p><div class=\"pvc_clear\"><\/div>\n<p><br><em>Programa \u201cEL HUALLE\u201d de Coanil realizar\u00e1 captaci\u00f3n de familias con alta vocaci\u00f3n social para acoger a ni\u00f1os que han visto vulnerados sus derechos y requieren de reparaci\u00f3n por medio del amor y la contenci\u00f3n.<\/em><\/p>\n\n\n\n<p>Desde hace dos meses Fundaci\u00f3n Coanil se encuentra&nbsp; ejecutando el Programa de Familia de Acogida especializada FAE PRO \u201cEL HUALLE\u201d, con impacto en las comunas de Angol, Renaico, Collipulli, Pur\u00e9n, Los Sauces, Lumaco y Ercilla, Provincia del Malleco, en la Regi\u00f3n de la Araucan\u00eda.<\/p>\n\n\n\n<p>\u201cBuscamos trabajar la modalidad de familias de acogida en comunas de la cordillera de Nahuelbuta, en la provincia de Malleco,&nbsp;relevando el derecho y oportunidad a vivir en familia para los casos de infancia vulnerada, en la regi\u00f3n de la Araucan\u00eda\u201d, explic\u00f3 la gerente Zona Sur de Coanil, Alejandra Rojas, quien agreg\u00f3 que este proyecto tiene la ambiciosa misi\u00f3n de motivar a la comunidad para que conozca el modelo de Familia de Acogida y de esta forma sensibilizar a que familias de la zona acepten el desaf\u00edo de transformarse en la alternativa de hogar transitorio para un ni\u00f1o o ni\u00f1a, de entre 0 y 17 a\u00f1os, que ha visto gravemente vulnerados sus derechos,&nbsp;cuando la separaci\u00f3n de su familia nuclear se hace necesaria y obligatoria&nbsp;para resguardar su bienestar f\u00edsico y mental.<\/p>\n\n\n\n<p>Agreg\u00f3 que esta es una oportunidad \u00fanica de que c\u00f3mo sociedad no miremos para el lado cuando se trata de aportar por un pa\u00eds mejor. \u201cDurante los \u00faltimos meses el estallido social ha mostrado nuestros reclamos por un Chile m\u00e1s justo y m\u00e1s digno, y la infancia vulnerada es parte tambi\u00e9n de este escenario, pero no s\u00f3lo las instituciones somos responsables de la soluciones, el llamado es para todos y este programa es una invitaci\u00f3n directa a involucrarnos como familia para hacer algo concreto por la restituci\u00f3n de los derechos de la infancia\u201d, destac\u00f3.&nbsp;<\/p>\n\n\n\n<p>El sector escogido para la ejecuci\u00f3n de este programa&nbsp;-provincia de Malleco-&nbsp;registra una situaci\u00f3n de pobreza por ingresos que afecta a un 17,2% de la poblaci\u00f3n, porcentaje que duplica al registro nacional (8,6%), siendo el m\u00e1s alto a nivel nacional, datos que explicar\u00edan en parte la alta incidencia de ni\u00f1os vulnerados.<\/p>\n\n\n\n<p>\u201cOtro componente en el territorio&nbsp;de estudio&nbsp;invita a una intensa vinculaci\u00f3n con comunidades mapuches, desde una mirada comprensiva que reconozca su cosmovisi\u00f3n en la intervenci\u00f3n, para ello se est\u00e1 trabajando con facilitadores interculturales que sean un nexo entre la poblaci\u00f3n infanto-juvenil con ascendencia mapuche y la resignificaci\u00f3n y restituci\u00f3n de sus derechos y de la intervenci\u00f3n psicosocial apropiada a cada uno de sus casos\u201d, coment\u00f3 &nbsp;Leonardo Huequelef, director FAE PRO Los Naranjos, en Chill\u00e1n, donde existe experiencia por m\u00e1s de 20 a\u00f1os, quien adem\u00e1s enfatiz\u00f3 que lo que se busca es conseguir el ingreso&nbsp;de estos ni\u00f1os a un hogar estable, compuesto por familias con alta vocaci\u00f3n social y que est\u00e1n dispuestas a generar de manera transitoria una estada reparatoria para los ni\u00f1os, basada en el amor, y la contenci\u00f3n.<\/p>\n\n\n\n<p>La directora del Proyecto EL HUALLE, la trabajadora social Alejandra Fuentes, indic\u00f3 que el modelo de Familias de Acogida viene desarroll\u00e1ndose en la zona de Malleco desde hace cinco a\u00f1os, pero que con esta nueva instituci\u00f3n a cargo, como lo es Coanil, lo que se busca fortalecer la intervenci\u00f3n en 109 ni\u00f1os que han ingresado al programa v\u00eda tribunales. Para ello el proyecto est\u00e1 armando un equipo de 15 profesionales, compuesto por sic\u00f3logos, asistentes sociales, t\u00e9cnicos y administrativos, para trabajar con los ni\u00f1os, sus familias de origen, as\u00ed como tambi\u00e9n sus familias de acogida. \u201cNuestro gran objetivo es generar la protecci\u00f3n a partir de la restituci\u00f3n de los derechos del ni\u00f1o que temporalmente han sido separados de sus familias de origen, por orden de un tribunal, siendo ubicados en una familia alternativa en busca su reparaci\u00f3n. Con ellos trabajamos distintas acciones que pretenden, en un contexto normal de coexistencia, optimizar los cuidados del infante con una familia id\u00f3nea, superar los efectos de vulnerabilidad de derechos, as\u00ed como su reinserci\u00f3n familiar\u201d.<\/p>\n\n\n\n<p>Trabajo en red<\/p>\n\n\n\n<p>Fundaci\u00f3n Coanil posee una dilatada experiencia abordando temas de infancia y discapacidad intelectual, en este programa en particular realizar\u00e1 un trabajo en redes con car\u00e1cter intersectorial y circuito de protecci\u00f3n especial a fin de garantizar los derechos de los ni\u00f1os, ni\u00f1as y adolescentes, mediante la articulaci\u00f3n de Programas de Protecci\u00f3n Especial como: Oficina de Protecci\u00f3n de Derechos de la Infancia (OPD), Programa de Prevenci\u00f3n Focalizada (PPF), Programa de Reparaci\u00f3n de Maltrato Grave (PRM), CONADI, entre otros. De igual modo se trabajar\u00e1 con el intersector a fin de lograr las prestaciones requeridas en Salud y Educaci\u00f3n. De la misma forma, al contar con cobertura regional, se coordinar\u00e1 con las distintas provincias y comunas identificando a las Municipalidades como un actor relevante en el territorio.<\/p>\n\n\n\n<p>El plan FAE tiene una duraci\u00f3n de un a\u00f1o, de noviembre 2019 a nov de 2020, y cuanta con una serie de actividades de sensibilizaci\u00f3n y captura de familias chilenas interesadas en hacer un aporte c\u00edvico, humano, respecto a quienes no han tenido otras oportunidades de desarrollo e integraci\u00f3n. Se pretende por lo tanto que entendamos como sociedad la esponsabilidad que tenemos todos m\u00e1s all\u00e1 de la emoci\u00f3n o el dolor ante la adversidad, en esta \u00e9poca de b\u00fasqueda de la justicia social estas iniciativas se hacen m\u00e1s concretas, m\u00e1s humanas, m\u00e1s decisorias.<\/p>\n\n\n\n<p>Este proyecto contempla inaugurar sus nuevas dependencias en la ciudad de Angol a fines de febrero 2020.<\/p>\n","protected":false},"excerpt":{"rendered":"<div class=\"pvc_clear\"><\/div>\n<p id=\"pvc_stats_8017\" class=\"pvc_stats total_only  \" data-element-id=\"8017\" style=\"\"><i class=\"pvc-stats-icon large\" aria-hidden=\"true\"><svg aria-hidden=\"true\" focusable=\"false\" data-prefix=\"far\" data-icon=\"chart-bar\" role=\"img\" xmlns=\"http:\/\/www.w3.org\/2000\/svg\" viewBox=\"0 0 512 512\" class=\"svg-inline--fa fa-chart-bar fa-w-16 fa-2x\"><path fill=\"currentColor\" d=\"M396.8 352h22.4c6.4 0 12.8-6.4 12.8-12.8V108.8c0-6.4-6.4-12.8-12.8-12.8h-22.4c-6.4 0-12.8 6.4-12.8 12.8v230.4c0 6.4 6.4 12.8 12.8 12.8zm-192 0h22.4c6.4 0 12.8-6.4 12.8-12.8V140.8c0-6.4-6.4-12.8-12.8-12.8h-22.4c-6.4 0-12.8 6.4-12.8 12.8v198.4c0 6.4 6.4 12.8 12.8 12.8zm96 0h22.4c6.4 0 12.8-6.4 12.8-12.8V204.8c0-6.4-6.4-12.8-12.8-12.8h-22.4c-6.4 0-12.8 6.4-12.8 12.8v134.4c0 6.4 6.4 12.8 12.8 12.8zM496 400H48V80c0-8.84-7.16-16-16-16H16C7.16 64 0 71.16 0 80v336c0 17.67 14.33 32 32 32h464c8.84 0 16-7.16 16-16v-16c0-8.84-7.16-16-16-16zm-387.2-48h22.4c6.4 0 12.8-6.4 12.8-12.8v-70.4c0-6.4-6.4-12.8-12.8-12.8h-22.4c-6.4 0-12.8 6.4-12.8 12.8v70.4c0 6.4 6.4 12.8 12.8 12.8z\" class=\"\"><\/path><\/svg><\/i> <img loading=\"lazy\" decoding=\"async\" width=\"16\" height=\"16\" alt=\"Loading\" src=\"https:\/\/temucotelevision.cl\/web\/wp-content\/plugins\/page-views-count\/ajax-loader-2x.gif\" border=0 \/><\/p>\n<div class=\"pvc_clear\"><\/div>\n<p>Programa \u201cEL HUALLE\u201d de Coanil realizar\u00e1 captaci\u00f3n de familias con alta vocaci\u00f3n social para acoger a ni\u00f1os que han visto<\/p>\n","protected":false},"author":1,"featured_media":8018,"comment_status":"open","ping_status":"open","sticky":false,"template":"","format":"standard","meta":{"colormag_page_container_layout":"default_layout","colormag_page_sidebar_layout":"default_layout","footnotes":""},"categories":[101],"tags":[2176,2005],"class_list":["post-8017","post","type-post","status-publish","format-standard","has-post-thumbnail","hentry","category-actualidad","tag-coanil","tag-derechos"],"a3_pvc":{"activated":true,"total_views":65,"today_views":0},"_links":{"self":[{"href":"https:\/\/temucotelevision.cl\/web\/wp-json\/wp\/v2\/posts\/8017","targetHints":{"allow":["GET"]}}],"collection":[{"href":"https:\/\/temucotelevision.cl\/web\/wp-json\/wp\/v2\/posts"}],"about":[{"href":"https:\/\/temucotelevision.cl\/web\/wp-json\/wp\/v2\/types\/post"}],"author":[{"embeddable":true,"href":"https:\/\/temucotelevision.cl\/web\/wp-json\/wp\/v2\/users\/1"}],"replies":[{"embeddable":true,"href":"https:\/\/temucotelevision.cl\/web\/wp-json\/wp\/v2\/comments?post=8017"}],"version-history":[{"count":1,"href":"https:\/\/temucotelevision.cl\/web\/wp-json\/wp\/v2\/posts\/8017\/revisions"}],"predecessor-version":[{"id":8019,"href":"https:\/\/temucotelevision.cl\/web\/wp-json\/wp\/v2\/posts\/8017\/revisions\/8019"}],"wp:featuredmedia":[{"embeddable":true,"href":"https:\/\/temucotelevision.cl\/web\/wp-json\/wp\/v2\/media\/8018"}],"wp:attachment":[{"href":"https:\/\/temucotelevision.cl\/web\/wp-json\/wp\/v2\/media?parent=8017"}],"wp:term":[{"taxonomy":"category","embeddable":true,"href":"https:\/\/temucotelevision.cl\/web\/wp-json\/wp\/v2\/categories?post=8017"},{"taxonomy":"post_tag","embeddable":true,"href":"https:\/\/temucotelevision.cl\/web\/wp-json\/wp\/v2\/tags?post=8017"}],"curies":[{"name":"wp","href":"https:\/\/api.w.org\/{rel}","templated":true}]}}