{"id":8014,"date":"2020-01-20T14:56:24","date_gmt":"2020-01-20T17:56:24","guid":{"rendered":"https:\/\/temucotelevision.cl\/web\/?p=8014"},"modified":"2020-01-20T14:56:26","modified_gmt":"2020-01-20T17:56:26","slug":"buzos-mariscadores-de-nehuentue-cuentan-con-inmueble-fiscal-para-realizar-actividades%ef%bb%bf","status":"publish","type":"post","link":"https:\/\/temucotelevision.cl\/web\/2020\/01\/20\/buzos-mariscadores-de-nehuentue-cuentan-con-inmueble-fiscal-para-realizar-actividades%ef%bb%bf\/","title":{"rendered":"Buzos mariscadores de Nehuent\u00fae cuentan con inmueble fiscal para realizar actividades\ufeff"},"content":{"rendered":"<div class=\"pvc_clear\"><\/div><p id=\"pvc_stats_8014\" class=\"pvc_stats total_only  \" data-element-id=\"8014\" style=\"\"><i class=\"pvc-stats-icon large\" aria-hidden=\"true\"><svg aria-hidden=\"true\" focusable=\"false\" data-prefix=\"far\" data-icon=\"chart-bar\" role=\"img\" xmlns=\"http:\/\/www.w3.org\/2000\/svg\" viewBox=\"0 0 512 512\" class=\"svg-inline--fa fa-chart-bar fa-w-16 fa-2x\"><path fill=\"currentColor\" d=\"M396.8 352h22.4c6.4 0 12.8-6.4 12.8-12.8V108.8c0-6.4-6.4-12.8-12.8-12.8h-22.4c-6.4 0-12.8 6.4-12.8 12.8v230.4c0 6.4 6.4 12.8 12.8 12.8zm-192 0h22.4c6.4 0 12.8-6.4 12.8-12.8V140.8c0-6.4-6.4-12.8-12.8-12.8h-22.4c-6.4 0-12.8 6.4-12.8 12.8v198.4c0 6.4 6.4 12.8 12.8 12.8zm96 0h22.4c6.4 0 12.8-6.4 12.8-12.8V204.8c0-6.4-6.4-12.8-12.8-12.8h-22.4c-6.4 0-12.8 6.4-12.8 12.8v134.4c0 6.4 6.4 12.8 12.8 12.8zM496 400H48V80c0-8.84-7.16-16-16-16H16C7.16 64 0 71.16 0 80v336c0 17.67 14.33 32 32 32h464c8.84 0 16-7.16 16-16v-16c0-8.84-7.16-16-16-16zm-387.2-48h22.4c6.4 0 12.8-6.4 12.8-12.8v-70.4c0-6.4-6.4-12.8-12.8-12.8h-22.4c-6.4 0-12.8 6.4-12.8 12.8v70.4c0 6.4 6.4 12.8 12.8 12.8z\" class=\"\"><\/path><\/svg><\/i> <img loading=\"lazy\" decoding=\"async\" width=\"16\" height=\"16\" alt=\"Loading\" src=\"https:\/\/temucotelevision.cl\/web\/wp-content\/plugins\/page-views-count\/ajax-loader-2x.gif\" border=0 \/><\/p><div class=\"pvc_clear\"><\/div>\n<p><strong>Seremi de Bienes Nacionales en La Araucan\u00eda, Natalia Rivera Vel\u00e1squez, autoriz\u00f3 la concesi\u00f3n, para que esta agrupaci\u00f3n cuente con un espacio para llevar a cabo actividades recreativas, comunitarias y sociales.<\/strong><\/p>\n\n\n\n<p>La Asociaci\u00f3n Gremial de Buzos Mariscadores de la localidad de Nehuent\u00fae, en la comuna de Carahue, dedicada a la conservaci\u00f3n y extracci\u00f3n de choros maltones, est\u00e1 compuesta por 35 socios activos, junto a sus respectivas familias y recibieron una buena noticia, que les dar\u00e1 un empuj\u00f3n importante a su labor.<\/p>\n\n\n\n<p>Fueron largos a\u00f1os en los que solicitaron regularizar el espacio en el cual se re\u00fanen de manera constante y del cual no contaban con ning\u00fan respaldo, eso hasta que Bienes Nacionales de La Araucan\u00eda a trav\u00e9s de la Seremi, Natalia Rivera Vel\u00e1squez, les entregara de manera presencial la respuesta a su solicitud y que les permite desde ahora contar con este inmueble de manera legal, el que ser\u00e1 utilizado para continuar con su labor social y comunitaria.<\/p>\n\n\n\n<p>Gracias a esta entrega tambi\u00e9n se les abren m\u00e1s oportunidades, como es el caso de postular a proyectos y de paso remodelar sus instalaciones, lo cual les dar\u00e1 un nuevo aire a todas sus actividades.<\/p>\n\n\n\n<p>La Secretaria Regional Ministerial, junto al alcalde de Carahue, Alejandro S\u00e1ez y autoridades de la comuna, pudieron compartir y conocer con gran parte de los integrantes de esta agrupaci\u00f3n, todo el camino recorrido para que se pudiera concretar este antiguo anhelo, que les permite tener este espacio ubicado en calle Imperial de 1.250 metros cuadrados.<\/p>\n\n\n\n<p>Ariel Carrasco, presidente de la asociaci\u00f3n, valor\u00f3 y agradeci\u00f3 la presencia de la Seremi y que se aprobara la solicitud, porque ahora se les abre una serie de posibilidades para seguir creciendo.<\/p>\n\n\n\n<p>\u201cTodo esto fue muy r\u00e1pido y la verdad es que estamos felices porque estamos haciendo realidad nuestros planes con la entrega de esta concesi\u00f3n. Nuestras metas ahora son postular a proyectos para que estos nos traigan m\u00e1s y mejores condiciones, por lo mismo el contar con este inmueble nos da esa posibilidad, as\u00ed que agradecemos a la Seremi que nos trajo esta buena noticia a Nehuent\u00fae\u201d, puntualiz\u00f3 Carrasco.<\/p>\n\n\n\n<p>Por su parte la Secretaria Regional Ministerial de Bienes Nacionales, indic\u00f3 que esto es parte de lo que ha solicitado el Presidente Sebasti\u00e1n Pi\u00f1era a la cartera, de ir en ayuda de agrupaciones que hagan una contribuci\u00f3n a la comunidad.<\/p>\n\n\n\n<p>\u201cEllos realizaron su petici\u00f3n y nosotros revisamos los antecedentes, tambi\u00e9n conocimos del trabajo que realizan y accedimos a la solicitud para que tengan este espacio f\u00edsico y puedan continuar con sus labores que son sumamente importantes para la comunidad de Nehuent\u00fae que vive en parte de la actividad que ellos realizan. Para nosotros lo importante es que esto nos permite seguir en l\u00ednea con lo que nos ha pedido el Presidente Sebasti\u00e1n Pi\u00f1era de reconocer a instituciones que contribuyen con la sociedad, por lo que no dudamos en entregar esta concesi\u00f3n\u201d, manifest\u00f3 la Seremi, Natalia Rivera.<\/p>\n\n\n\n<p>Para finalizar el alcalde de Carahue, Alejandro S\u00e1ez, solo tuvo palabras de agradecimiento porque la concesi\u00f3n de este inmueble va en directo apoyo de la actividad de la comuna, por lo cual tambi\u00e9n brind\u00f3 su apoyo asesorando a la agrupaci\u00f3n en lo que requieran para llevar a cabo sus proyectos.<\/p>\n","protected":false},"excerpt":{"rendered":"<div class=\"pvc_clear\"><\/div>\n<p id=\"pvc_stats_8014\" class=\"pvc_stats total_only  \" data-element-id=\"8014\" style=\"\"><i class=\"pvc-stats-icon large\" aria-hidden=\"true\"><svg aria-hidden=\"true\" focusable=\"false\" data-prefix=\"far\" data-icon=\"chart-bar\" role=\"img\" xmlns=\"http:\/\/www.w3.org\/2000\/svg\" viewBox=\"0 0 512 512\" class=\"svg-inline--fa fa-chart-bar fa-w-16 fa-2x\"><path fill=\"currentColor\" d=\"M396.8 352h22.4c6.4 0 12.8-6.4 12.8-12.8V108.8c0-6.4-6.4-12.8-12.8-12.8h-22.4c-6.4 0-12.8 6.4-12.8 12.8v230.4c0 6.4 6.4 12.8 12.8 12.8zm-192 0h22.4c6.4 0 12.8-6.4 12.8-12.8V140.8c0-6.4-6.4-12.8-12.8-12.8h-22.4c-6.4 0-12.8 6.4-12.8 12.8v198.4c0 6.4 6.4 12.8 12.8 12.8zm96 0h22.4c6.4 0 12.8-6.4 12.8-12.8V204.8c0-6.4-6.4-12.8-12.8-12.8h-22.4c-6.4 0-12.8 6.4-12.8 12.8v134.4c0 6.4 6.4 12.8 12.8 12.8zM496 400H48V80c0-8.84-7.16-16-16-16H16C7.16 64 0 71.16 0 80v336c0 17.67 14.33 32 32 32h464c8.84 0 16-7.16 16-16v-16c0-8.84-7.16-16-16-16zm-387.2-48h22.4c6.4 0 12.8-6.4 12.8-12.8v-70.4c0-6.4-6.4-12.8-12.8-12.8h-22.4c-6.4 0-12.8 6.4-12.8 12.8v70.4c0 6.4 6.4 12.8 12.8 12.8z\" class=\"\"><\/path><\/svg><\/i> <img loading=\"lazy\" decoding=\"async\" width=\"16\" height=\"16\" alt=\"Loading\" src=\"https:\/\/temucotelevision.cl\/web\/wp-content\/plugins\/page-views-count\/ajax-loader-2x.gif\" border=0 \/><\/p>\n<div class=\"pvc_clear\"><\/div>\n<p>Seremi de Bienes Nacionales en La Araucan\u00eda, Natalia Rivera Vel\u00e1squez, autoriz\u00f3 la concesi\u00f3n, para que esta agrupaci\u00f3n cuente con un<\/p>\n","protected":false},"author":1,"featured_media":8015,"comment_status":"open","ping_status":"open","sticky":false,"template":"","format":"standard","meta":{"colormag_page_container_layout":"default_layout","colormag_page_sidebar_layout":"default_layout","footnotes":""},"categories":[15],"tags":[2175],"class_list":["post-8014","post","type-post","status-publish","format-standard","has-post-thumbnail","hentry","category-la-araucania","tag-nehuentue"],"a3_pvc":{"activated":true,"total_views":63,"today_views":0},"_links":{"self":[{"href":"https:\/\/temucotelevision.cl\/web\/wp-json\/wp\/v2\/posts\/8014","targetHints":{"allow":["GET"]}}],"collection":[{"href":"https:\/\/temucotelevision.cl\/web\/wp-json\/wp\/v2\/posts"}],"about":[{"href":"https:\/\/temucotelevision.cl\/web\/wp-json\/wp\/v2\/types\/post"}],"author":[{"embeddable":true,"href":"https:\/\/temucotelevision.cl\/web\/wp-json\/wp\/v2\/users\/1"}],"replies":[{"embeddable":true,"href":"https:\/\/temucotelevision.cl\/web\/wp-json\/wp\/v2\/comments?post=8014"}],"version-history":[{"count":1,"href":"https:\/\/temucotelevision.cl\/web\/wp-json\/wp\/v2\/posts\/8014\/revisions"}],"predecessor-version":[{"id":8016,"href":"https:\/\/temucotelevision.cl\/web\/wp-json\/wp\/v2\/posts\/8014\/revisions\/8016"}],"wp:featuredmedia":[{"embeddable":true,"href":"https:\/\/temucotelevision.cl\/web\/wp-json\/wp\/v2\/media\/8015"}],"wp:attachment":[{"href":"https:\/\/temucotelevision.cl\/web\/wp-json\/wp\/v2\/media?parent=8014"}],"wp:term":[{"taxonomy":"category","embeddable":true,"href":"https:\/\/temucotelevision.cl\/web\/wp-json\/wp\/v2\/categories?post=8014"},{"taxonomy":"post_tag","embeddable":true,"href":"https:\/\/temucotelevision.cl\/web\/wp-json\/wp\/v2\/tags?post=8014"}],"curies":[{"name":"wp","href":"https:\/\/api.w.org\/{rel}","templated":true}]}}