{"id":8011,"date":"2020-01-20T14:52:07","date_gmt":"2020-01-20T17:52:07","guid":{"rendered":"https:\/\/temucotelevision.cl\/web\/?p=8011"},"modified":"2020-01-20T14:52:10","modified_gmt":"2020-01-20T17:52:10","slug":"exitosa-fiesta-del-cordero-se-realizo-en-quitratue","status":"publish","type":"post","link":"https:\/\/temucotelevision.cl\/web\/2020\/01\/20\/exitosa-fiesta-del-cordero-se-realizo-en-quitratue\/","title":{"rendered":"Exitosa fiesta del cordero se realiz\u00f3 en Quitrat\u00fae"},"content":{"rendered":"<div class=\"pvc_clear\"><\/div><p id=\"pvc_stats_8011\" class=\"pvc_stats total_only  \" data-element-id=\"8011\" style=\"\"><i class=\"pvc-stats-icon large\" aria-hidden=\"true\"><svg aria-hidden=\"true\" focusable=\"false\" data-prefix=\"far\" data-icon=\"chart-bar\" role=\"img\" xmlns=\"http:\/\/www.w3.org\/2000\/svg\" viewBox=\"0 0 512 512\" class=\"svg-inline--fa fa-chart-bar fa-w-16 fa-2x\"><path fill=\"currentColor\" d=\"M396.8 352h22.4c6.4 0 12.8-6.4 12.8-12.8V108.8c0-6.4-6.4-12.8-12.8-12.8h-22.4c-6.4 0-12.8 6.4-12.8 12.8v230.4c0 6.4 6.4 12.8 12.8 12.8zm-192 0h22.4c6.4 0 12.8-6.4 12.8-12.8V140.8c0-6.4-6.4-12.8-12.8-12.8h-22.4c-6.4 0-12.8 6.4-12.8 12.8v198.4c0 6.4 6.4 12.8 12.8 12.8zm96 0h22.4c6.4 0 12.8-6.4 12.8-12.8V204.8c0-6.4-6.4-12.8-12.8-12.8h-22.4c-6.4 0-12.8 6.4-12.8 12.8v134.4c0 6.4 6.4 12.8 12.8 12.8zM496 400H48V80c0-8.84-7.16-16-16-16H16C7.16 64 0 71.16 0 80v336c0 17.67 14.33 32 32 32h464c8.84 0 16-7.16 16-16v-16c0-8.84-7.16-16-16-16zm-387.2-48h22.4c6.4 0 12.8-6.4 12.8-12.8v-70.4c0-6.4-6.4-12.8-12.8-12.8h-22.4c-6.4 0-12.8 6.4-12.8 12.8v70.4c0 6.4 6.4 12.8 12.8 12.8z\" class=\"\"><\/path><\/svg><\/i> <img loading=\"lazy\" decoding=\"async\" width=\"16\" height=\"16\" alt=\"Loading\" src=\"https:\/\/temucotelevision.cl\/web\/wp-content\/plugins\/page-views-count\/ajax-loader-2x.gif\" border=0 \/><\/p><div class=\"pvc_clear\"><\/div>\n<p>M\u00e1s de 8 mil personas en ambos d\u00edas disfrutaron una variada gastronom\u00eda, m\u00fasica en vivo, concursos y una extensa feria en la octava versi\u00f3n de la fiesta del Cordero en la localidad de Quitrat\u00fae, comuna de Gorbea.<\/p>\n\n\n\n<p>Turistas de diferentes partes del pa\u00eds, se acercaron al estadio municipal de Quitrat\u00fae, donde el asado de cordero fue el principal actor en la feria junto a las tradicionales empanadas, anticuchos, acompa\u00f1ados de cervezas artesanales con sabores y las cl\u00e1sicas rubia y negra, de igual forma emprendedores con sus panchos, asadores y tablas, se pod\u00edan encontrar en estos dos d\u00edas de celebraci\u00f3n.<\/p>\n\n\n\n<p>El d\u00eda s\u00e1bado, el folclor ameniz\u00f3 el evento junto a Puchuncav\u00ed, la m\u00fasica del recuerdo estuvo a cargo de Deja vu, mientras que Tornado Ranchero y Los Haitianos del Sur, hicieron bailar a los asistentes de este d\u00eda.&nbsp;<\/p>\n\n\n\n<p>El ballet folcl\u00f3rico municipal con solo 8 meses de vida, fue el encargado de iniciar el d\u00eda domingo las presentaciones de m\u00e1s artistas invitados como Mana Ma\u2019ohi, directamente desde la Isla de Rapa Nui, de igual forma, Colelo hizo vibrar el recinto con su rock de identidad mapuche. Tambi\u00e9n el p\u00fablico presente coreo junto a Sandra Sep\u00falveda, ex participante de yo soy, las canciones de la mexicana Ana Gabriel y Los prisioneros del sur hicieron bailar a los presentes en la jornada final de esta versi\u00f3n.<\/p>\n\n\n\n<p>\u201cEl apoyo a emprendedores siempre ha sido nuestro compromiso a trav\u00e9s de estas fiestas donde las ferias que se desarrollan, son muchas veces el principal sustento a diferentes familias de la comuna y Gorbea, Quitratr\u00fae y Lastarria ya se encuentran marcados a nivel regional incluso nacional por la realizaci\u00f3n de ferias y la del Cordero es una de las m\u00e1s esperadas en la regi\u00f3n al ser la m\u00e1s antigua de este tipo\u201d expres\u00f3 el alcalde Guido Siegmund.<\/p>\n\n\n\n<p>Cabe se\u00f1alar que a\u00fan quedan ferias para disfrutar en la comuna del Salto Donguil, el domingo 26 de enero se encuentra la Fiesta del Berrie en el sector el Liuco, sector con acceso gratuito y directo por ruta 5 sur, mientras que la semana del 27 al 31 de enero se desarrollar\u00e1 el 19\u00ba Festival Internacional del Teatro y las Artes FITAR, para finalizar esa semana en Lastarria se desarrollar\u00e1 la tradicional feria costumbrista del 31 de enero al 2 de febrero.<\/p>\n","protected":false},"excerpt":{"rendered":"<div class=\"pvc_clear\"><\/div>\n<p id=\"pvc_stats_8011\" class=\"pvc_stats total_only  \" data-element-id=\"8011\" style=\"\"><i class=\"pvc-stats-icon large\" aria-hidden=\"true\"><svg aria-hidden=\"true\" focusable=\"false\" data-prefix=\"far\" data-icon=\"chart-bar\" role=\"img\" xmlns=\"http:\/\/www.w3.org\/2000\/svg\" viewBox=\"0 0 512 512\" class=\"svg-inline--fa fa-chart-bar fa-w-16 fa-2x\"><path fill=\"currentColor\" d=\"M396.8 352h22.4c6.4 0 12.8-6.4 12.8-12.8V108.8c0-6.4-6.4-12.8-12.8-12.8h-22.4c-6.4 0-12.8 6.4-12.8 12.8v230.4c0 6.4 6.4 12.8 12.8 12.8zm-192 0h22.4c6.4 0 12.8-6.4 12.8-12.8V140.8c0-6.4-6.4-12.8-12.8-12.8h-22.4c-6.4 0-12.8 6.4-12.8 12.8v198.4c0 6.4 6.4 12.8 12.8 12.8zm96 0h22.4c6.4 0 12.8-6.4 12.8-12.8V204.8c0-6.4-6.4-12.8-12.8-12.8h-22.4c-6.4 0-12.8 6.4-12.8 12.8v134.4c0 6.4 6.4 12.8 12.8 12.8zM496 400H48V80c0-8.84-7.16-16-16-16H16C7.16 64 0 71.16 0 80v336c0 17.67 14.33 32 32 32h464c8.84 0 16-7.16 16-16v-16c0-8.84-7.16-16-16-16zm-387.2-48h22.4c6.4 0 12.8-6.4 12.8-12.8v-70.4c0-6.4-6.4-12.8-12.8-12.8h-22.4c-6.4 0-12.8 6.4-12.8 12.8v70.4c0 6.4 6.4 12.8 12.8 12.8z\" class=\"\"><\/path><\/svg><\/i> <img loading=\"lazy\" decoding=\"async\" width=\"16\" height=\"16\" alt=\"Loading\" src=\"https:\/\/temucotelevision.cl\/web\/wp-content\/plugins\/page-views-count\/ajax-loader-2x.gif\" border=0 \/><\/p>\n<div class=\"pvc_clear\"><\/div>\n<p>M\u00e1s de 8 mil personas en ambos d\u00edas disfrutaron una variada gastronom\u00eda, m\u00fasica en vivo, concursos y una extensa feria<\/p>\n","protected":false},"author":1,"featured_media":8012,"comment_status":"open","ping_status":"open","sticky":false,"template":"","format":"standard","meta":{"colormag_page_container_layout":"default_layout","colormag_page_sidebar_layout":"default_layout","footnotes":""},"categories":[86],"tags":[2052],"class_list":["post-8011","post","type-post","status-publish","format-standard","has-post-thumbnail","hentry","category-panoramas","tag-quitratue"],"a3_pvc":{"activated":true,"total_views":81,"today_views":0},"_links":{"self":[{"href":"https:\/\/temucotelevision.cl\/web\/wp-json\/wp\/v2\/posts\/8011","targetHints":{"allow":["GET"]}}],"collection":[{"href":"https:\/\/temucotelevision.cl\/web\/wp-json\/wp\/v2\/posts"}],"about":[{"href":"https:\/\/temucotelevision.cl\/web\/wp-json\/wp\/v2\/types\/post"}],"author":[{"embeddable":true,"href":"https:\/\/temucotelevision.cl\/web\/wp-json\/wp\/v2\/users\/1"}],"replies":[{"embeddable":true,"href":"https:\/\/temucotelevision.cl\/web\/wp-json\/wp\/v2\/comments?post=8011"}],"version-history":[{"count":1,"href":"https:\/\/temucotelevision.cl\/web\/wp-json\/wp\/v2\/posts\/8011\/revisions"}],"predecessor-version":[{"id":8013,"href":"https:\/\/temucotelevision.cl\/web\/wp-json\/wp\/v2\/posts\/8011\/revisions\/8013"}],"wp:featuredmedia":[{"embeddable":true,"href":"https:\/\/temucotelevision.cl\/web\/wp-json\/wp\/v2\/media\/8012"}],"wp:attachment":[{"href":"https:\/\/temucotelevision.cl\/web\/wp-json\/wp\/v2\/media?parent=8011"}],"wp:term":[{"taxonomy":"category","embeddable":true,"href":"https:\/\/temucotelevision.cl\/web\/wp-json\/wp\/v2\/categories?post=8011"},{"taxonomy":"post_tag","embeddable":true,"href":"https:\/\/temucotelevision.cl\/web\/wp-json\/wp\/v2\/tags?post=8011"}],"curies":[{"name":"wp","href":"https:\/\/api.w.org\/{rel}","templated":true}]}}