{"id":8008,"date":"2020-01-20T14:45:27","date_gmt":"2020-01-20T17:45:27","guid":{"rendered":"https:\/\/temucotelevision.cl\/web\/?p=8008"},"modified":"2020-01-20T14:45:29","modified_gmt":"2020-01-20T17:45:29","slug":"las-villa-lanzan-su-nuevo-sencillo-animal","status":"publish","type":"post","link":"https:\/\/temucotelevision.cl\/web\/2020\/01\/20\/las-villa-lanzan-su-nuevo-sencillo-animal\/","title":{"rendered":"Las Villa lanzan su nuevo sencillo &#8220;Animal&#8221;"},"content":{"rendered":"<div class=\"pvc_clear\"><\/div><p id=\"pvc_stats_8008\" class=\"pvc_stats total_only  \" data-element-id=\"8008\" style=\"\"><i class=\"pvc-stats-icon large\" aria-hidden=\"true\"><svg aria-hidden=\"true\" focusable=\"false\" data-prefix=\"far\" data-icon=\"chart-bar\" role=\"img\" xmlns=\"http:\/\/www.w3.org\/2000\/svg\" viewBox=\"0 0 512 512\" class=\"svg-inline--fa fa-chart-bar fa-w-16 fa-2x\"><path fill=\"currentColor\" d=\"M396.8 352h22.4c6.4 0 12.8-6.4 12.8-12.8V108.8c0-6.4-6.4-12.8-12.8-12.8h-22.4c-6.4 0-12.8 6.4-12.8 12.8v230.4c0 6.4 6.4 12.8 12.8 12.8zm-192 0h22.4c6.4 0 12.8-6.4 12.8-12.8V140.8c0-6.4-6.4-12.8-12.8-12.8h-22.4c-6.4 0-12.8 6.4-12.8 12.8v198.4c0 6.4 6.4 12.8 12.8 12.8zm96 0h22.4c6.4 0 12.8-6.4 12.8-12.8V204.8c0-6.4-6.4-12.8-12.8-12.8h-22.4c-6.4 0-12.8 6.4-12.8 12.8v134.4c0 6.4 6.4 12.8 12.8 12.8zM496 400H48V80c0-8.84-7.16-16-16-16H16C7.16 64 0 71.16 0 80v336c0 17.67 14.33 32 32 32h464c8.84 0 16-7.16 16-16v-16c0-8.84-7.16-16-16-16zm-387.2-48h22.4c6.4 0 12.8-6.4 12.8-12.8v-70.4c0-6.4-6.4-12.8-12.8-12.8h-22.4c-6.4 0-12.8 6.4-12.8 12.8v70.4c0 6.4 6.4 12.8 12.8 12.8z\" class=\"\"><\/path><\/svg><\/i> <img loading=\"lazy\" decoding=\"async\" width=\"16\" height=\"16\" alt=\"Loading\" src=\"https:\/\/temucotelevision.cl\/web\/wp-content\/plugins\/page-views-count\/ajax-loader-2x.gif\" border=0 \/><\/p><div class=\"pvc_clear\"><\/div>\n<p>El d\u00fao musical Las Villa, conformado por las mellizas colombianas Laura y Luc\u00eda Villa, hoy nos deleitan con el lanzamiento de su segundo sencillo titulado \u201cAnimal\u201d. A trav\u00e9s de este lanzamiento, el d\u00fao entra al mundo urbano de una manera poderosa con una canci\u00f3n de reggaet\u00f3n. Escucha el tema.<\/p>\n\n\n\n<figure><iframe loading=\"lazy\" width=\"560\" height=\"315\" src=\"https:\/\/www.youtube.com\/embed\/RmWkHybsyH8\" allowfullscreen=\"\"><\/iframe><\/figure>\n\n\n\n<p>Despu\u00e9s de su deb\u00fat con el sencillo \u201cNadita\u201d, el cual ha alcanzado los 15 millones de views en YouTube y dos millones de streams en Spotify a tan solo tres meses de su estreno, las chicas regresan con fuerza, mostrando su incre\u00edble talento y capacidad de trabajar con distintos g\u00e9neros y estilos musicales.<\/p>\n\n\n\n<p>\u201cAnimal\u201d es una canci\u00f3n atrevida que habla sobre dejarse llevar por los instintos y dejar que la m\u00fasica fluya. Tiene mucha fuerza, poder y fuego en ella, y mantiene el toque \u00fanico que marca el estilo de Las Villa. El tema no trata de una historia, es un estado de \u00e1nimo en el cual el hombre deja su raz\u00f3n, sus sentimientos y sus emociones como ser humano y se entrega al deseo y a las necesidades b\u00e1sicas como un animal.\u00a0<\/p>\n\n\n\n<p>A trav\u00e9s de esta canci\u00f3n, Las Villa dejan un mensaje sobre como existen dos lados de la moneda.&nbsp; Uno que est\u00e1 dominado por el razonamiento de los seres humanos, donde existe el control y siempre habr\u00e1 un pecado; y otro donde se permite liberarse de los prejuicios y donde uno puede simplemente ser. El d\u00fao lo describe como \u201cUn mensaje para la gente que no se permite vivir como quiere, de liberarse y por un momento dejarse llevar por su instinto ANIMAL\u201d.<\/p>\n\n\n\n<p>Las Villa siguen trabajando en muchas sorpresas, entre ellas una colaboraci\u00f3n muy interesante y llena de talento.<\/p>\n","protected":false},"excerpt":{"rendered":"<div class=\"pvc_clear\"><\/div>\n<p id=\"pvc_stats_8008\" class=\"pvc_stats total_only  \" data-element-id=\"8008\" style=\"\"><i class=\"pvc-stats-icon large\" aria-hidden=\"true\"><svg aria-hidden=\"true\" focusable=\"false\" data-prefix=\"far\" data-icon=\"chart-bar\" role=\"img\" xmlns=\"http:\/\/www.w3.org\/2000\/svg\" viewBox=\"0 0 512 512\" class=\"svg-inline--fa fa-chart-bar fa-w-16 fa-2x\"><path fill=\"currentColor\" d=\"M396.8 352h22.4c6.4 0 12.8-6.4 12.8-12.8V108.8c0-6.4-6.4-12.8-12.8-12.8h-22.4c-6.4 0-12.8 6.4-12.8 12.8v230.4c0 6.4 6.4 12.8 12.8 12.8zm-192 0h22.4c6.4 0 12.8-6.4 12.8-12.8V140.8c0-6.4-6.4-12.8-12.8-12.8h-22.4c-6.4 0-12.8 6.4-12.8 12.8v198.4c0 6.4 6.4 12.8 12.8 12.8zm96 0h22.4c6.4 0 12.8-6.4 12.8-12.8V204.8c0-6.4-6.4-12.8-12.8-12.8h-22.4c-6.4 0-12.8 6.4-12.8 12.8v134.4c0 6.4 6.4 12.8 12.8 12.8zM496 400H48V80c0-8.84-7.16-16-16-16H16C7.16 64 0 71.16 0 80v336c0 17.67 14.33 32 32 32h464c8.84 0 16-7.16 16-16v-16c0-8.84-7.16-16-16-16zm-387.2-48h22.4c6.4 0 12.8-6.4 12.8-12.8v-70.4c0-6.4-6.4-12.8-12.8-12.8h-22.4c-6.4 0-12.8 6.4-12.8 12.8v70.4c0 6.4 6.4 12.8 12.8 12.8z\" class=\"\"><\/path><\/svg><\/i> <img loading=\"lazy\" decoding=\"async\" width=\"16\" height=\"16\" alt=\"Loading\" src=\"https:\/\/temucotelevision.cl\/web\/wp-content\/plugins\/page-views-count\/ajax-loader-2x.gif\" border=0 \/><\/p>\n<div class=\"pvc_clear\"><\/div>\n<p>El d\u00fao musical Las Villa, conformado por las mellizas colombianas Laura y Luc\u00eda Villa, hoy nos deleitan con el lanzamiento<\/p>\n","protected":false},"author":1,"featured_media":8009,"comment_status":"open","ping_status":"open","sticky":false,"template":"","format":"standard","meta":{"colormag_page_container_layout":"default_layout","colormag_page_sidebar_layout":"default_layout","footnotes":""},"categories":[369],"tags":[2174,376],"class_list":["post-8008","post","type-post","status-publish","format-standard","has-post-thumbnail","hentry","category-musica","tag-las-villa","tag-sencillo"],"a3_pvc":{"activated":true,"total_views":25,"today_views":0},"_links":{"self":[{"href":"https:\/\/temucotelevision.cl\/web\/wp-json\/wp\/v2\/posts\/8008","targetHints":{"allow":["GET"]}}],"collection":[{"href":"https:\/\/temucotelevision.cl\/web\/wp-json\/wp\/v2\/posts"}],"about":[{"href":"https:\/\/temucotelevision.cl\/web\/wp-json\/wp\/v2\/types\/post"}],"author":[{"embeddable":true,"href":"https:\/\/temucotelevision.cl\/web\/wp-json\/wp\/v2\/users\/1"}],"replies":[{"embeddable":true,"href":"https:\/\/temucotelevision.cl\/web\/wp-json\/wp\/v2\/comments?post=8008"}],"version-history":[{"count":1,"href":"https:\/\/temucotelevision.cl\/web\/wp-json\/wp\/v2\/posts\/8008\/revisions"}],"predecessor-version":[{"id":8010,"href":"https:\/\/temucotelevision.cl\/web\/wp-json\/wp\/v2\/posts\/8008\/revisions\/8010"}],"wp:featuredmedia":[{"embeddable":true,"href":"https:\/\/temucotelevision.cl\/web\/wp-json\/wp\/v2\/media\/8009"}],"wp:attachment":[{"href":"https:\/\/temucotelevision.cl\/web\/wp-json\/wp\/v2\/media?parent=8008"}],"wp:term":[{"taxonomy":"category","embeddable":true,"href":"https:\/\/temucotelevision.cl\/web\/wp-json\/wp\/v2\/categories?post=8008"},{"taxonomy":"post_tag","embeddable":true,"href":"https:\/\/temucotelevision.cl\/web\/wp-json\/wp\/v2\/tags?post=8008"}],"curies":[{"name":"wp","href":"https:\/\/api.w.org\/{rel}","templated":true}]}}