{"id":8005,"date":"2020-01-19T00:44:45","date_gmt":"2020-01-19T03:44:45","guid":{"rendered":"https:\/\/temucotelevision.cl\/web\/?p=8005"},"modified":"2020-01-19T00:44:47","modified_gmt":"2020-01-19T03:44:47","slug":"seremi-de-agricultura-se-traslado-a-un-sector-rural-de-angol-debido-a-un-incendio-forestal-que-amenazo-a-mas-de-25-casas%ef%bb%bf","status":"publish","type":"post","link":"https:\/\/temucotelevision.cl\/web\/2020\/01\/19\/seremi-de-agricultura-se-traslado-a-un-sector-rural-de-angol-debido-a-un-incendio-forestal-que-amenazo-a-mas-de-25-casas%ef%bb%bf\/","title":{"rendered":"Seremi de Agricultura se traslad\u00f3 a un sector rural de Angol debido a un incendio forestal que amenaz\u00f3 a m\u00e1s de 25 casas\ufeff"},"content":{"rendered":"<div class=\"pvc_clear\"><\/div><p id=\"pvc_stats_8005\" class=\"pvc_stats total_only  \" data-element-id=\"8005\" style=\"\"><i class=\"pvc-stats-icon large\" aria-hidden=\"true\"><svg aria-hidden=\"true\" focusable=\"false\" data-prefix=\"far\" data-icon=\"chart-bar\" role=\"img\" xmlns=\"http:\/\/www.w3.org\/2000\/svg\" viewBox=\"0 0 512 512\" class=\"svg-inline--fa fa-chart-bar fa-w-16 fa-2x\"><path fill=\"currentColor\" d=\"M396.8 352h22.4c6.4 0 12.8-6.4 12.8-12.8V108.8c0-6.4-6.4-12.8-12.8-12.8h-22.4c-6.4 0-12.8 6.4-12.8 12.8v230.4c0 6.4 6.4 12.8 12.8 12.8zm-192 0h22.4c6.4 0 12.8-6.4 12.8-12.8V140.8c0-6.4-6.4-12.8-12.8-12.8h-22.4c-6.4 0-12.8 6.4-12.8 12.8v198.4c0 6.4 6.4 12.8 12.8 12.8zm96 0h22.4c6.4 0 12.8-6.4 12.8-12.8V204.8c0-6.4-6.4-12.8-12.8-12.8h-22.4c-6.4 0-12.8 6.4-12.8 12.8v134.4c0 6.4 6.4 12.8 12.8 12.8zM496 400H48V80c0-8.84-7.16-16-16-16H16C7.16 64 0 71.16 0 80v336c0 17.67 14.33 32 32 32h464c8.84 0 16-7.16 16-16v-16c0-8.84-7.16-16-16-16zm-387.2-48h22.4c6.4 0 12.8-6.4 12.8-12.8v-70.4c0-6.4-6.4-12.8-12.8-12.8h-22.4c-6.4 0-12.8 6.4-12.8 12.8v70.4c0 6.4 6.4 12.8 12.8 12.8z\" class=\"\"><\/path><\/svg><\/i> <img loading=\"lazy\" decoding=\"async\" width=\"16\" height=\"16\" alt=\"Loading\" src=\"https:\/\/temucotelevision.cl\/web\/wp-content\/plugins\/page-views-count\/ajax-loader-2x.gif\" border=0 \/><\/p><div class=\"pvc_clear\"><\/div>\n<p><em>Ricardo Senn, destac\u00f3 el trabajo realizado por el Puesto de Comando de CONAF y todo el personal de emergencia que debi\u00f3 atender adem\u00e1s otros siniestros paralelos que se desarrollaban en la provincia de Malleco.<\/em><\/p>\n\n\n\n<p>El seremi de Agricultura, Ricardo Senn, se traslad\u00f3 hasta la comuna de Angol, donde se dirigi\u00f3 hasta el sector rural de Trarulemu, donde se hab\u00eda declarado un incendio forestal que amenazaba a viviendas, debido a lo cual se decret\u00f3 alerta roja en esa comuna, por lo que all\u00ed se instal\u00f3 un Puesto de Comando de CONAF, para coordinar, junto a la ONEMI, todos los medios para combatir este siniestro, entre ellos, 5 brigadas, voluntarios de bomberos y 7 aeronaves, a las que se sumaron, adem\u00e1s otras 2 de empresas privadas.&nbsp;&nbsp;&nbsp;<\/p>\n\n\n\n<p>\u201cEn el Puesto de Comando pudimos estar con varias autoridades y en el caso nuestro, como Agricultura, fue nuestra decisi\u00f3n mantenernos durante todo el tiempo que dur\u00f3 el incendio, junto a los equipos de CONAF, de bomberos, todo el material a\u00e9reo que se ha desplegado desde el Ministerio de Agricultura estuvo en esta emergencia y eso permiti\u00f3 poder dejar contenido el incendio, este d\u00eda viernes, impidiendo de esta forma que se viera afectada una villa que tiene m\u00e1s de 25 casas, que estuvieron en peligro en alg\u00fan momento\u201d, explic\u00f3 el seremi de Agricultura, Ricardo Senn.<\/p>\n\n\n\n<p>En el lugar de la emergencia tambi\u00e9n se despleg\u00f3 el trabajo de Carabineros y la Polic\u00eda de Investigaciones, adem\u00e1s de otras autoridades, como el Gobernador de Malleco, Juan Carlos Beltr\u00e1n, la seremi de Gobierno, P\u00eda Bersezio y funcionarios de la Municipalidad de Angol, entre otras.<\/p>\n\n\n\n<p>Respecto a la emergencia que se vivi\u00f3 en esa zona, el seremi Ricardo Senn, dijo que \u201cel llamado es a prevenir, en esta situaci\u00f3n no solo estuvimos con el foco en el sector Trarulemu, en Angol, sino, tambi\u00e9n en la Colonia Manuel Rodr\u00edguez y en Bajo Malleco de la comuna de Ercilla lo que es bastante complejo. Como lo hemos estado diciendo, nos preparamos de una forma como nunca hab\u00eda sido, en t\u00e9rminos de material, para esta temporada, sin embargo, vamos a enfrentar una ola de calor dentro de los pr\u00f3ximos 10 d\u00edas que ya estaba anunciada, donde se podr\u00eda superar los 30 grados Celsius, lo que en la provincia de Malleco se incrementa m\u00e1s\u201d.<\/p>\n\n\n\n<p>En este sentido el encargo del agro en La Araucan\u00eda agreg\u00f3 que \u201cadem\u00e1s, algunas zonas est\u00e1n muy secas, as\u00ed que el llamado es a la prevenci\u00f3n, a ayudarnos a cuidar, a proteger nuestro medio ambiente. No hacer fuego en las zonas rurales eso es lo m\u00e1s importante. Si bien es cierto el Puesto de Comando funcion\u00f3 como estaba planificado, la capacidad de respuesta ante tal cantidad de incendios nos hace todo muy dif\u00edcil, as\u00ed que la prevenci\u00f3n es lo m\u00e1s importante\u201d, mencion\u00f3 el seremi de Agricultura, Ricardo Senn.<\/p>\n","protected":false},"excerpt":{"rendered":"<div class=\"pvc_clear\"><\/div>\n<p id=\"pvc_stats_8005\" class=\"pvc_stats total_only  \" data-element-id=\"8005\" style=\"\"><i class=\"pvc-stats-icon large\" aria-hidden=\"true\"><svg aria-hidden=\"true\" focusable=\"false\" data-prefix=\"far\" data-icon=\"chart-bar\" role=\"img\" xmlns=\"http:\/\/www.w3.org\/2000\/svg\" viewBox=\"0 0 512 512\" class=\"svg-inline--fa fa-chart-bar fa-w-16 fa-2x\"><path fill=\"currentColor\" d=\"M396.8 352h22.4c6.4 0 12.8-6.4 12.8-12.8V108.8c0-6.4-6.4-12.8-12.8-12.8h-22.4c-6.4 0-12.8 6.4-12.8 12.8v230.4c0 6.4 6.4 12.8 12.8 12.8zm-192 0h22.4c6.4 0 12.8-6.4 12.8-12.8V140.8c0-6.4-6.4-12.8-12.8-12.8h-22.4c-6.4 0-12.8 6.4-12.8 12.8v198.4c0 6.4 6.4 12.8 12.8 12.8zm96 0h22.4c6.4 0 12.8-6.4 12.8-12.8V204.8c0-6.4-6.4-12.8-12.8-12.8h-22.4c-6.4 0-12.8 6.4-12.8 12.8v134.4c0 6.4 6.4 12.8 12.8 12.8zM496 400H48V80c0-8.84-7.16-16-16-16H16C7.16 64 0 71.16 0 80v336c0 17.67 14.33 32 32 32h464c8.84 0 16-7.16 16-16v-16c0-8.84-7.16-16-16-16zm-387.2-48h22.4c6.4 0 12.8-6.4 12.8-12.8v-70.4c0-6.4-6.4-12.8-12.8-12.8h-22.4c-6.4 0-12.8 6.4-12.8 12.8v70.4c0 6.4 6.4 12.8 12.8 12.8z\" class=\"\"><\/path><\/svg><\/i> <img loading=\"lazy\" decoding=\"async\" width=\"16\" height=\"16\" alt=\"Loading\" src=\"https:\/\/temucotelevision.cl\/web\/wp-content\/plugins\/page-views-count\/ajax-loader-2x.gif\" border=0 \/><\/p>\n<div class=\"pvc_clear\"><\/div>\n<p>Ricardo Senn, destac\u00f3 el trabajo realizado por el Puesto de Comando de CONAF y todo el personal de emergencia que<\/p>\n","protected":false},"author":1,"featured_media":8006,"comment_status":"open","ping_status":"open","sticky":false,"template":"","format":"standard","meta":{"colormag_page_container_layout":"default_layout","colormag_page_sidebar_layout":"default_layout","footnotes":""},"categories":[15],"tags":[266],"class_list":["post-8005","post","type-post","status-publish","format-standard","has-post-thumbnail","hentry","category-la-araucania","tag-incendios"],"a3_pvc":{"activated":true,"total_views":40,"today_views":0},"_links":{"self":[{"href":"https:\/\/temucotelevision.cl\/web\/wp-json\/wp\/v2\/posts\/8005","targetHints":{"allow":["GET"]}}],"collection":[{"href":"https:\/\/temucotelevision.cl\/web\/wp-json\/wp\/v2\/posts"}],"about":[{"href":"https:\/\/temucotelevision.cl\/web\/wp-json\/wp\/v2\/types\/post"}],"author":[{"embeddable":true,"href":"https:\/\/temucotelevision.cl\/web\/wp-json\/wp\/v2\/users\/1"}],"replies":[{"embeddable":true,"href":"https:\/\/temucotelevision.cl\/web\/wp-json\/wp\/v2\/comments?post=8005"}],"version-history":[{"count":1,"href":"https:\/\/temucotelevision.cl\/web\/wp-json\/wp\/v2\/posts\/8005\/revisions"}],"predecessor-version":[{"id":8007,"href":"https:\/\/temucotelevision.cl\/web\/wp-json\/wp\/v2\/posts\/8005\/revisions\/8007"}],"wp:featuredmedia":[{"embeddable":true,"href":"https:\/\/temucotelevision.cl\/web\/wp-json\/wp\/v2\/media\/8006"}],"wp:attachment":[{"href":"https:\/\/temucotelevision.cl\/web\/wp-json\/wp\/v2\/media?parent=8005"}],"wp:term":[{"taxonomy":"category","embeddable":true,"href":"https:\/\/temucotelevision.cl\/web\/wp-json\/wp\/v2\/categories?post=8005"},{"taxonomy":"post_tag","embeddable":true,"href":"https:\/\/temucotelevision.cl\/web\/wp-json\/wp\/v2\/tags?post=8005"}],"curies":[{"name":"wp","href":"https:\/\/api.w.org\/{rel}","templated":true}]}}