{"id":8003,"date":"2020-01-19T00:37:50","date_gmt":"2020-01-19T03:37:50","guid":{"rendered":"https:\/\/temucotelevision.cl\/web\/?p=8003"},"modified":"2020-01-19T00:37:52","modified_gmt":"2020-01-19T03:37:52","slug":"diputado-rathgeb-por-ataque-incendiario-en-lumaco-es-un-atentado-contra-la-seguridad-alimentaria-del-pais","status":"publish","type":"post","link":"https:\/\/temucotelevision.cl\/web\/2020\/01\/19\/diputado-rathgeb-por-ataque-incendiario-en-lumaco-es-un-atentado-contra-la-seguridad-alimentaria-del-pais\/","title":{"rendered":"Diputado Rathgeb por ataque incendiario en Lumaco: &#8220;Es un atentado contra la seguridad alimentaria del pa\u00eds&#8221;"},"content":{"rendered":"<div class=\"pvc_clear\"><\/div><p id=\"pvc_stats_8003\" class=\"pvc_stats total_only  \" data-element-id=\"8003\" style=\"\"><i class=\"pvc-stats-icon large\" aria-hidden=\"true\"><svg aria-hidden=\"true\" focusable=\"false\" data-prefix=\"far\" data-icon=\"chart-bar\" role=\"img\" xmlns=\"http:\/\/www.w3.org\/2000\/svg\" viewBox=\"0 0 512 512\" class=\"svg-inline--fa fa-chart-bar fa-w-16 fa-2x\"><path fill=\"currentColor\" d=\"M396.8 352h22.4c6.4 0 12.8-6.4 12.8-12.8V108.8c0-6.4-6.4-12.8-12.8-12.8h-22.4c-6.4 0-12.8 6.4-12.8 12.8v230.4c0 6.4 6.4 12.8 12.8 12.8zm-192 0h22.4c6.4 0 12.8-6.4 12.8-12.8V140.8c0-6.4-6.4-12.8-12.8-12.8h-22.4c-6.4 0-12.8 6.4-12.8 12.8v198.4c0 6.4 6.4 12.8 12.8 12.8zm96 0h22.4c6.4 0 12.8-6.4 12.8-12.8V204.8c0-6.4-6.4-12.8-12.8-12.8h-22.4c-6.4 0-12.8 6.4-12.8 12.8v134.4c0 6.4 6.4 12.8 12.8 12.8zM496 400H48V80c0-8.84-7.16-16-16-16H16C7.16 64 0 71.16 0 80v336c0 17.67 14.33 32 32 32h464c8.84 0 16-7.16 16-16v-16c0-8.84-7.16-16-16-16zm-387.2-48h22.4c6.4 0 12.8-6.4 12.8-12.8v-70.4c0-6.4-6.4-12.8-12.8-12.8h-22.4c-6.4 0-12.8 6.4-12.8 12.8v70.4c0 6.4 6.4 12.8 12.8 12.8z\" class=\"\"><\/path><\/svg><\/i> <img loading=\"lazy\" decoding=\"async\" width=\"16\" height=\"16\" alt=\"Loading\" src=\"https:\/\/temucotelevision.cl\/web\/wp-content\/plugins\/page-views-count\/ajax-loader-2x.gif\" border=0 \/><\/p><div class=\"pvc_clear\"><\/div>\n<p><br>Parlamentario calific\u00f3 como grav\u00edsima la situaci\u00f3n porque va en desmedro de todo los chilenos.<\/p>\n\n\n\n<p>El diputado de Renovaci\u00f3n Nacional por La Araucan\u00eda, Jorge Jorge Rathgeb Schifferli, conden\u00f3 en duros t\u00e9rminos el ataque incendiario ocurrido en Lumaco y donde fue siniestrada maquinaria agr\u00edcola a lo que se suman los incendios intencionales en Ercilla y Los Sauces a m\u00f3viles de similares caracter\u00edsticas, hechos ocurridos tambi\u00e9n durante los \u00faltimos d\u00edas.<\/p>\n\n\n\n<p>El legislador fue categ\u00f3rico en rechazar estos hechos, advirtiendo que esto pone en jaque la seguridad alimentaria del pa\u00eds.Rathgeb puntualiz\u00f3 que lo ocurrido es grav\u00edsimo y que los delincuentes no logran reparar que con esta clase de actos, los perjudicados son todos los chilenos.&#8221;Es un hecho lamentable y condenable m\u00e1s a\u00fan con la agravante que se est\u00e1 atentando contra la seguridad alimentaria de nuestro pa\u00eds, al ocurrir este hecho en contra de maquinaria agr\u00edcola lo que va aparejado con la quema de cementeras de trigo en Los Sauces y Ercilla.<\/p>\n\n\n\n<p>La situaci\u00f3n es grav\u00edsima cuando se atenta contra la seguridad alimentaria de nuestro pa\u00eds y con la posibilidad de que los chilenos se puedan nutrir de buena manera&#8221;, puntualiz\u00f3 el diputado Rathgeb.El congresista indic\u00f3 que es prudente que sus pares de oposici\u00f3n tambi\u00e9n salgan al paso y condenen estos hechos que van en desmedro de todos los habitantes de nuestro pa\u00eds.<\/p>\n","protected":false},"excerpt":{"rendered":"<div class=\"pvc_clear\"><\/div>\n<p id=\"pvc_stats_8003\" class=\"pvc_stats total_only  \" data-element-id=\"8003\" style=\"\"><i class=\"pvc-stats-icon large\" aria-hidden=\"true\"><svg aria-hidden=\"true\" focusable=\"false\" data-prefix=\"far\" data-icon=\"chart-bar\" role=\"img\" xmlns=\"http:\/\/www.w3.org\/2000\/svg\" viewBox=\"0 0 512 512\" class=\"svg-inline--fa fa-chart-bar fa-w-16 fa-2x\"><path fill=\"currentColor\" d=\"M396.8 352h22.4c6.4 0 12.8-6.4 12.8-12.8V108.8c0-6.4-6.4-12.8-12.8-12.8h-22.4c-6.4 0-12.8 6.4-12.8 12.8v230.4c0 6.4 6.4 12.8 12.8 12.8zm-192 0h22.4c6.4 0 12.8-6.4 12.8-12.8V140.8c0-6.4-6.4-12.8-12.8-12.8h-22.4c-6.4 0-12.8 6.4-12.8 12.8v198.4c0 6.4 6.4 12.8 12.8 12.8zm96 0h22.4c6.4 0 12.8-6.4 12.8-12.8V204.8c0-6.4-6.4-12.8-12.8-12.8h-22.4c-6.4 0-12.8 6.4-12.8 12.8v134.4c0 6.4 6.4 12.8 12.8 12.8zM496 400H48V80c0-8.84-7.16-16-16-16H16C7.16 64 0 71.16 0 80v336c0 17.67 14.33 32 32 32h464c8.84 0 16-7.16 16-16v-16c0-8.84-7.16-16-16-16zm-387.2-48h22.4c6.4 0 12.8-6.4 12.8-12.8v-70.4c0-6.4-6.4-12.8-12.8-12.8h-22.4c-6.4 0-12.8 6.4-12.8 12.8v70.4c0 6.4 6.4 12.8 12.8 12.8z\" class=\"\"><\/path><\/svg><\/i> <img loading=\"lazy\" decoding=\"async\" width=\"16\" height=\"16\" alt=\"Loading\" src=\"https:\/\/temucotelevision.cl\/web\/wp-content\/plugins\/page-views-count\/ajax-loader-2x.gif\" border=0 \/><\/p>\n<div class=\"pvc_clear\"><\/div>\n<p>Parlamentario calific\u00f3 como grav\u00edsima la situaci\u00f3n porque va en desmedro de todo los chilenos. El diputado de Renovaci\u00f3n Nacional por<\/p>\n","protected":false},"author":1,"featured_media":6969,"comment_status":"open","ping_status":"open","sticky":false,"template":"","format":"standard","meta":{"colormag_page_container_layout":"default_layout","colormag_page_sidebar_layout":"default_layout","footnotes":""},"categories":[1],"tags":[231,123],"class_list":["post-8003","post","type-post","status-publish","format-standard","has-post-thumbnail","hentry","category-sin-categoria","tag-atentado","tag-lumaco"],"a3_pvc":{"activated":true,"total_views":15,"today_views":0},"_links":{"self":[{"href":"https:\/\/temucotelevision.cl\/web\/wp-json\/wp\/v2\/posts\/8003","targetHints":{"allow":["GET"]}}],"collection":[{"href":"https:\/\/temucotelevision.cl\/web\/wp-json\/wp\/v2\/posts"}],"about":[{"href":"https:\/\/temucotelevision.cl\/web\/wp-json\/wp\/v2\/types\/post"}],"author":[{"embeddable":true,"href":"https:\/\/temucotelevision.cl\/web\/wp-json\/wp\/v2\/users\/1"}],"replies":[{"embeddable":true,"href":"https:\/\/temucotelevision.cl\/web\/wp-json\/wp\/v2\/comments?post=8003"}],"version-history":[{"count":1,"href":"https:\/\/temucotelevision.cl\/web\/wp-json\/wp\/v2\/posts\/8003\/revisions"}],"predecessor-version":[{"id":8004,"href":"https:\/\/temucotelevision.cl\/web\/wp-json\/wp\/v2\/posts\/8003\/revisions\/8004"}],"wp:featuredmedia":[{"embeddable":true,"href":"https:\/\/temucotelevision.cl\/web\/wp-json\/wp\/v2\/media\/6969"}],"wp:attachment":[{"href":"https:\/\/temucotelevision.cl\/web\/wp-json\/wp\/v2\/media?parent=8003"}],"wp:term":[{"taxonomy":"category","embeddable":true,"href":"https:\/\/temucotelevision.cl\/web\/wp-json\/wp\/v2\/categories?post=8003"},{"taxonomy":"post_tag","embeddable":true,"href":"https:\/\/temucotelevision.cl\/web\/wp-json\/wp\/v2\/tags?post=8003"}],"curies":[{"name":"wp","href":"https:\/\/api.w.org\/{rel}","templated":true}]}}