{"id":8000,"date":"2020-01-17T12:29:43","date_gmt":"2020-01-17T15:29:43","guid":{"rendered":"https:\/\/temucotelevision.cl\/web\/?p=8000"},"modified":"2020-01-17T12:29:45","modified_gmt":"2020-01-17T15:29:45","slug":"mas-de-35-kilometros-de-cortafuegos-ha-construido-municipio-de-temuco-para-evitar-incendios-forestales","status":"publish","type":"post","link":"https:\/\/temucotelevision.cl\/web\/2020\/01\/17\/mas-de-35-kilometros-de-cortafuegos-ha-construido-municipio-de-temuco-para-evitar-incendios-forestales\/","title":{"rendered":"M\u00e1s de 35 kil\u00f3metros de cortafuegos ha construido municipio de Temuco para evitar incendios forestales"},"content":{"rendered":"<div class=\"pvc_clear\"><\/div><p id=\"pvc_stats_8000\" class=\"pvc_stats total_only  \" data-element-id=\"8000\" style=\"\"><i class=\"pvc-stats-icon large\" aria-hidden=\"true\"><svg aria-hidden=\"true\" focusable=\"false\" data-prefix=\"far\" data-icon=\"chart-bar\" role=\"img\" xmlns=\"http:\/\/www.w3.org\/2000\/svg\" viewBox=\"0 0 512 512\" class=\"svg-inline--fa fa-chart-bar fa-w-16 fa-2x\"><path fill=\"currentColor\" d=\"M396.8 352h22.4c6.4 0 12.8-6.4 12.8-12.8V108.8c0-6.4-6.4-12.8-12.8-12.8h-22.4c-6.4 0-12.8 6.4-12.8 12.8v230.4c0 6.4 6.4 12.8 12.8 12.8zm-192 0h22.4c6.4 0 12.8-6.4 12.8-12.8V140.8c0-6.4-6.4-12.8-12.8-12.8h-22.4c-6.4 0-12.8 6.4-12.8 12.8v198.4c0 6.4 6.4 12.8 12.8 12.8zm96 0h22.4c6.4 0 12.8-6.4 12.8-12.8V204.8c0-6.4-6.4-12.8-12.8-12.8h-22.4c-6.4 0-12.8 6.4-12.8 12.8v134.4c0 6.4 6.4 12.8 12.8 12.8zM496 400H48V80c0-8.84-7.16-16-16-16H16C7.16 64 0 71.16 0 80v336c0 17.67 14.33 32 32 32h464c8.84 0 16-7.16 16-16v-16c0-8.84-7.16-16-16-16zm-387.2-48h22.4c6.4 0 12.8-6.4 12.8-12.8v-70.4c0-6.4-6.4-12.8-12.8-12.8h-22.4c-6.4 0-12.8 6.4-12.8 12.8v70.4c0 6.4 6.4 12.8 12.8 12.8z\" class=\"\"><\/path><\/svg><\/i> <img loading=\"lazy\" decoding=\"async\" width=\"16\" height=\"16\" alt=\"Loading\" src=\"https:\/\/temucotelevision.cl\/web\/wp-content\/plugins\/page-views-count\/ajax-loader-2x.gif\" border=0 \/><\/p><div class=\"pvc_clear\"><\/div>\n<p>En lo que va de la temporada 2020, el Municipio de Temuco, a trav\u00e9s del Departamento de Emergencias y de la Red Vial, en conjunto con Conaf y Bomberos, han construido m\u00e1s de 35 kil\u00f3metros lineales de cortafuegos en diferentes puntos de la comuna y en el Monumento Natural Cerro \u00d1ielol, para la protecci\u00f3n y separaci\u00f3n de la vegetaci\u00f3n forestal agr\u00edcola en la comuna, siendo este un importante trabajo para la prevenci\u00f3n y el combate de incendios forestales que puedan poner en riesgo a los habitantes de Temuco.<\/p>\n\n\n\n<p>Es este contexto y para conocer el trabajo desarrollado en terreno, el alcalde, Miguel Becker, en conjunto con el director regional de Conaf, Julio Figueroa y el comandante de Bomberos de Temuco, Claudio Magofke, llegaron hasta el cerro Mariposa en Temuco, donde pudieron comprobar los trabajos realizados en el sector, que permitir\u00e1n hacer m\u00e1s eficiente el trabajo de los organismos de seguridad como Bomberos y Conaf en caso de emergencias en torno a los incendios forestales.<\/p>\n\n\n\n<p>En la oportunidad, el alcalde, Miguel Becker, sostuvo que, \u201cnos encontramos en la parte m\u00e1s alta de nuestro Cerro \u00d1ielol supervisando las actividades que aqu\u00ed se desarrollan con la CGE para liberar los cables el\u00e9ctricos y tambi\u00e9n para ver lo que ha hecho nuestra municipalidad y el trabajo profesional que hemos entregado a prop\u00f3sito de abrir esta zanja, que va a permitir controlar eventuales fuegos hacia lo que es el Monumento Natural Cerro \u00d1ielol, as\u00ed que contentos con estos m\u00e1s de 35 kil\u00f3metros que hemos construidos de rutas, de contenci\u00f3n del fuego y que esperamos que no sea necesaria usarla, pero si se est\u00e1n usando todas las medidas para evitar este tipo de hechos tan negativos para Chile y el mundo como son los incendios forestales\u201d.<\/p>\n\n\n\n<p>El director regional de Conaf, Julio Figueroa, dijo que, \u201cestamos en los l\u00edmites del Monumento Natural cerro \u00d1ielol y el trabajo que se hizo ac\u00e1 hay que destacarlo, las medidas preventivas que se est\u00e1n tomando -que se generaron en una mesa t\u00e9cnica que tenemos de protecci\u00f3n del Cerro \u00d1ielol- hoy podemos ver los resultados ante la eventualidad de un incendio forestal, poder controlarlo con estos corta fuegos de tan buena calidad que fueron confeccionados\u201d.&nbsp;<\/p>\n\n\n\n<p>El director de Conaf adem\u00e1s hizo un llamado a la responsabilidad de las personas ante los incendios forestales. \u201cVamos a tener altas temperaturas en La Araucan\u00eda en los pr\u00f3ximos d\u00edas y por eso hacemos un llamado a la ciudadan\u00eda a hacer un buen uso del fuego, dentro de las \u00e1reas silvestres protegidas est\u00e1 prohibido el uso del fuego y en la regi\u00f3n est\u00e1n suspendidas las quemas agr\u00edcolas y forestales, entonces pedimos que nos ayude la ciudadan\u00eda porque este es un trabajo de todos y as\u00ed evitar que se produzcan incendios en la regi\u00f3n\u201d.<\/p>\n\n\n\n<p>Mientras que el comandante de Bomberos de Temuco, Claudio Magofke, sobre las l\u00edneas de cortafuegos realizadas por el Municipio sostuvo que, \u201choy que veamos estas terrazas que se est\u00e1n habilitando con esta zanja muy amplia y en buenas condiciones de acceso para nuestras unidades bomberiles, donde a lo menos tenemos dos terrazas, que van a permitir establecer puesto de mando y piscinas que nos permita tener un acopio de agua en caso de realizar trabajo de infanter\u00eda para poder proteger nuestro Cerro \u00d1ielol\u201d.<\/p>\n\n\n\n<p>Claudio Magofke, adem\u00e1s dijo que, \u201cvenimos trabajando muy bien desde el a\u00f1o 2019, terminando el invierno ya est\u00e1bamos con Comit\u00e9 de Operaciones de Emergencia Comunal (COE), hemos tenido reuniones con Conaf en el propio cerro, y eso establece que las instituciones est\u00e1n trabajando en tareas preventivas para poder, de experiencias adquiridas en temporadas anteriores, poder encontrarnos en mejores condiciones para enfrentar los eventuales incendios forestales\u201d, finaliz\u00f3.<\/p>\n\n\n\n<p>Destacar adem\u00e1s que la Municipalidad de Temuco ha trabajado en 141 puntos cr\u00edticos detectados por Conaf, Carabineros, Bomberos, realizando los m\u00e1s de 35 kil\u00f3metros de l\u00edneas de cortafuego con dos Retroexcavadora, dos Motoniveladora y un tractor desbrozador.<\/p>\n","protected":false},"excerpt":{"rendered":"<div class=\"pvc_clear\"><\/div>\n<p id=\"pvc_stats_8000\" class=\"pvc_stats total_only  \" data-element-id=\"8000\" style=\"\"><i class=\"pvc-stats-icon large\" aria-hidden=\"true\"><svg aria-hidden=\"true\" focusable=\"false\" data-prefix=\"far\" data-icon=\"chart-bar\" role=\"img\" xmlns=\"http:\/\/www.w3.org\/2000\/svg\" viewBox=\"0 0 512 512\" class=\"svg-inline--fa fa-chart-bar fa-w-16 fa-2x\"><path fill=\"currentColor\" d=\"M396.8 352h22.4c6.4 0 12.8-6.4 12.8-12.8V108.8c0-6.4-6.4-12.8-12.8-12.8h-22.4c-6.4 0-12.8 6.4-12.8 12.8v230.4c0 6.4 6.4 12.8 12.8 12.8zm-192 0h22.4c6.4 0 12.8-6.4 12.8-12.8V140.8c0-6.4-6.4-12.8-12.8-12.8h-22.4c-6.4 0-12.8 6.4-12.8 12.8v198.4c0 6.4 6.4 12.8 12.8 12.8zm96 0h22.4c6.4 0 12.8-6.4 12.8-12.8V204.8c0-6.4-6.4-12.8-12.8-12.8h-22.4c-6.4 0-12.8 6.4-12.8 12.8v134.4c0 6.4 6.4 12.8 12.8 12.8zM496 400H48V80c0-8.84-7.16-16-16-16H16C7.16 64 0 71.16 0 80v336c0 17.67 14.33 32 32 32h464c8.84 0 16-7.16 16-16v-16c0-8.84-7.16-16-16-16zm-387.2-48h22.4c6.4 0 12.8-6.4 12.8-12.8v-70.4c0-6.4-6.4-12.8-12.8-12.8h-22.4c-6.4 0-12.8 6.4-12.8 12.8v70.4c0 6.4 6.4 12.8 12.8 12.8z\" class=\"\"><\/path><\/svg><\/i> <img loading=\"lazy\" decoding=\"async\" width=\"16\" height=\"16\" alt=\"Loading\" src=\"https:\/\/temucotelevision.cl\/web\/wp-content\/plugins\/page-views-count\/ajax-loader-2x.gif\" border=0 \/><\/p>\n<div class=\"pvc_clear\"><\/div>\n<p>En lo que va de la temporada 2020, el Municipio de Temuco, a trav\u00e9s del Departamento de Emergencias y de<\/p>\n","protected":false},"author":1,"featured_media":8001,"comment_status":"open","ping_status":"open","sticky":false,"template":"","format":"standard","meta":{"colormag_page_container_layout":"default_layout","colormag_page_sidebar_layout":"default_layout","footnotes":""},"categories":[15],"tags":[2173,266],"class_list":["post-8000","post","type-post","status-publish","format-standard","has-post-thumbnail","hentry","category-la-araucania","tag-cortafuegos","tag-incendios"],"a3_pvc":{"activated":true,"total_views":43,"today_views":0},"_links":{"self":[{"href":"https:\/\/temucotelevision.cl\/web\/wp-json\/wp\/v2\/posts\/8000","targetHints":{"allow":["GET"]}}],"collection":[{"href":"https:\/\/temucotelevision.cl\/web\/wp-json\/wp\/v2\/posts"}],"about":[{"href":"https:\/\/temucotelevision.cl\/web\/wp-json\/wp\/v2\/types\/post"}],"author":[{"embeddable":true,"href":"https:\/\/temucotelevision.cl\/web\/wp-json\/wp\/v2\/users\/1"}],"replies":[{"embeddable":true,"href":"https:\/\/temucotelevision.cl\/web\/wp-json\/wp\/v2\/comments?post=8000"}],"version-history":[{"count":1,"href":"https:\/\/temucotelevision.cl\/web\/wp-json\/wp\/v2\/posts\/8000\/revisions"}],"predecessor-version":[{"id":8002,"href":"https:\/\/temucotelevision.cl\/web\/wp-json\/wp\/v2\/posts\/8000\/revisions\/8002"}],"wp:featuredmedia":[{"embeddable":true,"href":"https:\/\/temucotelevision.cl\/web\/wp-json\/wp\/v2\/media\/8001"}],"wp:attachment":[{"href":"https:\/\/temucotelevision.cl\/web\/wp-json\/wp\/v2\/media?parent=8000"}],"wp:term":[{"taxonomy":"category","embeddable":true,"href":"https:\/\/temucotelevision.cl\/web\/wp-json\/wp\/v2\/categories?post=8000"},{"taxonomy":"post_tag","embeddable":true,"href":"https:\/\/temucotelevision.cl\/web\/wp-json\/wp\/v2\/tags?post=8000"}],"curies":[{"name":"wp","href":"https:\/\/api.w.org\/{rel}","templated":true}]}}