{"id":7995,"date":"2020-01-16T16:32:05","date_gmt":"2020-01-16T19:32:05","guid":{"rendered":"https:\/\/temucotelevision.cl\/web\/?p=7995"},"modified":"2020-01-16T16:32:08","modified_gmt":"2020-01-16T19:32:08","slug":"sml-confirma-que-yini-sandoval-murio-apunalada-antes-del-incendio-que-ademas-provoco-la-muerte-de-sus-tres-hijos","status":"publish","type":"post","link":"https:\/\/temucotelevision.cl\/web\/2020\/01\/16\/sml-confirma-que-yini-sandoval-murio-apunalada-antes-del-incendio-que-ademas-provoco-la-muerte-de-sus-tres-hijos\/","title":{"rendered":"SML confirma que Yini Sandoval muri\u00f3 apu\u00f1alada antes del incendio que adem\u00e1s provoc\u00f3 la muerte de sus tres hijos"},"content":{"rendered":"<div class=\"pvc_clear\"><\/div><p id=\"pvc_stats_7995\" class=\"pvc_stats total_only  \" data-element-id=\"7995\" style=\"\"><i class=\"pvc-stats-icon large\" aria-hidden=\"true\"><svg aria-hidden=\"true\" focusable=\"false\" data-prefix=\"far\" data-icon=\"chart-bar\" role=\"img\" xmlns=\"http:\/\/www.w3.org\/2000\/svg\" viewBox=\"0 0 512 512\" class=\"svg-inline--fa fa-chart-bar fa-w-16 fa-2x\"><path fill=\"currentColor\" d=\"M396.8 352h22.4c6.4 0 12.8-6.4 12.8-12.8V108.8c0-6.4-6.4-12.8-12.8-12.8h-22.4c-6.4 0-12.8 6.4-12.8 12.8v230.4c0 6.4 6.4 12.8 12.8 12.8zm-192 0h22.4c6.4 0 12.8-6.4 12.8-12.8V140.8c0-6.4-6.4-12.8-12.8-12.8h-22.4c-6.4 0-12.8 6.4-12.8 12.8v198.4c0 6.4 6.4 12.8 12.8 12.8zm96 0h22.4c6.4 0 12.8-6.4 12.8-12.8V204.8c0-6.4-6.4-12.8-12.8-12.8h-22.4c-6.4 0-12.8 6.4-12.8 12.8v134.4c0 6.4 6.4 12.8 12.8 12.8zM496 400H48V80c0-8.84-7.16-16-16-16H16C7.16 64 0 71.16 0 80v336c0 17.67 14.33 32 32 32h464c8.84 0 16-7.16 16-16v-16c0-8.84-7.16-16-16-16zm-387.2-48h22.4c6.4 0 12.8-6.4 12.8-12.8v-70.4c0-6.4-6.4-12.8-12.8-12.8h-22.4c-6.4 0-12.8 6.4-12.8 12.8v70.4c0 6.4 6.4 12.8 12.8 12.8z\" class=\"\"><\/path><\/svg><\/i> <img loading=\"lazy\" decoding=\"async\" width=\"16\" height=\"16\" alt=\"Loading\" src=\"https:\/\/temucotelevision.cl\/web\/wp-content\/plugins\/page-views-count\/ajax-loader-2x.gif\" border=0 \/><\/p><div class=\"pvc_clear\"><\/div>\n<p>La informaci\u00f3n fue confirmada por el SML, donde indica que Yini Sabdoval la joven que perdi\u00f3 la vida junto a sus tres hijos, muri\u00f3 apu\u00f1alada antes del incendio de su hogar.<\/p>\n\n\n\n<p>Yini Sandoval recibi\u00f3 al menos dos estocadas provocando mucho sangriento y la muerte posterior. <\/p>\n\n\n\n<p>De esta manera el incendio no habr\u00eda sido la causa de muerte de Yini Sandoval, pero si las de sus tres hijos, uno de ellos en com\u00fan con Claudio Tolosa, expareja de la mujer\u00a0 <\/p>\n\n\n\n<p>Alejandro Guzm\u00e1n, abogado familia de la v\u00edctima, destac\u00f3 que&nbsp;<strong>&#8220;esta informaci\u00f3n deja en evidencia que la muerte de Yini fue del tipo homicida y que hubo intervenci\u00f3n de una tercera persona que caus\u00f3 heridas mortales&#8221;.<\/strong><\/p>\n\n\n\n<p>Por su parte, Jorge Mandiola, fiscal adjunto de Temuco, sostuvo que\u00a0hay evidencias que inclulpan a Tolosa, siendo este adem\u00e1s el responsable del fatal siniestro.<\/p>\n\n\n\n<p>La abogada del acusado, Andrea Reyes, critic\u00f3 el actuar de las autoridades en las diligencias, indicando que la PDI presion\u00f3 para obtener una declaraci\u00f3n espec\u00edfica.<\/p>\n\n\n\n<p>Seg\u00fan, &#8220;Claudio no ha negado haber estado en los alrededores del domicilio pero nunca ingres\u00f3&#8221;, indic\u00f3.<\/p>\n","protected":false},"excerpt":{"rendered":"<div class=\"pvc_clear\"><\/div>\n<p id=\"pvc_stats_7995\" class=\"pvc_stats total_only  \" data-element-id=\"7995\" style=\"\"><i class=\"pvc-stats-icon large\" aria-hidden=\"true\"><svg aria-hidden=\"true\" focusable=\"false\" data-prefix=\"far\" data-icon=\"chart-bar\" role=\"img\" xmlns=\"http:\/\/www.w3.org\/2000\/svg\" viewBox=\"0 0 512 512\" class=\"svg-inline--fa fa-chart-bar fa-w-16 fa-2x\"><path fill=\"currentColor\" d=\"M396.8 352h22.4c6.4 0 12.8-6.4 12.8-12.8V108.8c0-6.4-6.4-12.8-12.8-12.8h-22.4c-6.4 0-12.8 6.4-12.8 12.8v230.4c0 6.4 6.4 12.8 12.8 12.8zm-192 0h22.4c6.4 0 12.8-6.4 12.8-12.8V140.8c0-6.4-6.4-12.8-12.8-12.8h-22.4c-6.4 0-12.8 6.4-12.8 12.8v198.4c0 6.4 6.4 12.8 12.8 12.8zm96 0h22.4c6.4 0 12.8-6.4 12.8-12.8V204.8c0-6.4-6.4-12.8-12.8-12.8h-22.4c-6.4 0-12.8 6.4-12.8 12.8v134.4c0 6.4 6.4 12.8 12.8 12.8zM496 400H48V80c0-8.84-7.16-16-16-16H16C7.16 64 0 71.16 0 80v336c0 17.67 14.33 32 32 32h464c8.84 0 16-7.16 16-16v-16c0-8.84-7.16-16-16-16zm-387.2-48h22.4c6.4 0 12.8-6.4 12.8-12.8v-70.4c0-6.4-6.4-12.8-12.8-12.8h-22.4c-6.4 0-12.8 6.4-12.8 12.8v70.4c0 6.4 6.4 12.8 12.8 12.8z\" class=\"\"><\/path><\/svg><\/i> <img loading=\"lazy\" decoding=\"async\" width=\"16\" height=\"16\" alt=\"Loading\" src=\"https:\/\/temucotelevision.cl\/web\/wp-content\/plugins\/page-views-count\/ajax-loader-2x.gif\" border=0 \/><\/p>\n<div class=\"pvc_clear\"><\/div>\n<p>La informaci\u00f3n fue confirmada por el SML, donde indica que Yini Sabdoval la joven que perdi\u00f3 la vida junto a<\/p>\n","protected":false},"author":1,"featured_media":2816,"comment_status":"open","ping_status":"open","sticky":false,"template":"","format":"standard","meta":{"colormag_page_container_layout":"default_layout","colormag_page_sidebar_layout":"default_layout","footnotes":""},"categories":[15],"tags":[291,746,2172],"class_list":["post-7995","post","type-post","status-publish","format-standard","has-post-thumbnail","hentry","category-la-araucania","tag-incendio","tag-sandoval","tag-yini"],"a3_pvc":{"activated":true,"total_views":21,"today_views":0},"_links":{"self":[{"href":"https:\/\/temucotelevision.cl\/web\/wp-json\/wp\/v2\/posts\/7995","targetHints":{"allow":["GET"]}}],"collection":[{"href":"https:\/\/temucotelevision.cl\/web\/wp-json\/wp\/v2\/posts"}],"about":[{"href":"https:\/\/temucotelevision.cl\/web\/wp-json\/wp\/v2\/types\/post"}],"author":[{"embeddable":true,"href":"https:\/\/temucotelevision.cl\/web\/wp-json\/wp\/v2\/users\/1"}],"replies":[{"embeddable":true,"href":"https:\/\/temucotelevision.cl\/web\/wp-json\/wp\/v2\/comments?post=7995"}],"version-history":[{"count":1,"href":"https:\/\/temucotelevision.cl\/web\/wp-json\/wp\/v2\/posts\/7995\/revisions"}],"predecessor-version":[{"id":7996,"href":"https:\/\/temucotelevision.cl\/web\/wp-json\/wp\/v2\/posts\/7995\/revisions\/7996"}],"wp:featuredmedia":[{"embeddable":true,"href":"https:\/\/temucotelevision.cl\/web\/wp-json\/wp\/v2\/media\/2816"}],"wp:attachment":[{"href":"https:\/\/temucotelevision.cl\/web\/wp-json\/wp\/v2\/media?parent=7995"}],"wp:term":[{"taxonomy":"category","embeddable":true,"href":"https:\/\/temucotelevision.cl\/web\/wp-json\/wp\/v2\/categories?post=7995"},{"taxonomy":"post_tag","embeddable":true,"href":"https:\/\/temucotelevision.cl\/web\/wp-json\/wp\/v2\/tags?post=7995"}],"curies":[{"name":"wp","href":"https:\/\/api.w.org\/{rel}","templated":true}]}}