{"id":7992,"date":"2020-01-16T13:42:52","date_gmt":"2020-01-16T16:42:52","guid":{"rendered":"https:\/\/temucotelevision.cl\/web\/?p=7992"},"modified":"2020-01-16T13:42:55","modified_gmt":"2020-01-16T16:42:55","slug":"exposicion-una-pausa-fue-inaugurada-en-el-centro-cultural-de-padre-las-casas%ef%bb%bf","status":"publish","type":"post","link":"https:\/\/temucotelevision.cl\/web\/2020\/01\/16\/exposicion-una-pausa-fue-inaugurada-en-el-centro-cultural-de-padre-las-casas%ef%bb%bf\/","title":{"rendered":"Exposici\u00f3n \u201cUna Pausa\u201d fue inaugurada en el Centro Cultural de Padre Las Casas\ufeff"},"content":{"rendered":"<div class=\"pvc_clear\"><\/div><p id=\"pvc_stats_7992\" class=\"pvc_stats total_only  \" data-element-id=\"7992\" style=\"\"><i class=\"pvc-stats-icon large\" aria-hidden=\"true\"><svg aria-hidden=\"true\" focusable=\"false\" data-prefix=\"far\" data-icon=\"chart-bar\" role=\"img\" xmlns=\"http:\/\/www.w3.org\/2000\/svg\" viewBox=\"0 0 512 512\" class=\"svg-inline--fa fa-chart-bar fa-w-16 fa-2x\"><path fill=\"currentColor\" d=\"M396.8 352h22.4c6.4 0 12.8-6.4 12.8-12.8V108.8c0-6.4-6.4-12.8-12.8-12.8h-22.4c-6.4 0-12.8 6.4-12.8 12.8v230.4c0 6.4 6.4 12.8 12.8 12.8zm-192 0h22.4c6.4 0 12.8-6.4 12.8-12.8V140.8c0-6.4-6.4-12.8-12.8-12.8h-22.4c-6.4 0-12.8 6.4-12.8 12.8v198.4c0 6.4 6.4 12.8 12.8 12.8zm96 0h22.4c6.4 0 12.8-6.4 12.8-12.8V204.8c0-6.4-6.4-12.8-12.8-12.8h-22.4c-6.4 0-12.8 6.4-12.8 12.8v134.4c0 6.4 6.4 12.8 12.8 12.8zM496 400H48V80c0-8.84-7.16-16-16-16H16C7.16 64 0 71.16 0 80v336c0 17.67 14.33 32 32 32h464c8.84 0 16-7.16 16-16v-16c0-8.84-7.16-16-16-16zm-387.2-48h22.4c6.4 0 12.8-6.4 12.8-12.8v-70.4c0-6.4-6.4-12.8-12.8-12.8h-22.4c-6.4 0-12.8 6.4-12.8 12.8v70.4c0 6.4 6.4 12.8 12.8 12.8z\" class=\"\"><\/path><\/svg><\/i> <img loading=\"lazy\" decoding=\"async\" width=\"16\" height=\"16\" alt=\"Loading\" src=\"https:\/\/temucotelevision.cl\/web\/wp-content\/plugins\/page-views-count\/ajax-loader-2x.gif\" border=0 \/><\/p><div class=\"pvc_clear\"><\/div>\n<p><em>La muestra del Pintor Cristian Dur\u00e1n Letelier estar\u00e1 disponible hasta el viernes 31 de enero de 2020<\/em><\/p>\n\n\n\n<p>Cuarenta y seis \u00f3leos la comunidad podr\u00e1 apreciar en la nueva exposici\u00f3n \u201cUna Pausa\u201d del pintor Cristi\u00e1n Dur\u00e1n Letelier, que fue inaugurada recientemente en el Centro Cultural de Padre Las Casas ubicado en Maquehue 1441.&nbsp;<\/p>\n\n\n\n<p>El artista visual autodidacta de la regi\u00f3n de la Araucan\u00eda presenta este trabajo el cual \u201ces una colecci\u00f3n de momentos, gente que conozco y paisajes de distintos lugares de chile donde he podido estar, sobre todo de nuestra regi\u00f3n\u201d, se\u00f1ala Cristian Dur\u00e1n.<\/p>\n\n\n\n<p>Un recorrido que desde el a\u00f1o 2014 a la fecha, Dur\u00e1n Letelier ha plasmado en distintos formatos, de peque\u00f1os a m\u00e1s grandes, con un enfoque al realismo pict\u00f3rico, contempor\u00e1neo y que va variando hacia el impresionismo o a la pintura m\u00e1s fotogr\u00e1fica.&nbsp;<\/p>\n\n\n\n<p>\u201cMantengo una pincelada pastosa, a veces desordenada, otra muy limpia, donde pretendo que se identifique conmigo, buscando una autenticidad en mi trabajo\u201d, explica el artista.<\/p>\n\n\n\n<p>Respecto al objetivo de esta obra, el expositor comenta que \u201cpretendo que el usuario haga una pausa en su camino, en el viaje que lleva, para detenerse a observar algunas de esas cosas que nos perdemos, interpretadas en una obra\u201d.<\/p>\n\n\n\n<p><strong>&nbsp;FORMACI\u00d3N ART\u00cdSTICA<\/strong><\/p>\n\n\n\n<p>Cristian Dur\u00e1n Letelier naci\u00f3 en Temuco y desde ni\u00f1o se ha interesado en el mundo de la pintura. Actualmente es inform\u00e1tico de profesi\u00f3n y el arte de la pintura la ha estudiado de forma independiente, capacit\u00e1ndose a trav\u00e9s de talleres impartidos por destacados artistas locales. Su especialidad es el \u00f3leo.&nbsp;<\/p>\n\n\n\n<p>Ha participado en exposiciones colectivas por distintas salas de Temuco. En 2017 realiz\u00f3 su primera exposici\u00f3n en el mismo Centro Cultural de Padre Las Casas. Adem\u00e1s, ha participado en concursos locales, as\u00ed como nacionales, obteniendo en 2014 menci\u00f3n honrosa en el concurso \u201cAraucan\u00eda de mar a cordillera\u201d.<\/p>\n\n\n\n<p><strong>EXPOSICI\u00d3N<\/strong><\/p>\n\n\n\n<p>\u201cUna Pausa\u201d estar\u00e1 abierta gratuitamente a la comunidad en la Sala de Artes del Centro Cultural de Padre Las Casas hasta el viernes 31 de enero en horarios de 9 a 21 horas.&nbsp;<\/p>\n","protected":false},"excerpt":{"rendered":"<div class=\"pvc_clear\"><\/div>\n<p id=\"pvc_stats_7992\" class=\"pvc_stats total_only  \" data-element-id=\"7992\" style=\"\"><i class=\"pvc-stats-icon large\" aria-hidden=\"true\"><svg aria-hidden=\"true\" focusable=\"false\" data-prefix=\"far\" data-icon=\"chart-bar\" role=\"img\" xmlns=\"http:\/\/www.w3.org\/2000\/svg\" viewBox=\"0 0 512 512\" class=\"svg-inline--fa fa-chart-bar fa-w-16 fa-2x\"><path fill=\"currentColor\" d=\"M396.8 352h22.4c6.4 0 12.8-6.4 12.8-12.8V108.8c0-6.4-6.4-12.8-12.8-12.8h-22.4c-6.4 0-12.8 6.4-12.8 12.8v230.4c0 6.4 6.4 12.8 12.8 12.8zm-192 0h22.4c6.4 0 12.8-6.4 12.8-12.8V140.8c0-6.4-6.4-12.8-12.8-12.8h-22.4c-6.4 0-12.8 6.4-12.8 12.8v198.4c0 6.4 6.4 12.8 12.8 12.8zm96 0h22.4c6.4 0 12.8-6.4 12.8-12.8V204.8c0-6.4-6.4-12.8-12.8-12.8h-22.4c-6.4 0-12.8 6.4-12.8 12.8v134.4c0 6.4 6.4 12.8 12.8 12.8zM496 400H48V80c0-8.84-7.16-16-16-16H16C7.16 64 0 71.16 0 80v336c0 17.67 14.33 32 32 32h464c8.84 0 16-7.16 16-16v-16c0-8.84-7.16-16-16-16zm-387.2-48h22.4c6.4 0 12.8-6.4 12.8-12.8v-70.4c0-6.4-6.4-12.8-12.8-12.8h-22.4c-6.4 0-12.8 6.4-12.8 12.8v70.4c0 6.4 6.4 12.8 12.8 12.8z\" class=\"\"><\/path><\/svg><\/i> <img loading=\"lazy\" decoding=\"async\" width=\"16\" height=\"16\" alt=\"Loading\" src=\"https:\/\/temucotelevision.cl\/web\/wp-content\/plugins\/page-views-count\/ajax-loader-2x.gif\" border=0 \/><\/p>\n<div class=\"pvc_clear\"><\/div>\n<p>La muestra del Pintor Cristian Dur\u00e1n Letelier estar\u00e1 disponible hasta el viernes 31 de enero de 2020 Cuarenta y seis<\/p>\n","protected":false},"author":1,"featured_media":7993,"comment_status":"open","ping_status":"open","sticky":false,"template":"","format":"standard","meta":{"colormag_page_container_layout":"default_layout","colormag_page_sidebar_layout":"default_layout","footnotes":""},"categories":[86],"tags":[252,2171,2170],"class_list":["post-7992","post","type-post","status-publish","format-standard","has-post-thumbnail","hentry","category-panoramas","tag-centro","tag-exposicon","tag-pausa"],"a3_pvc":{"activated":true,"total_views":57,"today_views":0},"_links":{"self":[{"href":"https:\/\/temucotelevision.cl\/web\/wp-json\/wp\/v2\/posts\/7992","targetHints":{"allow":["GET"]}}],"collection":[{"href":"https:\/\/temucotelevision.cl\/web\/wp-json\/wp\/v2\/posts"}],"about":[{"href":"https:\/\/temucotelevision.cl\/web\/wp-json\/wp\/v2\/types\/post"}],"author":[{"embeddable":true,"href":"https:\/\/temucotelevision.cl\/web\/wp-json\/wp\/v2\/users\/1"}],"replies":[{"embeddable":true,"href":"https:\/\/temucotelevision.cl\/web\/wp-json\/wp\/v2\/comments?post=7992"}],"version-history":[{"count":1,"href":"https:\/\/temucotelevision.cl\/web\/wp-json\/wp\/v2\/posts\/7992\/revisions"}],"predecessor-version":[{"id":7994,"href":"https:\/\/temucotelevision.cl\/web\/wp-json\/wp\/v2\/posts\/7992\/revisions\/7994"}],"wp:featuredmedia":[{"embeddable":true,"href":"https:\/\/temucotelevision.cl\/web\/wp-json\/wp\/v2\/media\/7993"}],"wp:attachment":[{"href":"https:\/\/temucotelevision.cl\/web\/wp-json\/wp\/v2\/media?parent=7992"}],"wp:term":[{"taxonomy":"category","embeddable":true,"href":"https:\/\/temucotelevision.cl\/web\/wp-json\/wp\/v2\/categories?post=7992"},{"taxonomy":"post_tag","embeddable":true,"href":"https:\/\/temucotelevision.cl\/web\/wp-json\/wp\/v2\/tags?post=7992"}],"curies":[{"name":"wp","href":"https:\/\/api.w.org\/{rel}","templated":true}]}}