{"id":7989,"date":"2020-01-16T13:29:18","date_gmt":"2020-01-16T16:29:18","guid":{"rendered":"https:\/\/temucotelevision.cl\/web\/?p=7989"},"modified":"2020-01-16T13:29:20","modified_gmt":"2020-01-16T16:29:20","slug":"carabineros-detuvo-a-chofer-de-taxi-colectivo-por-abuso-sexual-en-temuco%ef%bb%bf","status":"publish","type":"post","link":"https:\/\/temucotelevision.cl\/web\/2020\/01\/16\/carabineros-detuvo-a-chofer-de-taxi-colectivo-por-abuso-sexual-en-temuco%ef%bb%bf\/","title":{"rendered":"Carabineros detuvo a chofer de taxi colectivo por abuso sexual en Temuco\ufeff"},"content":{"rendered":"<div class=\"pvc_clear\"><\/div><p id=\"pvc_stats_7989\" class=\"pvc_stats total_only  \" data-element-id=\"7989\" style=\"\"><i class=\"pvc-stats-icon large\" aria-hidden=\"true\"><svg aria-hidden=\"true\" focusable=\"false\" data-prefix=\"far\" data-icon=\"chart-bar\" role=\"img\" xmlns=\"http:\/\/www.w3.org\/2000\/svg\" viewBox=\"0 0 512 512\" class=\"svg-inline--fa fa-chart-bar fa-w-16 fa-2x\"><path fill=\"currentColor\" d=\"M396.8 352h22.4c6.4 0 12.8-6.4 12.8-12.8V108.8c0-6.4-6.4-12.8-12.8-12.8h-22.4c-6.4 0-12.8 6.4-12.8 12.8v230.4c0 6.4 6.4 12.8 12.8 12.8zm-192 0h22.4c6.4 0 12.8-6.4 12.8-12.8V140.8c0-6.4-6.4-12.8-12.8-12.8h-22.4c-6.4 0-12.8 6.4-12.8 12.8v198.4c0 6.4 6.4 12.8 12.8 12.8zm96 0h22.4c6.4 0 12.8-6.4 12.8-12.8V204.8c0-6.4-6.4-12.8-12.8-12.8h-22.4c-6.4 0-12.8 6.4-12.8 12.8v134.4c0 6.4 6.4 12.8 12.8 12.8zM496 400H48V80c0-8.84-7.16-16-16-16H16C7.16 64 0 71.16 0 80v336c0 17.67 14.33 32 32 32h464c8.84 0 16-7.16 16-16v-16c0-8.84-7.16-16-16-16zm-387.2-48h22.4c6.4 0 12.8-6.4 12.8-12.8v-70.4c0-6.4-6.4-12.8-12.8-12.8h-22.4c-6.4 0-12.8 6.4-12.8 12.8v70.4c0 6.4 6.4 12.8 12.8 12.8z\" class=\"\"><\/path><\/svg><\/i> <img loading=\"lazy\" decoding=\"async\" width=\"16\" height=\"16\" alt=\"Loading\" src=\"https:\/\/temucotelevision.cl\/web\/wp-content\/plugins\/page-views-count\/ajax-loader-2x.gif\" border=0 \/><\/p><div class=\"pvc_clear\"><\/div>\n<p><em>Diligencias se desarrollaron por la SIP de a 8a. Comisar\u00eda tras denuncia de la v\u00edctima.<\/em><\/p>\n\n\n\n<p>Carabineros de la 8a. Comisar\u00eda \u201cTemuco\u201d logr\u00f3 en las \u00faltimas horas, la detenci\u00f3n de un chofer de taxi colectivo por el delito de abuso sexual.<\/p>\n\n\n\n<p>El procedimiento se registr\u00f3, luego que la v\u00edctima en compa\u00f1\u00eda de transe\u00fantes que la auxiliaron llegaron a Carabineros para denunciar los hechos, narrando que tras abordar el taxi colectivo, el sujeto se desv\u00edo del recorrido y la llev\u00f3 hasta un sitio eriazo donde le efectu\u00f3 tocaciones en su cuerpo, logrando zafarse de su agresor para solicitar auxilio.<\/p>\n\n\n\n<p>\u201cEl delito afect\u00f3 a una mujer de 19 a\u00f1os, quien abord\u00f3 un taxi colectivo en el sector de Chivilc\u00e1n en direcci\u00f3n a su lugar de trabajo, siendo llevada hasta un sitio eriazo en el sector de Avenida Los Pablos, donde el sujeto le efectu\u00f3 tocaciones en distintas partes del cuerpo, logrando escapar siendo ayudada por transe\u00fantes quienes la trasladaron a la comisar\u00eda m\u00e1s cercana. En base a esos antecedentes, personal de Carabineros de la SIP realiz\u00f3 diligencias, logrando dar con el autor del il\u00edcito quien fue reconocido por la v\u00edctima\u201d, relat\u00f3 la Mayor Ximena Valle, comisario de la 8a. Comisar\u00eda \u201cTemuco\u201d.<\/p>\n\n\n\n<p>Por instrucci\u00f3n del fiscal de turno, el detenido de 48 a\u00f1os de edad, qued\u00f3 a disposici\u00f3n del Juzgado de Garant\u00eda de Temuco, para el correspondiente control de la detenci\u00f3n.<\/p>\n","protected":false},"excerpt":{"rendered":"<div class=\"pvc_clear\"><\/div>\n<p id=\"pvc_stats_7989\" class=\"pvc_stats total_only  \" data-element-id=\"7989\" style=\"\"><i class=\"pvc-stats-icon large\" aria-hidden=\"true\"><svg aria-hidden=\"true\" focusable=\"false\" data-prefix=\"far\" data-icon=\"chart-bar\" role=\"img\" xmlns=\"http:\/\/www.w3.org\/2000\/svg\" viewBox=\"0 0 512 512\" class=\"svg-inline--fa fa-chart-bar fa-w-16 fa-2x\"><path fill=\"currentColor\" d=\"M396.8 352h22.4c6.4 0 12.8-6.4 12.8-12.8V108.8c0-6.4-6.4-12.8-12.8-12.8h-22.4c-6.4 0-12.8 6.4-12.8 12.8v230.4c0 6.4 6.4 12.8 12.8 12.8zm-192 0h22.4c6.4 0 12.8-6.4 12.8-12.8V140.8c0-6.4-6.4-12.8-12.8-12.8h-22.4c-6.4 0-12.8 6.4-12.8 12.8v198.4c0 6.4 6.4 12.8 12.8 12.8zm96 0h22.4c6.4 0 12.8-6.4 12.8-12.8V204.8c0-6.4-6.4-12.8-12.8-12.8h-22.4c-6.4 0-12.8 6.4-12.8 12.8v134.4c0 6.4 6.4 12.8 12.8 12.8zM496 400H48V80c0-8.84-7.16-16-16-16H16C7.16 64 0 71.16 0 80v336c0 17.67 14.33 32 32 32h464c8.84 0 16-7.16 16-16v-16c0-8.84-7.16-16-16-16zm-387.2-48h22.4c6.4 0 12.8-6.4 12.8-12.8v-70.4c0-6.4-6.4-12.8-12.8-12.8h-22.4c-6.4 0-12.8 6.4-12.8 12.8v70.4c0 6.4 6.4 12.8 12.8 12.8z\" class=\"\"><\/path><\/svg><\/i> <img loading=\"lazy\" decoding=\"async\" width=\"16\" height=\"16\" alt=\"Loading\" src=\"https:\/\/temucotelevision.cl\/web\/wp-content\/plugins\/page-views-count\/ajax-loader-2x.gif\" border=0 \/><\/p>\n<div class=\"pvc_clear\"><\/div>\n<p>Diligencias se desarrollaron por la SIP de a 8a. Comisar\u00eda tras denuncia de la v\u00edctima. Carabineros de la 8a. Comisar\u00eda<\/p>\n","protected":false},"author":1,"featured_media":7990,"comment_status":"open","ping_status":"open","sticky":false,"template":"","format":"standard","meta":{"colormag_page_container_layout":"default_layout","colormag_page_sidebar_layout":"default_layout","footnotes":""},"categories":[16],"tags":[1403,2169],"class_list":["post-7989","post","type-post","status-publish","format-standard","has-post-thumbnail","hentry","category-policial","tag-chofer","tag-taxi"],"a3_pvc":{"activated":true,"total_views":45,"today_views":0},"_links":{"self":[{"href":"https:\/\/temucotelevision.cl\/web\/wp-json\/wp\/v2\/posts\/7989","targetHints":{"allow":["GET"]}}],"collection":[{"href":"https:\/\/temucotelevision.cl\/web\/wp-json\/wp\/v2\/posts"}],"about":[{"href":"https:\/\/temucotelevision.cl\/web\/wp-json\/wp\/v2\/types\/post"}],"author":[{"embeddable":true,"href":"https:\/\/temucotelevision.cl\/web\/wp-json\/wp\/v2\/users\/1"}],"replies":[{"embeddable":true,"href":"https:\/\/temucotelevision.cl\/web\/wp-json\/wp\/v2\/comments?post=7989"}],"version-history":[{"count":1,"href":"https:\/\/temucotelevision.cl\/web\/wp-json\/wp\/v2\/posts\/7989\/revisions"}],"predecessor-version":[{"id":7991,"href":"https:\/\/temucotelevision.cl\/web\/wp-json\/wp\/v2\/posts\/7989\/revisions\/7991"}],"wp:featuredmedia":[{"embeddable":true,"href":"https:\/\/temucotelevision.cl\/web\/wp-json\/wp\/v2\/media\/7990"}],"wp:attachment":[{"href":"https:\/\/temucotelevision.cl\/web\/wp-json\/wp\/v2\/media?parent=7989"}],"wp:term":[{"taxonomy":"category","embeddable":true,"href":"https:\/\/temucotelevision.cl\/web\/wp-json\/wp\/v2\/categories?post=7989"},{"taxonomy":"post_tag","embeddable":true,"href":"https:\/\/temucotelevision.cl\/web\/wp-json\/wp\/v2\/tags?post=7989"}],"curies":[{"name":"wp","href":"https:\/\/api.w.org\/{rel}","templated":true}]}}