{"id":7982,"date":"2020-01-16T13:04:48","date_gmt":"2020-01-16T16:04:48","guid":{"rendered":"https:\/\/temucotelevision.cl\/web\/?p=7982"},"modified":"2020-01-16T13:04:50","modified_gmt":"2020-01-16T16:04:50","slug":"autoridades-detallaron-alcances-de-la-nueva-propuesta-al-sistema-de-pensiones%ef%bb%bf","status":"publish","type":"post","link":"https:\/\/temucotelevision.cl\/web\/2020\/01\/16\/autoridades-detallaron-alcances-de-la-nueva-propuesta-al-sistema-de-pensiones%ef%bb%bf\/","title":{"rendered":"Autoridades detallaron alcances de la nueva propuesta al sistema de pensiones\ufeff"},"content":{"rendered":"<div class=\"pvc_clear\"><\/div><p id=\"pvc_stats_7982\" class=\"pvc_stats total_only  \" data-element-id=\"7982\" style=\"\"><i class=\"pvc-stats-icon large\" aria-hidden=\"true\"><svg aria-hidden=\"true\" focusable=\"false\" data-prefix=\"far\" data-icon=\"chart-bar\" role=\"img\" xmlns=\"http:\/\/www.w3.org\/2000\/svg\" viewBox=\"0 0 512 512\" class=\"svg-inline--fa fa-chart-bar fa-w-16 fa-2x\"><path fill=\"currentColor\" d=\"M396.8 352h22.4c6.4 0 12.8-6.4 12.8-12.8V108.8c0-6.4-6.4-12.8-12.8-12.8h-22.4c-6.4 0-12.8 6.4-12.8 12.8v230.4c0 6.4 6.4 12.8 12.8 12.8zm-192 0h22.4c6.4 0 12.8-6.4 12.8-12.8V140.8c0-6.4-6.4-12.8-12.8-12.8h-22.4c-6.4 0-12.8 6.4-12.8 12.8v198.4c0 6.4 6.4 12.8 12.8 12.8zm96 0h22.4c6.4 0 12.8-6.4 12.8-12.8V204.8c0-6.4-6.4-12.8-12.8-12.8h-22.4c-6.4 0-12.8 6.4-12.8 12.8v134.4c0 6.4 6.4 12.8 12.8 12.8zM496 400H48V80c0-8.84-7.16-16-16-16H16C7.16 64 0 71.16 0 80v336c0 17.67 14.33 32 32 32h464c8.84 0 16-7.16 16-16v-16c0-8.84-7.16-16-16-16zm-387.2-48h22.4c6.4 0 12.8-6.4 12.8-12.8v-70.4c0-6.4-6.4-12.8-12.8-12.8h-22.4c-6.4 0-12.8 6.4-12.8 12.8v70.4c0 6.4 6.4 12.8 12.8 12.8z\" class=\"\"><\/path><\/svg><\/i> <img loading=\"lazy\" decoding=\"async\" width=\"16\" height=\"16\" alt=\"Loading\" src=\"https:\/\/temucotelevision.cl\/web\/wp-content\/plugins\/page-views-count\/ajax-loader-2x.gif\" border=0 \/><\/p><div class=\"pvc_clear\"><\/div>\n<p>Luego del anuncio presidencial sobre el envi\u00f3 al Congreso de un proyecto de Ley, destinado a generar cambios estructurales al sistema de pensiones, el Seremi del Trabajo y Previsi\u00f3n Social en la Araucan\u00eda, Patricio S\u00e1enz, explic\u00f3 que las propuestas contenidas en la iniciativa complementan y, en algunos casos reemplazan, las que est\u00e1n incluidas en el Proyecto de Ley presentado por el Gobierno, que actualmente se tramita en la C\u00e1mara de Diputados.&nbsp;&nbsp;<\/p>\n\n\n\n<p>El representante asegur\u00f3 que \u201cEl Gobierno est\u00e1 presentando un proyecto que tiene como principal objetivo a mejorar las pensiones de todos los adultos mayores de nuestro pa\u00eds. El Presidente Pi\u00f1era est\u00e1 fuertemente comprometido con un Nuevo Trato a la tercera edad, para que esta etapa de la vida se enfrente con esperanza y dignidad\u201d.<\/p>\n\n\n\n<p>En este contexto, si este proyecto de Ley fuera aprobado, beneficiar\u00e1 en la regi\u00f3n a 30 mil pensionados y potencialmente a m\u00e1s de 450 mil personas activas, que son las que est\u00e1n afiliadas al sistema de cotizaciones en la actualidad.<\/p>\n\n\n\n<p>La Seremi de Gobierno P\u00eda Bersezio agreg\u00f3 que \u201c&#8221;El gobierno del Presidente Pi\u00f1era escuch\u00f3 una de las demandas sociales m\u00e1s solicitadas por la ciudadan\u00eda, por ello la nueva reforma a las pensiones permitir\u00e1 que todos los chilenos tengan una mejor jubilaci\u00f3n, se reduzca la brecha entre hombres y mujeres y lo m\u00e1s importante es que ning\u00fan pensionado viva bajo la l\u00ednea de la pobreza. Un ejemplo concreto de esta reforma, es que los actuales pensionados que tengan un n\u00famero m\u00ednimo de cotizaciones reciban un aumento de cotizaciones que se estima en 56 mil para hombre y 70.800 mil para las mujeres<\/p>\n\n\n\n<p>Por su parte el Director Regional del Instituto de Previsi\u00f3n Social (IPS) se\u00f1al\u00f3 que a trav\u00e9s de este proyecto&nbsp;se sumar\u00e1 a los pilares solidario y al contributivo obligatorio individual, un pilar contributivo solidario, por lo tanto, se abren la posibilidad de construir mejores pensiones para los ciudadanos, sobre todo los adultos mayores y para los futuros pensionados. Esperamos que este proyecto sea Ley muy pronto para entregar estos beneficios a miles de beneficiarios en la Regi\u00f3n.<\/p>\n\n\n\n<p><strong>OBJETIVOS<\/strong><\/p>\n\n\n\n<p>S\u00e1enz explic\u00f3 que este proyecto de Ley tiene como objetivos principales mejorar en forma equitativa y sustentable las pensiones, especialmente de los pensionados de menores ingresos, de la clase media y de las mujeres. De la misma forma, busca garantizar que ning\u00fan chileno o chilena mayor de 65 a\u00f1os quede bajo la l\u00ednea de pobreza y que nadie que haya cotizado por jornadas completas 30 a\u00f1os o m\u00e1s, reciba una pensi\u00f3n total inferior al monto del salario m\u00ednimo actual.&nbsp;<\/p>\n\n\n\n<p>\u201cAdem\u00e1s, esta iniciativa persigue mejorar el funcionamiento del sistema de ahorro individual, asegurando la adecuada representaci\u00f3n de los intereses de los afiliados en las decisiones de las administradoras que son relevantes para su pensi\u00f3n, y asegurar tambi\u00e9n que las administradoras compartan con sus afiliados los resultados de su gesti\u00f3n\u201d, Asegur\u00f3 el Seremi.<\/p>\n\n\n\n<p><strong>PRINCIPALES MEDIDAS<\/strong><\/p>\n\n\n\n<p>Seg\u00fan el representante de la cartera del Trabajo en la Regi\u00f3n, las medidas propuestas por el Gobierno son en primer lugar fortalecer el Pilar Solidario (ley recientemente aprobada). Tambi\u00e9n tiene como prioridad establecer un nuevo programa de ahorro previsional personal, financiado con 3 puntos porcentuales (3%), de cargo del empleador, que ser\u00e1 administrado por una entidad p\u00fablica denominada Consejo Administrador de los Seguros Sociales (el CASS).<\/p>\n\n\n\n<p>Asimismo, busca establecer un nuevo programa de ahorro colectivo solidario, tambi\u00e9n administrado por el CASS, financiado con una cotizaci\u00f3n de 3%, tambi\u00e9n de cargo al empleador, y un esfuerzo inicial del Estado y asegurar la participaci\u00f3n de los afiliados en el Directorio de las administradoras a trav\u00e9s de \u201cComit\u00e9s de Afiliados\u201d entre otras propuestas.<\/p>\n\n\n\n<p>Otro aspecto relevante dice relaci\u00f3n con reducir las comisiones cobradas en casos de rentabilidad negativa de los fondos de pensiones, reducir las comisiones de intermediaci\u00f3n que se pueden cargar a los fondos de pensiones y entregar al Consejo Consultivo Previsional la responsabilidad de revisar peri\u00f3dicamente los par\u00e1metros del sistema, y las Tablas de Expectativas de Vida, y de proponer ajustes a los mismos.&nbsp;&nbsp;<\/p>\n\n\n\n<p>Esto \u00faltimo relaciona directamente con una de las demandas m\u00e1s sentidas por la ciudadan\u00eda y tiene que ver con la posibilidad de realizar un seguimiento y tener m\u00e1s claridad sobre los movimientos financieros de las administradoras de pensiones.<\/p>\n\n\n\n<p>\u201cEsperamos que los parlamentarios est\u00e9n a la altura de este enorme desafi\u00f3 y trabajen de manera conjunta en sacar adelante este proyecto, que viene a responder una de las demandas m\u00e1s importantes de la ciudadan\u00eda, y que no es otra cosa que entregar a nuestros adultos mayores y a los que vendr\u00e1n en el futuro una mejor calidad de vida, con mayor dignidad y que les otorgue tranquilidad a futuro\u201d, finaliz\u00f3 S\u00e1enz.<\/p>\n","protected":false},"excerpt":{"rendered":"<div class=\"pvc_clear\"><\/div>\n<p id=\"pvc_stats_7982\" class=\"pvc_stats total_only  \" data-element-id=\"7982\" style=\"\"><i class=\"pvc-stats-icon large\" aria-hidden=\"true\"><svg aria-hidden=\"true\" focusable=\"false\" data-prefix=\"far\" data-icon=\"chart-bar\" role=\"img\" xmlns=\"http:\/\/www.w3.org\/2000\/svg\" viewBox=\"0 0 512 512\" class=\"svg-inline--fa fa-chart-bar fa-w-16 fa-2x\"><path fill=\"currentColor\" d=\"M396.8 352h22.4c6.4 0 12.8-6.4 12.8-12.8V108.8c0-6.4-6.4-12.8-12.8-12.8h-22.4c-6.4 0-12.8 6.4-12.8 12.8v230.4c0 6.4 6.4 12.8 12.8 12.8zm-192 0h22.4c6.4 0 12.8-6.4 12.8-12.8V140.8c0-6.4-6.4-12.8-12.8-12.8h-22.4c-6.4 0-12.8 6.4-12.8 12.8v198.4c0 6.4 6.4 12.8 12.8 12.8zm96 0h22.4c6.4 0 12.8-6.4 12.8-12.8V204.8c0-6.4-6.4-12.8-12.8-12.8h-22.4c-6.4 0-12.8 6.4-12.8 12.8v134.4c0 6.4 6.4 12.8 12.8 12.8zM496 400H48V80c0-8.84-7.16-16-16-16H16C7.16 64 0 71.16 0 80v336c0 17.67 14.33 32 32 32h464c8.84 0 16-7.16 16-16v-16c0-8.84-7.16-16-16-16zm-387.2-48h22.4c6.4 0 12.8-6.4 12.8-12.8v-70.4c0-6.4-6.4-12.8-12.8-12.8h-22.4c-6.4 0-12.8 6.4-12.8 12.8v70.4c0 6.4 6.4 12.8 12.8 12.8z\" class=\"\"><\/path><\/svg><\/i> <img loading=\"lazy\" decoding=\"async\" width=\"16\" height=\"16\" alt=\"Loading\" src=\"https:\/\/temucotelevision.cl\/web\/wp-content\/plugins\/page-views-count\/ajax-loader-2x.gif\" border=0 \/><\/p>\n<div class=\"pvc_clear\"><\/div>\n<p>Luego del anuncio presidencial sobre el envi\u00f3 al Congreso de un proyecto de Ley, destinado a generar cambios estructurales al<\/p>\n","protected":false},"author":1,"featured_media":7984,"comment_status":"open","ping_status":"open","sticky":false,"template":"","format":"standard","meta":{"colormag_page_container_layout":"default_layout","colormag_page_sidebar_layout":"default_layout","footnotes":""},"categories":[14],"tags":[1337],"class_list":["post-7982","post","type-post","status-publish","format-standard","has-post-thumbnail","hentry","category-temuco","tag-pensiones"],"a3_pvc":{"activated":true,"total_views":29,"today_views":0},"_links":{"self":[{"href":"https:\/\/temucotelevision.cl\/web\/wp-json\/wp\/v2\/posts\/7982","targetHints":{"allow":["GET"]}}],"collection":[{"href":"https:\/\/temucotelevision.cl\/web\/wp-json\/wp\/v2\/posts"}],"about":[{"href":"https:\/\/temucotelevision.cl\/web\/wp-json\/wp\/v2\/types\/post"}],"author":[{"embeddable":true,"href":"https:\/\/temucotelevision.cl\/web\/wp-json\/wp\/v2\/users\/1"}],"replies":[{"embeddable":true,"href":"https:\/\/temucotelevision.cl\/web\/wp-json\/wp\/v2\/comments?post=7982"}],"version-history":[{"count":1,"href":"https:\/\/temucotelevision.cl\/web\/wp-json\/wp\/v2\/posts\/7982\/revisions"}],"predecessor-version":[{"id":7985,"href":"https:\/\/temucotelevision.cl\/web\/wp-json\/wp\/v2\/posts\/7982\/revisions\/7985"}],"wp:featuredmedia":[{"embeddable":true,"href":"https:\/\/temucotelevision.cl\/web\/wp-json\/wp\/v2\/media\/7984"}],"wp:attachment":[{"href":"https:\/\/temucotelevision.cl\/web\/wp-json\/wp\/v2\/media?parent=7982"}],"wp:term":[{"taxonomy":"category","embeddable":true,"href":"https:\/\/temucotelevision.cl\/web\/wp-json\/wp\/v2\/categories?post=7982"},{"taxonomy":"post_tag","embeddable":true,"href":"https:\/\/temucotelevision.cl\/web\/wp-json\/wp\/v2\/tags?post=7982"}],"curies":[{"name":"wp","href":"https:\/\/api.w.org\/{rel}","templated":true}]}}