{"id":7978,"date":"2020-01-16T10:39:43","date_gmt":"2020-01-16T13:39:43","guid":{"rendered":"https:\/\/temucotelevision.cl\/web\/?p=7978"},"modified":"2020-01-16T10:39:45","modified_gmt":"2020-01-16T13:39:45","slug":"alcances-de-la-reforma-de-salud-para-los-beneficiarios-de-fonasa%ef%bb%bf","status":"publish","type":"post","link":"https:\/\/temucotelevision.cl\/web\/2020\/01\/16\/alcances-de-la-reforma-de-salud-para-los-beneficiarios-de-fonasa%ef%bb%bf\/","title":{"rendered":"Alcances de la Reforma de Salud para los beneficiarios de Fonasa\ufeff"},"content":{"rendered":"<div class=\"pvc_clear\"><\/div><p id=\"pvc_stats_7978\" class=\"pvc_stats total_only  \" data-element-id=\"7978\" style=\"\"><i class=\"pvc-stats-icon large\" aria-hidden=\"true\"><svg aria-hidden=\"true\" focusable=\"false\" data-prefix=\"far\" data-icon=\"chart-bar\" role=\"img\" xmlns=\"http:\/\/www.w3.org\/2000\/svg\" viewBox=\"0 0 512 512\" class=\"svg-inline--fa fa-chart-bar fa-w-16 fa-2x\"><path fill=\"currentColor\" d=\"M396.8 352h22.4c6.4 0 12.8-6.4 12.8-12.8V108.8c0-6.4-6.4-12.8-12.8-12.8h-22.4c-6.4 0-12.8 6.4-12.8 12.8v230.4c0 6.4 6.4 12.8 12.8 12.8zm-192 0h22.4c6.4 0 12.8-6.4 12.8-12.8V140.8c0-6.4-6.4-12.8-12.8-12.8h-22.4c-6.4 0-12.8 6.4-12.8 12.8v198.4c0 6.4 6.4 12.8 12.8 12.8zm96 0h22.4c6.4 0 12.8-6.4 12.8-12.8V204.8c0-6.4-6.4-12.8-12.8-12.8h-22.4c-6.4 0-12.8 6.4-12.8 12.8v134.4c0 6.4 6.4 12.8 12.8 12.8zM496 400H48V80c0-8.84-7.16-16-16-16H16C7.16 64 0 71.16 0 80v336c0 17.67 14.33 32 32 32h464c8.84 0 16-7.16 16-16v-16c0-8.84-7.16-16-16-16zm-387.2-48h22.4c6.4 0 12.8-6.4 12.8-12.8v-70.4c0-6.4-6.4-12.8-12.8-12.8h-22.4c-6.4 0-12.8 6.4-12.8 12.8v70.4c0 6.4 6.4 12.8 12.8 12.8z\" class=\"\"><\/path><\/svg><\/i> <img loading=\"lazy\" decoding=\"async\" width=\"16\" height=\"16\" alt=\"Loading\" src=\"https:\/\/temucotelevision.cl\/web\/wp-content\/plugins\/page-views-count\/ajax-loader-2x.gif\" border=0 \/><\/p><div class=\"pvc_clear\"><\/div>\n<p><em>T<\/em>Respecto de la reforma de salud presentada al congreso la semana pasada, el Director de la Zona Sur (S) de Fonasa, Jorge Claude, nos cuenta sobre los alcances y aclara algunas dudas sobre el proyecto.<\/p>\n\n\n\n<p>Estos esfuerzos por mejorar la salud en Chile se financiar\u00e1n con gasto fiscal, por lo que es importante aclarar que la cotizaci\u00f3n seguir\u00e1 siendo el 7% del sueldo imponible, y que los tramos A y B de Fonasa, as\u00ed como las personas mayores de 60 a\u00f1os, mantendr\u00e1n la gratuidad en la Red P\u00fablica.<\/p>\n\n\n\n<p>Diversos estudios de opini\u00f3n p\u00fablica, como el de la Asociaci\u00f3n Chilena de Municipalidades de Diciembre 2019, dan cuenta de que las principales demandas que la ciudadan\u00eda ha expresado los \u00faltimos a\u00f1os son: los tiempos de espera para intervenciones quir\u00fargicas, los tiempos de espera para consultas con especialistas y el precio de los medicamentos.<\/p>\n\n\n\n<p>Estas demandas se abordan en el proyecto de ley #MejorFonasa, reforma sustancial, profunda, que convierte al Fonasa en un Seguro P\u00fablico de Salud y crea un Plan de Salud Universal que garantiza acceso, oportunidad, calidad y protecci\u00f3n financiera a nuestros beneficiarios, y donde Fonasa cambia su rol para asegurar el otorgamiento de las prestaciones contenidas en este Plan.<\/p>\n\n\n\n<p>Por otro lado, se est\u00e1 fortaleciendo la red p\u00fablica con un programa de inversiones en infraestructura de 10 mil millones de d\u00f3lares en 8 a\u00f1os, la mayor inversi\u00f3n de este tipo en la historia, y a trav\u00e9s de la formaci\u00f3n de 4.000 nuevos especialistas que se sumar\u00e1n al Sistema P\u00fablico de Salud en un plazo de 4 a\u00f1os. Por \u00faltimo, estamos mejorando la entrega de recursos a los establecimientos p\u00fablicos para potenciar a quienes realizan una gesti\u00f3n hospitalaria m\u00e1s eficiente.<\/p>\n\n\n\n<p>Una vez aprobada la Reforma, si un beneficiario de Fonasa se encuentra en un recinto de salud p\u00fablico que no cuenta con capacidad resolutiva para su problema de salud, Fonasa le ofrecer\u00e1 una soluci\u00f3n dentro de la red de prestadores en convenio, garantizando su atenci\u00f3n en el plazo establecido.<\/p>\n\n\n\n<p>Con esto garantizamos que todas las prestaciones del Plan de Salud Universal tengan un plazo de resoluci\u00f3n conocido por nuestros asegurados, evitando que deban incurrir en costos extra al verse obligados a atenderse en la modalidad de Libre Elecci\u00f3n o en forma particular. Adem\u00e1s, tenemos una serie de iniciativas para la reducci\u00f3n del gasto en medicamentos, que se estima puede llegar a disminuir en hasta un 60%, pasando por ejemplo, de gastar 10 mil pesos por un medicamento, a s\u00f3lo 4 mil pesos. Todo esto significar\u00e1 un alivio al gasto de bolsillo de millones de beneficiarios.<\/p>\n","protected":false},"excerpt":{"rendered":"<div class=\"pvc_clear\"><\/div>\n<p id=\"pvc_stats_7978\" class=\"pvc_stats total_only  \" data-element-id=\"7978\" style=\"\"><i class=\"pvc-stats-icon large\" aria-hidden=\"true\"><svg aria-hidden=\"true\" focusable=\"false\" data-prefix=\"far\" data-icon=\"chart-bar\" role=\"img\" xmlns=\"http:\/\/www.w3.org\/2000\/svg\" viewBox=\"0 0 512 512\" class=\"svg-inline--fa fa-chart-bar fa-w-16 fa-2x\"><path fill=\"currentColor\" d=\"M396.8 352h22.4c6.4 0 12.8-6.4 12.8-12.8V108.8c0-6.4-6.4-12.8-12.8-12.8h-22.4c-6.4 0-12.8 6.4-12.8 12.8v230.4c0 6.4 6.4 12.8 12.8 12.8zm-192 0h22.4c6.4 0 12.8-6.4 12.8-12.8V140.8c0-6.4-6.4-12.8-12.8-12.8h-22.4c-6.4 0-12.8 6.4-12.8 12.8v198.4c0 6.4 6.4 12.8 12.8 12.8zm96 0h22.4c6.4 0 12.8-6.4 12.8-12.8V204.8c0-6.4-6.4-12.8-12.8-12.8h-22.4c-6.4 0-12.8 6.4-12.8 12.8v134.4c0 6.4 6.4 12.8 12.8 12.8zM496 400H48V80c0-8.84-7.16-16-16-16H16C7.16 64 0 71.16 0 80v336c0 17.67 14.33 32 32 32h464c8.84 0 16-7.16 16-16v-16c0-8.84-7.16-16-16-16zm-387.2-48h22.4c6.4 0 12.8-6.4 12.8-12.8v-70.4c0-6.4-6.4-12.8-12.8-12.8h-22.4c-6.4 0-12.8 6.4-12.8 12.8v70.4c0 6.4 6.4 12.8 12.8 12.8z\" class=\"\"><\/path><\/svg><\/i> <img loading=\"lazy\" decoding=\"async\" width=\"16\" height=\"16\" alt=\"Loading\" src=\"https:\/\/temucotelevision.cl\/web\/wp-content\/plugins\/page-views-count\/ajax-loader-2x.gif\" border=0 \/><\/p>\n<div class=\"pvc_clear\"><\/div>\n<p>TRespecto de la reforma de salud presentada al congreso la semana pasada, el Director de la Zona Sur (S) de<\/p>\n","protected":false},"author":1,"featured_media":7980,"comment_status":"open","ping_status":"open","sticky":false,"template":"","format":"standard","meta":{"colormag_page_container_layout":"default_layout","colormag_page_sidebar_layout":"default_layout","footnotes":""},"categories":[15],"tags":[2141],"class_list":["post-7978","post","type-post","status-publish","format-standard","has-post-thumbnail","hentry","category-la-araucania","tag-fonasa"],"a3_pvc":{"activated":true,"total_views":28,"today_views":0},"_links":{"self":[{"href":"https:\/\/temucotelevision.cl\/web\/wp-json\/wp\/v2\/posts\/7978","targetHints":{"allow":["GET"]}}],"collection":[{"href":"https:\/\/temucotelevision.cl\/web\/wp-json\/wp\/v2\/posts"}],"about":[{"href":"https:\/\/temucotelevision.cl\/web\/wp-json\/wp\/v2\/types\/post"}],"author":[{"embeddable":true,"href":"https:\/\/temucotelevision.cl\/web\/wp-json\/wp\/v2\/users\/1"}],"replies":[{"embeddable":true,"href":"https:\/\/temucotelevision.cl\/web\/wp-json\/wp\/v2\/comments?post=7978"}],"version-history":[{"count":1,"href":"https:\/\/temucotelevision.cl\/web\/wp-json\/wp\/v2\/posts\/7978\/revisions"}],"predecessor-version":[{"id":7981,"href":"https:\/\/temucotelevision.cl\/web\/wp-json\/wp\/v2\/posts\/7978\/revisions\/7981"}],"wp:featuredmedia":[{"embeddable":true,"href":"https:\/\/temucotelevision.cl\/web\/wp-json\/wp\/v2\/media\/7980"}],"wp:attachment":[{"href":"https:\/\/temucotelevision.cl\/web\/wp-json\/wp\/v2\/media?parent=7978"}],"wp:term":[{"taxonomy":"category","embeddable":true,"href":"https:\/\/temucotelevision.cl\/web\/wp-json\/wp\/v2\/categories?post=7978"},{"taxonomy":"post_tag","embeddable":true,"href":"https:\/\/temucotelevision.cl\/web\/wp-json\/wp\/v2\/tags?post=7978"}],"curies":[{"name":"wp","href":"https:\/\/api.w.org\/{rel}","templated":true}]}}