{"id":7969,"date":"2020-01-15T18:40:44","date_gmt":"2020-01-15T21:40:44","guid":{"rendered":"https:\/\/temucotelevision.cl\/web\/?p=7969"},"modified":"2020-01-15T18:40:46","modified_gmt":"2020-01-15T21:40:46","slug":"alcalde-de-collipulli-firmo-contrato-con-empresa-constructora-para-la-finalizacion-de-obras-del-estadio-municipal-%ef%bb%bf","status":"publish","type":"post","link":"https:\/\/temucotelevision.cl\/web\/2020\/01\/15\/alcalde-de-collipulli-firmo-contrato-con-empresa-constructora-para-la-finalizacion-de-obras-del-estadio-municipal-%ef%bb%bf\/","title":{"rendered":"Alcalde de Collipulli firm\u00f3 contrato con empresa constructora para la finalizaci\u00f3n de obras del estadio municipal \ufeff"},"content":{"rendered":"<div class=\"pvc_clear\"><\/div><p id=\"pvc_stats_7969\" class=\"pvc_stats total_only  \" data-element-id=\"7969\" style=\"\"><i class=\"pvc-stats-icon large\" aria-hidden=\"true\"><svg aria-hidden=\"true\" focusable=\"false\" data-prefix=\"far\" data-icon=\"chart-bar\" role=\"img\" xmlns=\"http:\/\/www.w3.org\/2000\/svg\" viewBox=\"0 0 512 512\" class=\"svg-inline--fa fa-chart-bar fa-w-16 fa-2x\"><path fill=\"currentColor\" d=\"M396.8 352h22.4c6.4 0 12.8-6.4 12.8-12.8V108.8c0-6.4-6.4-12.8-12.8-12.8h-22.4c-6.4 0-12.8 6.4-12.8 12.8v230.4c0 6.4 6.4 12.8 12.8 12.8zm-192 0h22.4c6.4 0 12.8-6.4 12.8-12.8V140.8c0-6.4-6.4-12.8-12.8-12.8h-22.4c-6.4 0-12.8 6.4-12.8 12.8v198.4c0 6.4 6.4 12.8 12.8 12.8zm96 0h22.4c6.4 0 12.8-6.4 12.8-12.8V204.8c0-6.4-6.4-12.8-12.8-12.8h-22.4c-6.4 0-12.8 6.4-12.8 12.8v134.4c0 6.4 6.4 12.8 12.8 12.8zM496 400H48V80c0-8.84-7.16-16-16-16H16C7.16 64 0 71.16 0 80v336c0 17.67 14.33 32 32 32h464c8.84 0 16-7.16 16-16v-16c0-8.84-7.16-16-16-16zm-387.2-48h22.4c6.4 0 12.8-6.4 12.8-12.8v-70.4c0-6.4-6.4-12.8-12.8-12.8h-22.4c-6.4 0-12.8 6.4-12.8 12.8v70.4c0 6.4 6.4 12.8 12.8 12.8z\" class=\"\"><\/path><\/svg><\/i> <img loading=\"lazy\" decoding=\"async\" width=\"16\" height=\"16\" alt=\"Loading\" src=\"https:\/\/temucotelevision.cl\/web\/wp-content\/plugins\/page-views-count\/ajax-loader-2x.gif\" border=0 \/><\/p><div class=\"pvc_clear\"><\/div>\n<p>Debido a la paralizaci\u00f3n de las obras, y al t\u00e9rmino anticipado del contrato por parte de la empresa anterior que se adjudic\u00f3 el proyecto en la antigua administraci\u00f3n municipal, se realiz\u00f3 un trabajo con celeridad que llev\u00f3 gestionar nuevos recursos para adecuar dicho proyecto. No obstante, y de acuerdo al problema con que se encontr\u00f3 la actual&nbsp;&nbsp;administraci\u00f3n, se concluy\u00f3 dar prioridad a la situaci\u00f3n que imped\u00eda el esparcimiento deportivo de los habitantes en el Estadio Municipal de Collipulli, lo que llev\u00f3 a firmar con una empresa constructora diferente y local, un nuevo contrato para la finalizaci\u00f3n de las obras.&nbsp;<\/p>\n\n\n\n<p>El Alcalde de Collipulli, Manuel Macaya Ram\u00edrez, se mostr\u00f3 satisfecho por todas las gestiones, y complacido del trabajo realizado para la concreci\u00f3n de este complejo deportivo, que viene a escuchar las demandas por los deportistas de la comuna. \u2018\u2019Era una preocupaci\u00f3n latente que ten\u00edamos como administraci\u00f3n municipal, y ten\u00edamos que hacer algo para poder sacar adelante este proyecto, como alcalde y ciudadano de esta comuna no pod\u00eda dejar de lado el problema, y abandono que ten\u00edamos ante nuestros ojos por la falta de compromiso. Estoy satisfecho ya que la firma de este nuevo contrato, nos da la posibilidad de inaugurar prontamente nuestro estadio municipal en compa\u00f1\u00eda de todos mis vecinos que tanto lo esperaron\u2019\u2019 expres\u00f3 el edil.&nbsp;&nbsp;&nbsp;&nbsp;&nbsp;&nbsp;&nbsp;<\/p>\n\n\n\n<p>Para resolver la situaci\u00f3n administrativa, t\u00e9cnica y legal que afectaba la obra de construcci\u00f3n del recinto deportivo, la actual administraci\u00f3n presento en primera instancia un oficio para el cobro de la garant\u00eda del proyecto para el pago de los trabajadores, quienes en su minuto no contaban con el sueldo que deb\u00eda haber sido cancelado por la empresa a cargo. Por otro lado, y para poder dar cumplimiento a la ley de accesibilidad universal, en vista de que la formulaci\u00f3n del proyecto no contaba con dicha norma, se gestionaron m\u00e1s de 100 millones de pesos durante el a\u00f1o pasado, para el desenvolvimiento de las personas con alg\u00fan tipo de discapacidad.<\/p>\n\n\n\n<p>Por su parte el socio y representante de la empresa Cirel&nbsp;Ltda.,&nbsp;Te\u00f3filo Salazar expres\u00f3 \u201cactualmente las obras cuentan con un 60% de trabajo, lo que significa que el tiempo restante permitir\u00e1 sacar adelante esta infraestructura que ira en directo beneficio de la comunidad, de igual manera, agradezco al alcalde de la comuna, y a su equipo de profesionales, por la oportunidad de preferir a una empresa 100% local, una finalidad que permitir\u00e1 que nuestros hijos y nietos puedan ser participe y uso de esta infraestructura hecha por sus abuelos\u201d.&nbsp;<\/p>\n\n\n\n<p>Un arduo camino que resulto ser provechoso para sacar adelante este importante espacio que hab\u00eda estado en completo abandono por la paralizaci\u00f3n de las obras, y que ahora podr\u00e1 contar con una completa y adecuada modernizaci\u00f3n de sus instalaciones, orientado a la alta y prolongada competici\u00f3n en la formaci\u00f3n deportiva de los ni\u00f1os y j\u00f3venes de la comuna.<\/p>\n\n\n\n<p>&nbsp;&nbsp;Cabe mencionar que el proyecto considera la construcci\u00f3n de una cancha de pasto sint\u00e9tico con medidas reglamentarias para f\u00fatbol amateur, una pista atl\u00e9tica sint\u00e9tica, torres de iluminaci\u00f3n habilitaci\u00f3n de grader\u00edas y ba\u00f1os para el p\u00fablico, marcador electr\u00f3nico, una moderna zona de juegos y maquinarias, entre otros.&nbsp;<\/p>\n\n\n\n<p>Finalmente, la Encargada de la Oficina Deportes del Municipio manifest\u00f3 \u201cNos vamos a ver tremendamente favorecidos con este proyecto que va para los j\u00f3venes y&nbsp;&nbsp;clubes deportivos que se decayeron a lo largo del tiempo por no tener la infraestructura necesaria para poder practicar deporte, sin embargo ahora est\u00e1 la esperanza que una vez terminados estos trabajos, contaremos con un espacio que los deportistas se merecen, y a su vez, las familias que tienen que invertir recursos y salir fuera de la comuna, para que sus chicos practiquen actividad f\u00edsica, creo que eso para nosotros es primordial, como tambi\u00e9n para nuestro alcalde, quien no ha apoyado en todas las iniciativas del programa.\u201d<\/p>\n\n\n\n<p>El inicio de este 2020 lleg\u00f3 recargado de buenas noticias, dado que desde hoy se reanudaran los trabajos para el t\u00e9rmino de nuestro esperado estadio municipal. Un proyecto que gestion\u00f3 la actual administraci\u00f3n municipal, para sacar adelante este importante espacio que hab\u00eda estado en completo abandono por la paralizaci\u00f3n de las obras. Sin embargo, el arduo trabajo del alcalde Manuel Macaya Ram\u00edrez, llev\u00f3 a que hoy se realizar\u00e1 la firma del contrato con la empresa quien se adjudic\u00f3 este importante proyecto que renace con el objetivo de&nbsp;contar con una completa, y adecuada modernizaci\u00f3n de sus instalaciones, orientando la alta y prolongada competici\u00f3n en la formaci\u00f3n deportiva de los ni\u00f1os y j\u00f3venes de la comuna.<\/p>\n","protected":false},"excerpt":{"rendered":"<div class=\"pvc_clear\"><\/div>\n<p id=\"pvc_stats_7969\" class=\"pvc_stats total_only  \" data-element-id=\"7969\" style=\"\"><i class=\"pvc-stats-icon large\" aria-hidden=\"true\"><svg aria-hidden=\"true\" focusable=\"false\" data-prefix=\"far\" data-icon=\"chart-bar\" role=\"img\" xmlns=\"http:\/\/www.w3.org\/2000\/svg\" viewBox=\"0 0 512 512\" class=\"svg-inline--fa fa-chart-bar fa-w-16 fa-2x\"><path fill=\"currentColor\" d=\"M396.8 352h22.4c6.4 0 12.8-6.4 12.8-12.8V108.8c0-6.4-6.4-12.8-12.8-12.8h-22.4c-6.4 0-12.8 6.4-12.8 12.8v230.4c0 6.4 6.4 12.8 12.8 12.8zm-192 0h22.4c6.4 0 12.8-6.4 12.8-12.8V140.8c0-6.4-6.4-12.8-12.8-12.8h-22.4c-6.4 0-12.8 6.4-12.8 12.8v198.4c0 6.4 6.4 12.8 12.8 12.8zm96 0h22.4c6.4 0 12.8-6.4 12.8-12.8V204.8c0-6.4-6.4-12.8-12.8-12.8h-22.4c-6.4 0-12.8 6.4-12.8 12.8v134.4c0 6.4 6.4 12.8 12.8 12.8zM496 400H48V80c0-8.84-7.16-16-16-16H16C7.16 64 0 71.16 0 80v336c0 17.67 14.33 32 32 32h464c8.84 0 16-7.16 16-16v-16c0-8.84-7.16-16-16-16zm-387.2-48h22.4c6.4 0 12.8-6.4 12.8-12.8v-70.4c0-6.4-6.4-12.8-12.8-12.8h-22.4c-6.4 0-12.8 6.4-12.8 12.8v70.4c0 6.4 6.4 12.8 12.8 12.8z\" class=\"\"><\/path><\/svg><\/i> <img loading=\"lazy\" decoding=\"async\" width=\"16\" height=\"16\" alt=\"Loading\" src=\"https:\/\/temucotelevision.cl\/web\/wp-content\/plugins\/page-views-count\/ajax-loader-2x.gif\" border=0 \/><\/p>\n<div class=\"pvc_clear\"><\/div>\n<p>Debido a la paralizaci\u00f3n de las obras, y al t\u00e9rmino anticipado del contrato por parte de la empresa anterior que<\/p>\n","protected":false},"author":1,"featured_media":7970,"comment_status":"open","ping_status":"open","sticky":false,"template":"","format":"standard","meta":{"colormag_page_container_layout":"default_layout","colormag_page_sidebar_layout":"default_layout","footnotes":""},"categories":[15],"tags":[466],"class_list":["post-7969","post","type-post","status-publish","format-standard","has-post-thumbnail","hentry","category-la-araucania","tag-estadio"],"a3_pvc":{"activated":true,"total_views":44,"today_views":0},"_links":{"self":[{"href":"https:\/\/temucotelevision.cl\/web\/wp-json\/wp\/v2\/posts\/7969","targetHints":{"allow":["GET"]}}],"collection":[{"href":"https:\/\/temucotelevision.cl\/web\/wp-json\/wp\/v2\/posts"}],"about":[{"href":"https:\/\/temucotelevision.cl\/web\/wp-json\/wp\/v2\/types\/post"}],"author":[{"embeddable":true,"href":"https:\/\/temucotelevision.cl\/web\/wp-json\/wp\/v2\/users\/1"}],"replies":[{"embeddable":true,"href":"https:\/\/temucotelevision.cl\/web\/wp-json\/wp\/v2\/comments?post=7969"}],"version-history":[{"count":1,"href":"https:\/\/temucotelevision.cl\/web\/wp-json\/wp\/v2\/posts\/7969\/revisions"}],"predecessor-version":[{"id":7971,"href":"https:\/\/temucotelevision.cl\/web\/wp-json\/wp\/v2\/posts\/7969\/revisions\/7971"}],"wp:featuredmedia":[{"embeddable":true,"href":"https:\/\/temucotelevision.cl\/web\/wp-json\/wp\/v2\/media\/7970"}],"wp:attachment":[{"href":"https:\/\/temucotelevision.cl\/web\/wp-json\/wp\/v2\/media?parent=7969"}],"wp:term":[{"taxonomy":"category","embeddable":true,"href":"https:\/\/temucotelevision.cl\/web\/wp-json\/wp\/v2\/categories?post=7969"},{"taxonomy":"post_tag","embeddable":true,"href":"https:\/\/temucotelevision.cl\/web\/wp-json\/wp\/v2\/tags?post=7969"}],"curies":[{"name":"wp","href":"https:\/\/api.w.org\/{rel}","templated":true}]}}