{"id":7966,"date":"2020-01-15T18:28:03","date_gmt":"2020-01-15T21:28:03","guid":{"rendered":"https:\/\/temucotelevision.cl\/web\/?p=7966"},"modified":"2020-01-15T18:28:04","modified_gmt":"2020-01-15T21:28:04","slug":"exitoso-encuentro-campesino-se-realizo-en-gorbea","status":"publish","type":"post","link":"https:\/\/temucotelevision.cl\/web\/2020\/01\/15\/exitoso-encuentro-campesino-se-realizo-en-gorbea\/","title":{"rendered":"Exitoso encuentro campesino se realiz\u00f3 en Gorbea"},"content":{"rendered":"<div class=\"pvc_clear\"><\/div><p id=\"pvc_stats_7966\" class=\"pvc_stats total_only  \" data-element-id=\"7966\" style=\"\"><i class=\"pvc-stats-icon large\" aria-hidden=\"true\"><svg aria-hidden=\"true\" focusable=\"false\" data-prefix=\"far\" data-icon=\"chart-bar\" role=\"img\" xmlns=\"http:\/\/www.w3.org\/2000\/svg\" viewBox=\"0 0 512 512\" class=\"svg-inline--fa fa-chart-bar fa-w-16 fa-2x\"><path fill=\"currentColor\" d=\"M396.8 352h22.4c6.4 0 12.8-6.4 12.8-12.8V108.8c0-6.4-6.4-12.8-12.8-12.8h-22.4c-6.4 0-12.8 6.4-12.8 12.8v230.4c0 6.4 6.4 12.8 12.8 12.8zm-192 0h22.4c6.4 0 12.8-6.4 12.8-12.8V140.8c0-6.4-6.4-12.8-12.8-12.8h-22.4c-6.4 0-12.8 6.4-12.8 12.8v198.4c0 6.4 6.4 12.8 12.8 12.8zm96 0h22.4c6.4 0 12.8-6.4 12.8-12.8V204.8c0-6.4-6.4-12.8-12.8-12.8h-22.4c-6.4 0-12.8 6.4-12.8 12.8v134.4c0 6.4 6.4 12.8 12.8 12.8zM496 400H48V80c0-8.84-7.16-16-16-16H16C7.16 64 0 71.16 0 80v336c0 17.67 14.33 32 32 32h464c8.84 0 16-7.16 16-16v-16c0-8.84-7.16-16-16-16zm-387.2-48h22.4c6.4 0 12.8-6.4 12.8-12.8v-70.4c0-6.4-6.4-12.8-12.8-12.8h-22.4c-6.4 0-12.8 6.4-12.8 12.8v70.4c0 6.4 6.4 12.8 12.8 12.8z\" class=\"\"><\/path><\/svg><\/i> <img loading=\"lazy\" decoding=\"async\" width=\"16\" height=\"16\" alt=\"Loading\" src=\"https:\/\/temucotelevision.cl\/web\/wp-content\/plugins\/page-views-count\/ajax-loader-2x.gif\" border=0 \/><\/p><div class=\"pvc_clear\"><\/div>\n<p>M\u00e1s de 5 mil personas disfrutaron de diferentes actividades realizadas en la versi\u00f3n veintis\u00e9is del encuentro campesino que este a\u00f1o se realiz\u00f3 en el sector Botacura de la comuna de Gorbea.<\/p>\n\n\n\n<p>En la inauguraci\u00f3n de la actividad, se dieron cita autoridades comunales y regionales, adem\u00e1s de vecinos del sector y representantes de otros comit\u00e9s de peque\u00f1os campesinos de la comuna, cabe mencionar que en la oportunidad se reconoci\u00f3 el trabajo realizado por los campesinos a trav\u00e9s del alcalde Guido Siegmund.<\/p>\n\n\n\n<p>La familia Roa \u2013 Martinez del sector El Liuco fueron los encargados de iniciar la jornada musical, para seguir con la picard\u00eda y el humor de Puchuncavi. El ballet folcl\u00f3rico municipal (BAFGO) present\u00f3 diferentes cuadros de baile en el escenario.<\/p>\n\n\n\n<p>Desde Neuqu\u00e9n, Argentina, se presentaron \u201cLos Ceballos\u201d, grupo perteneciente al mejor acordeonista del mundo, de igual forma la ranchera tropical estuvo a cargo de Jorge Luis El Potrillo y el exitoso grupo ranchero Los Peregrinos del Amor.<\/p>\n\n\n\n<p>Cabe se\u00f1alar que la corona del reinado campesino, fue para Viviana Barra representante del comit\u00e9 \u201cLas Vegas de Botacura\u201d, comit\u00e9 que organiz\u00f3 esta versi\u00f3n del encuentro, de igual forma se agradeci\u00f3 a Ana Troncoso del Comit\u00e9 \u201cLas Vegas de Quitrat\u00fae\u201d por su reinado 2019.<\/p>\n\n\n\n<p>Por su parte el Alcalde Guido Siegmund coment\u00f3: \u201c<em>es un evento que atrae mucha gente, No podemos perder las tradiciones, en general fue un buen evento ya que no hubo dificultades en la organizaci\u00f3n y el lugar elegido fue acertado por la cantidad de personas que se encontraban<\/em>\u201d.<\/p>\n\n\n\n<p>La pr\u00f3xima actividad que se acerca es la octava versi\u00f3n de la fiesta del cordero en el estadio Quitrat\u00fae, los d\u00edas 18 y 19 de enero con entrada liberada.<\/p>\n","protected":false},"excerpt":{"rendered":"<div class=\"pvc_clear\"><\/div>\n<p id=\"pvc_stats_7966\" class=\"pvc_stats total_only  \" data-element-id=\"7966\" style=\"\"><i class=\"pvc-stats-icon large\" aria-hidden=\"true\"><svg aria-hidden=\"true\" focusable=\"false\" data-prefix=\"far\" data-icon=\"chart-bar\" role=\"img\" xmlns=\"http:\/\/www.w3.org\/2000\/svg\" viewBox=\"0 0 512 512\" class=\"svg-inline--fa fa-chart-bar fa-w-16 fa-2x\"><path fill=\"currentColor\" d=\"M396.8 352h22.4c6.4 0 12.8-6.4 12.8-12.8V108.8c0-6.4-6.4-12.8-12.8-12.8h-22.4c-6.4 0-12.8 6.4-12.8 12.8v230.4c0 6.4 6.4 12.8 12.8 12.8zm-192 0h22.4c6.4 0 12.8-6.4 12.8-12.8V140.8c0-6.4-6.4-12.8-12.8-12.8h-22.4c-6.4 0-12.8 6.4-12.8 12.8v198.4c0 6.4 6.4 12.8 12.8 12.8zm96 0h22.4c6.4 0 12.8-6.4 12.8-12.8V204.8c0-6.4-6.4-12.8-12.8-12.8h-22.4c-6.4 0-12.8 6.4-12.8 12.8v134.4c0 6.4 6.4 12.8 12.8 12.8zM496 400H48V80c0-8.84-7.16-16-16-16H16C7.16 64 0 71.16 0 80v336c0 17.67 14.33 32 32 32h464c8.84 0 16-7.16 16-16v-16c0-8.84-7.16-16-16-16zm-387.2-48h22.4c6.4 0 12.8-6.4 12.8-12.8v-70.4c0-6.4-6.4-12.8-12.8-12.8h-22.4c-6.4 0-12.8 6.4-12.8 12.8v70.4c0 6.4 6.4 12.8 12.8 12.8z\" class=\"\"><\/path><\/svg><\/i> <img loading=\"lazy\" decoding=\"async\" width=\"16\" height=\"16\" alt=\"Loading\" src=\"https:\/\/temucotelevision.cl\/web\/wp-content\/plugins\/page-views-count\/ajax-loader-2x.gif\" border=0 \/><\/p>\n<div class=\"pvc_clear\"><\/div>\n<p>M\u00e1s de 5 mil personas disfrutaron de diferentes actividades realizadas en la versi\u00f3n veintis\u00e9is del encuentro campesino que este a\u00f1o<\/p>\n","protected":false},"author":1,"featured_media":7967,"comment_status":"open","ping_status":"open","sticky":false,"template":"","format":"standard","meta":{"colormag_page_container_layout":"default_layout","colormag_page_sidebar_layout":"default_layout","footnotes":""},"categories":[86],"tags":[350],"class_list":["post-7966","post","type-post","status-publish","format-standard","has-post-thumbnail","hentry","category-panoramas","tag-campesino"],"a3_pvc":{"activated":true,"total_views":42,"today_views":0},"_links":{"self":[{"href":"https:\/\/temucotelevision.cl\/web\/wp-json\/wp\/v2\/posts\/7966","targetHints":{"allow":["GET"]}}],"collection":[{"href":"https:\/\/temucotelevision.cl\/web\/wp-json\/wp\/v2\/posts"}],"about":[{"href":"https:\/\/temucotelevision.cl\/web\/wp-json\/wp\/v2\/types\/post"}],"author":[{"embeddable":true,"href":"https:\/\/temucotelevision.cl\/web\/wp-json\/wp\/v2\/users\/1"}],"replies":[{"embeddable":true,"href":"https:\/\/temucotelevision.cl\/web\/wp-json\/wp\/v2\/comments?post=7966"}],"version-history":[{"count":1,"href":"https:\/\/temucotelevision.cl\/web\/wp-json\/wp\/v2\/posts\/7966\/revisions"}],"predecessor-version":[{"id":7968,"href":"https:\/\/temucotelevision.cl\/web\/wp-json\/wp\/v2\/posts\/7966\/revisions\/7968"}],"wp:featuredmedia":[{"embeddable":true,"href":"https:\/\/temucotelevision.cl\/web\/wp-json\/wp\/v2\/media\/7967"}],"wp:attachment":[{"href":"https:\/\/temucotelevision.cl\/web\/wp-json\/wp\/v2\/media?parent=7966"}],"wp:term":[{"taxonomy":"category","embeddable":true,"href":"https:\/\/temucotelevision.cl\/web\/wp-json\/wp\/v2\/categories?post=7966"},{"taxonomy":"post_tag","embeddable":true,"href":"https:\/\/temucotelevision.cl\/web\/wp-json\/wp\/v2\/tags?post=7966"}],"curies":[{"name":"wp","href":"https:\/\/api.w.org\/{rel}","templated":true}]}}