{"id":7962,"date":"2020-01-14T17:16:30","date_gmt":"2020-01-14T20:16:30","guid":{"rendered":"https:\/\/temucotelevision.cl\/web\/?p=7962"},"modified":"2020-01-14T17:18:23","modified_gmt":"2020-01-14T20:18:23","slug":"carabineros-del-os-7-incauto-369-pastillas-de-extasis-en-temuco","status":"publish","type":"post","link":"https:\/\/temucotelevision.cl\/web\/2020\/01\/14\/carabineros-del-os-7-incauto-369-pastillas-de-extasis-en-temuco\/","title":{"rendered":"Carabineros del OS-7 incaut\u00f3 369 pastillas de \u00e9xtasis en sector de Av. Alemania de Temuco"},"content":{"rendered":"<div class=\"pvc_clear\"><\/div><p id=\"pvc_stats_7962\" class=\"pvc_stats total_only  \" data-element-id=\"7962\" style=\"\"><i class=\"pvc-stats-icon large\" aria-hidden=\"true\"><svg aria-hidden=\"true\" focusable=\"false\" data-prefix=\"far\" data-icon=\"chart-bar\" role=\"img\" xmlns=\"http:\/\/www.w3.org\/2000\/svg\" viewBox=\"0 0 512 512\" class=\"svg-inline--fa fa-chart-bar fa-w-16 fa-2x\"><path fill=\"currentColor\" d=\"M396.8 352h22.4c6.4 0 12.8-6.4 12.8-12.8V108.8c0-6.4-6.4-12.8-12.8-12.8h-22.4c-6.4 0-12.8 6.4-12.8 12.8v230.4c0 6.4 6.4 12.8 12.8 12.8zm-192 0h22.4c6.4 0 12.8-6.4 12.8-12.8V140.8c0-6.4-6.4-12.8-12.8-12.8h-22.4c-6.4 0-12.8 6.4-12.8 12.8v198.4c0 6.4 6.4 12.8 12.8 12.8zm96 0h22.4c6.4 0 12.8-6.4 12.8-12.8V204.8c0-6.4-6.4-12.8-12.8-12.8h-22.4c-6.4 0-12.8 6.4-12.8 12.8v134.4c0 6.4 6.4 12.8 12.8 12.8zM496 400H48V80c0-8.84-7.16-16-16-16H16C7.16 64 0 71.16 0 80v336c0 17.67 14.33 32 32 32h464c8.84 0 16-7.16 16-16v-16c0-8.84-7.16-16-16-16zm-387.2-48h22.4c6.4 0 12.8-6.4 12.8-12.8v-70.4c0-6.4-6.4-12.8-12.8-12.8h-22.4c-6.4 0-12.8 6.4-12.8 12.8v70.4c0 6.4 6.4 12.8 12.8 12.8z\" class=\"\"><\/path><\/svg><\/i> <img loading=\"lazy\" decoding=\"async\" width=\"16\" height=\"16\" alt=\"Loading\" src=\"https:\/\/temucotelevision.cl\/web\/wp-content\/plugins\/page-views-count\/ajax-loader-2x.gif\" border=0 \/><\/p><div class=\"pvc_clear\"><\/div>\n<p><em>La droga era comercializada en el sector de Avenida Alemania.&nbsp;<\/em><\/p>\n\n\n\n<p>En el marco de las investigaciones y servicios preventivos que realiza Carabineros durante la temporada estival a ra\u00edz del aumento de turistas, en las \u00faltimas horas, se sacaron de circulaci\u00f3n 369 pastillas de \u00e9xtasis y 600 dosis de marihuana elaborada en Temuco.<\/p>\n\n\n\n<p>El personal especializado del OS-7 Araucan\u00eda, en base al an\u00e1lisis de informaci\u00f3n y el uso de herramientas que faculta la Ley de Drogas, investig\u00f3 a un sujeto de 27 a\u00f1os de edad, quien comercializaba las denominadas drogas de dise\u00f1o en el sector de Avenida Alemania.&nbsp;<\/p>\n\n\n\n<p>Seg\u00fan precis\u00f3 el Capit\u00e1n Rodolfo Moller, Jefe del OS-7 en la Regi\u00f3n \u201cestas transacciones de droga se realizaban principalmente en la Avenida Alemania donde hay una gran cantidad de poblaci\u00f3n flotante debido a los locales nocturnos y pubs que existen en ese lugar, procediendo el persona a comprobar el delito en los precisos instantes en que vend\u00eda la droga a dos mujeres. Se logr\u00f3 detener al vendedor y la compradora de estas sustancias il\u00edcitas\u201d.<\/p>\n\n\n\n<p>En cumplimiento de las \u00f3rdenes judiciales correspondiente, Carabineros del OS-7 se dirigi\u00f3 hasta el domicilio del detenido, incautando en total 360 pastillas de \u00e9xtasis, junto a otras drogas en cantidades como ketamina, MDMA, 600 dosis de marihuana elaborada y plantas de Cannabis Sativa, junto con otras especies asociadas al il\u00edcito. \u201cEstas drogas son muy peligrosas y nocivas para la salud de quienes las consumen\u201d, advirti\u00f3 el Capit\u00e1n Moller.<\/p>\n\n\n\n<p>Por instrucci\u00f3n de la Fiscal\u00eda local de Temuco, el detenido qued\u00f3 a disposici\u00f3n del Juzgado de Garant\u00eda de Temuco para el correspondiente control de la detenci\u00f3n. &nbsp;&nbsp;&nbsp;<\/p>\n","protected":false},"excerpt":{"rendered":"<div class=\"pvc_clear\"><\/div>\n<p id=\"pvc_stats_7962\" class=\"pvc_stats total_only  \" data-element-id=\"7962\" style=\"\"><i class=\"pvc-stats-icon large\" aria-hidden=\"true\"><svg aria-hidden=\"true\" focusable=\"false\" data-prefix=\"far\" data-icon=\"chart-bar\" role=\"img\" xmlns=\"http:\/\/www.w3.org\/2000\/svg\" viewBox=\"0 0 512 512\" class=\"svg-inline--fa fa-chart-bar fa-w-16 fa-2x\"><path fill=\"currentColor\" d=\"M396.8 352h22.4c6.4 0 12.8-6.4 12.8-12.8V108.8c0-6.4-6.4-12.8-12.8-12.8h-22.4c-6.4 0-12.8 6.4-12.8 12.8v230.4c0 6.4 6.4 12.8 12.8 12.8zm-192 0h22.4c6.4 0 12.8-6.4 12.8-12.8V140.8c0-6.4-6.4-12.8-12.8-12.8h-22.4c-6.4 0-12.8 6.4-12.8 12.8v198.4c0 6.4 6.4 12.8 12.8 12.8zm96 0h22.4c6.4 0 12.8-6.4 12.8-12.8V204.8c0-6.4-6.4-12.8-12.8-12.8h-22.4c-6.4 0-12.8 6.4-12.8 12.8v134.4c0 6.4 6.4 12.8 12.8 12.8zM496 400H48V80c0-8.84-7.16-16-16-16H16C7.16 64 0 71.16 0 80v336c0 17.67 14.33 32 32 32h464c8.84 0 16-7.16 16-16v-16c0-8.84-7.16-16-16-16zm-387.2-48h22.4c6.4 0 12.8-6.4 12.8-12.8v-70.4c0-6.4-6.4-12.8-12.8-12.8h-22.4c-6.4 0-12.8 6.4-12.8 12.8v70.4c0 6.4 6.4 12.8 12.8 12.8z\" class=\"\"><\/path><\/svg><\/i> <img loading=\"lazy\" decoding=\"async\" width=\"16\" height=\"16\" alt=\"Loading\" src=\"https:\/\/temucotelevision.cl\/web\/wp-content\/plugins\/page-views-count\/ajax-loader-2x.gif\" border=0 \/><\/p>\n<div class=\"pvc_clear\"><\/div>\n<p>La droga era comercializada en el sector de Avenida Alemania.&nbsp; En el marco de las investigaciones y servicios preventivos que<\/p>\n","protected":false},"author":1,"featured_media":7963,"comment_status":"open","ping_status":"open","sticky":false,"template":"","format":"standard","meta":{"colormag_page_container_layout":"default_layout","colormag_page_sidebar_layout":"default_layout","footnotes":""},"categories":[16],"tags":[2164,2165],"class_list":["post-7962","post","type-post","status-publish","format-standard","has-post-thumbnail","hentry","category-policial","tag-extasis","tag-pastillas"],"a3_pvc":{"activated":true,"total_views":38,"today_views":0},"_links":{"self":[{"href":"https:\/\/temucotelevision.cl\/web\/wp-json\/wp\/v2\/posts\/7962","targetHints":{"allow":["GET"]}}],"collection":[{"href":"https:\/\/temucotelevision.cl\/web\/wp-json\/wp\/v2\/posts"}],"about":[{"href":"https:\/\/temucotelevision.cl\/web\/wp-json\/wp\/v2\/types\/post"}],"author":[{"embeddable":true,"href":"https:\/\/temucotelevision.cl\/web\/wp-json\/wp\/v2\/users\/1"}],"replies":[{"embeddable":true,"href":"https:\/\/temucotelevision.cl\/web\/wp-json\/wp\/v2\/comments?post=7962"}],"version-history":[{"count":2,"href":"https:\/\/temucotelevision.cl\/web\/wp-json\/wp\/v2\/posts\/7962\/revisions"}],"predecessor-version":[{"id":7965,"href":"https:\/\/temucotelevision.cl\/web\/wp-json\/wp\/v2\/posts\/7962\/revisions\/7965"}],"wp:featuredmedia":[{"embeddable":true,"href":"https:\/\/temucotelevision.cl\/web\/wp-json\/wp\/v2\/media\/7963"}],"wp:attachment":[{"href":"https:\/\/temucotelevision.cl\/web\/wp-json\/wp\/v2\/media?parent=7962"}],"wp:term":[{"taxonomy":"category","embeddable":true,"href":"https:\/\/temucotelevision.cl\/web\/wp-json\/wp\/v2\/categories?post=7962"},{"taxonomy":"post_tag","embeddable":true,"href":"https:\/\/temucotelevision.cl\/web\/wp-json\/wp\/v2\/tags?post=7962"}],"curies":[{"name":"wp","href":"https:\/\/api.w.org\/{rel}","templated":true}]}}