{"id":64958,"date":"2026-09-05T11:21:57","date_gmt":"2026-09-05T14:21:57","guid":{"rendered":"https:\/\/temucotelevision.cl\/web\/?p=64958"},"modified":"2026-09-05T11:21:57","modified_gmt":"2026-09-05T14:21:57","slug":"seguridad-municipal-captura-a-dos-menores-de-edad-que-robaban-especies-del-interior-de-vehiculos-en-temuco","status":"publish","type":"post","link":"https:\/\/temucotelevision.cl\/web\/2026\/09\/05\/seguridad-municipal-captura-a-dos-menores-de-edad-que-robaban-especies-del-interior-de-vehiculos-en-temuco\/","title":{"rendered":"Seguridad municipal captura a dos menores de edad que robaban especies del interior de veh\u00edculos en Temuco"},"content":{"rendered":"<div class=\"pvc_clear\"><\/div><p id=\"pvc_stats_64958\" class=\"pvc_stats total_only  \" data-element-id=\"64958\" style=\"\"><i class=\"pvc-stats-icon large\" aria-hidden=\"true\"><svg aria-hidden=\"true\" focusable=\"false\" data-prefix=\"far\" data-icon=\"chart-bar\" role=\"img\" xmlns=\"http:\/\/www.w3.org\/2000\/svg\" viewBox=\"0 0 512 512\" class=\"svg-inline--fa fa-chart-bar fa-w-16 fa-2x\"><path fill=\"currentColor\" d=\"M396.8 352h22.4c6.4 0 12.8-6.4 12.8-12.8V108.8c0-6.4-6.4-12.8-12.8-12.8h-22.4c-6.4 0-12.8 6.4-12.8 12.8v230.4c0 6.4 6.4 12.8 12.8 12.8zm-192 0h22.4c6.4 0 12.8-6.4 12.8-12.8V140.8c0-6.4-6.4-12.8-12.8-12.8h-22.4c-6.4 0-12.8 6.4-12.8 12.8v198.4c0 6.4 6.4 12.8 12.8 12.8zm96 0h22.4c6.4 0 12.8-6.4 12.8-12.8V204.8c0-6.4-6.4-12.8-12.8-12.8h-22.4c-6.4 0-12.8 6.4-12.8 12.8v134.4c0 6.4 6.4 12.8 12.8 12.8zM496 400H48V80c0-8.84-7.16-16-16-16H16C7.16 64 0 71.16 0 80v336c0 17.67 14.33 32 32 32h464c8.84 0 16-7.16 16-16v-16c0-8.84-7.16-16-16-16zm-387.2-48h22.4c6.4 0 12.8-6.4 12.8-12.8v-70.4c0-6.4-6.4-12.8-12.8-12.8h-22.4c-6.4 0-12.8 6.4-12.8 12.8v70.4c0 6.4 6.4 12.8 12.8 12.8z\" class=\"\"><\/path><\/svg><\/i> <img loading=\"lazy\" decoding=\"async\" width=\"16\" height=\"16\" alt=\"Loading\" src=\"https:\/\/temucotelevision.cl\/web\/wp-content\/plugins\/page-views-count\/ajax-loader-2x.gif\" border=0 \/><\/p><div class=\"pvc_clear\"><\/div>\n<p class=\"wp-block-paragraph\">_Una alerta de la Sala de Teleprotecci\u00f3n de la Direcci\u00f3n de Seguridad P\u00fablica (DISEP) permiti\u00f3 desplegar una persecuci\u00f3n y detener en flagrancia a dos adolescentes que sustrajeron especies desde un autom\u00f3vil tras romper sus vidrios en inmediaciones del Mall Portal Temuco._<\/p>\n\n\n\n<p class=\"wp-block-paragraph\">Un operativo que combin\u00f3 el monitoreo preventivo de c\u00e1maras de seguridad y una r\u00e1pida capacidad de reacci\u00f3n en terreno permiti\u00f3 a la Direcci\u00f3n de Seguridad P\u00fablica (DISEP) de la Municipalidad de Temuco concretar la detenci\u00f3n en flagrancia de dos menores de edad de 16 y 17 a\u00f1os (imputables conforme a la Ley de Responsabilidad Penal Adolescente) tras perpetrar un robo a un veh\u00edculo estacionado en el sector poniente de la ciudad.<\/p>\n\n\n\n<p class=\"wp-block-paragraph\">El procedimiento se origin\u00f3 tras la alerta visual emitida por los operadores de la Sala de Teleprotecci\u00f3n de la DISEP, quienes detectaron a dos sujetos en actitudes sospechosas e intentando forzar veh\u00edculos estacionados en el per\u00edmetro comprendido por las calles Hochstetter, Espa\u00f1a y Puc\u00f3n. Gracias al seguimiento en tiempo real de los dispositivos de vigilancia, los operadores divisaron el instante en que ambos individuos hu\u00edan a pie por calle Hochstetter portando una mochila, para luego abordar un colectivo con el prop\u00f3sito de abandonar la zona.<\/p>\n\n\n\n<p class=\"wp-block-paragraph\">Con la descripci\u00f3n detallada y la ruta de escape monitoreada, personal de la Secci\u00f3n Motorizada de la DISEP activ\u00f3 de inmediato un operativo de seguimiento, logrando dar alcance e interceptar al colectivo en la intersecci\u00f3n de Av. Pedro de Valdivia con Av. Prieto Norte. En el lugar, los inspectores municipales solicitaron a los sospechosos descender del m\u00f3vil, constatando que manten\u00edan en su poder una mochila de la cual se observaba en sue exterior una credencial corporativa a nombre de la doctora de una cl\u00ednica, procedencia que los involucrados no pudieron acreditar ni justificar.<\/p>\n\n\n\n<p class=\"wp-block-paragraph\">En forma simult\u00e1nea, otro motopatrullero municipal realiz\u00f3 un rastreo en el \u00e1rea donde se reportaron las primeras alertas, localizando en la v\u00eda p\u00fablica un veh\u00edculo marca Volvo, color caf\u00e9, el cual presentaba su luneta trasera quebrada y un vidrio lateral trizado. En esos mismos instantes se present\u00f3 la propietaria del autom\u00f3vil, cuyos datos de identificaci\u00f3n coincid\u00edan \u00edntegramente con la credencial encontrada en poder de los antisociales.<\/p>\n\n\n\n<p class=\"wp-block-paragraph\">Minutos m\u00e1s tarde, y mientras el equipo de Seguridad Municipal manten\u00eda a los delincuentes a la espera del personal policial, lleg\u00f3 al punto de intercepci\u00f3n el pololo de la v\u00edctima, quien reconoci\u00f3 las especies sustra\u00eddas. El aval\u00fao total, considerando las especies recuperadas y los da\u00f1os estructurales causados al autom\u00f3vil, alcanz\u00f3 $1.500.000.<\/p>\n\n\n\n<p class=\"wp-block-paragraph\">Tras constatar la flagrancia y los antecedentes recabados, detectives de la Brigada de Investigaci\u00f3n Criminal de la Polic\u00eda de Investigaciones (PDI) arribaron al lugar y asumieron la custodia de los dos menores de edad, traslad\u00e1ndolos hasta su cuartel policial para continuar con los procedimientos judiciales de rigor por los delitos de robo de accesorios o especies desde el interior de veh\u00edculo y da\u00f1os.<\/p>\n\n\n\n<p class=\"wp-block-paragraph\">La Direcci\u00f3n de Seguridad P\u00fablica recalc\u00f3 a los automovilistas la importancia de no dejar a simple vista accesorios o especies al interior de veh\u00edculos, porque los autom\u00f3viles no son una vitrina.<\/p>\n\n\n\n<figure class=\"wp-block-image size-full\"><img loading=\"lazy\" decoding=\"async\" width=\"900\" height=\"506\" src=\"https:\/\/temucotelevision.cl\/web\/wp-content\/uploads\/2026\/09\/e18bdf93-695d-41f0-8545-e7566b3610cb.jpg\" alt=\"\" class=\"wp-image-64960\" srcset=\"https:\/\/temucotelevision.cl\/web\/wp-content\/uploads\/2026\/09\/e18bdf93-695d-41f0-8545-e7566b3610cb.jpg 900w, https:\/\/temucotelevision.cl\/web\/wp-content\/uploads\/2026\/09\/e18bdf93-695d-41f0-8545-e7566b3610cb-768x432.jpg 768w\" sizes=\"auto, (max-width: 900px) 100vw, 900px\" \/><\/figure>\n","protected":false},"excerpt":{"rendered":"<div class=\"pvc_clear\"><\/div>\n<p id=\"pvc_stats_64958\" class=\"pvc_stats total_only  \" data-element-id=\"64958\" style=\"\"><i class=\"pvc-stats-icon large\" aria-hidden=\"true\"><svg aria-hidden=\"true\" focusable=\"false\" data-prefix=\"far\" data-icon=\"chart-bar\" role=\"img\" xmlns=\"http:\/\/www.w3.org\/2000\/svg\" viewBox=\"0 0 512 512\" class=\"svg-inline--fa fa-chart-bar fa-w-16 fa-2x\"><path fill=\"currentColor\" d=\"M396.8 352h22.4c6.4 0 12.8-6.4 12.8-12.8V108.8c0-6.4-6.4-12.8-12.8-12.8h-22.4c-6.4 0-12.8 6.4-12.8 12.8v230.4c0 6.4 6.4 12.8 12.8 12.8zm-192 0h22.4c6.4 0 12.8-6.4 12.8-12.8V140.8c0-6.4-6.4-12.8-12.8-12.8h-22.4c-6.4 0-12.8 6.4-12.8 12.8v198.4c0 6.4 6.4 12.8 12.8 12.8zm96 0h22.4c6.4 0 12.8-6.4 12.8-12.8V204.8c0-6.4-6.4-12.8-12.8-12.8h-22.4c-6.4 0-12.8 6.4-12.8 12.8v134.4c0 6.4 6.4 12.8 12.8 12.8zM496 400H48V80c0-8.84-7.16-16-16-16H16C7.16 64 0 71.16 0 80v336c0 17.67 14.33 32 32 32h464c8.84 0 16-7.16 16-16v-16c0-8.84-7.16-16-16-16zm-387.2-48h22.4c6.4 0 12.8-6.4 12.8-12.8v-70.4c0-6.4-6.4-12.8-12.8-12.8h-22.4c-6.4 0-12.8 6.4-12.8 12.8v70.4c0 6.4 6.4 12.8 12.8 12.8z\" class=\"\"><\/path><\/svg><\/i> <img loading=\"lazy\" decoding=\"async\" width=\"16\" height=\"16\" alt=\"Loading\" src=\"https:\/\/temucotelevision.cl\/web\/wp-content\/plugins\/page-views-count\/ajax-loader-2x.gif\" border=0 \/><\/p>\n<div class=\"pvc_clear\"><\/div>\n<p>_Una alerta de la Sala de Teleprotecci\u00f3n de la Direcci\u00f3n de Seguridad P\u00fablica (DISEP) permiti\u00f3 desplegar una persecuci\u00f3n y detener<\/p>\n","protected":false},"author":1,"featured_media":64959,"comment_status":"open","ping_status":"open","sticky":false,"template":"","format":"standard","meta":{"colormag_page_container_layout":"default_layout","colormag_page_sidebar_layout":"default_layout","advanced_seo_description":"","jetpack_seo_html_title":"","jetpack_seo_noindex":false,"jetpack_seo_schema_type":"","_jetpack_newsletter_access":"","_jetpack_dont_email_post_to_subs":false,"_jetpack_newsletter_tier_id":0,"_jetpack_memberships_contains_paywalled_content":false,"_jetpack_feature_clip_id":0,"_jetpack_memberships_contains_paid_content":false,"footnotes":"","jetpack_publicize_message":"El procedimiento se inici\u00f3 gracias al monitoreo de las c\u00e1maras de teleprotecci\u00f3n, permitiendo seguir la ruta de escape de los adolescentes y recuperar las especies sustra\u00eddas, adem\u00e1s de constatar da\u00f1os por $1,5 millones.","jetpack_publicize_feature_enabled":true,"jetpack_social_post_already_shared":false,"jetpack_social_options":{"image_generator_settings":{"template":"highway","default_image_id":0,"font":"","enabled":false},"version":2},"jetpack_post_was_ever_published":false},"categories":[14],"tags":[400],"class_list":["post-64958","post","type-post","status-publish","format-standard","has-post-thumbnail","hentry","category-temuco","tag-robos"],"a3_pvc":{"activated":true,"total_views":3921,"today_views":166},"jetpack_publicize_connections":[],"jetpack_sharing_enabled":true,"jetpack_likes_enabled":true,"jetpack_featured_media_url":"https:\/\/temucotelevision.cl\/web\/wp-content\/uploads\/2026\/09\/450d69c7-4984-4a3c-b060-04f84da57342-scaled.jpg","_links":{"self":[{"href":"https:\/\/temucotelevision.cl\/web\/wp-json\/wp\/v2\/posts\/64958","targetHints":{"allow":["GET"]}}],"collection":[{"href":"https:\/\/temucotelevision.cl\/web\/wp-json\/wp\/v2\/posts"}],"about":[{"href":"https:\/\/temucotelevision.cl\/web\/wp-json\/wp\/v2\/types\/post"}],"author":[{"embeddable":true,"href":"https:\/\/temucotelevision.cl\/web\/wp-json\/wp\/v2\/users\/1"}],"replies":[{"embeddable":true,"href":"https:\/\/temucotelevision.cl\/web\/wp-json\/wp\/v2\/comments?post=64958"}],"version-history":[{"count":1,"href":"https:\/\/temucotelevision.cl\/web\/wp-json\/wp\/v2\/posts\/64958\/revisions"}],"predecessor-version":[{"id":64961,"href":"https:\/\/temucotelevision.cl\/web\/wp-json\/wp\/v2\/posts\/64958\/revisions\/64961"}],"wp:featuredmedia":[{"embeddable":true,"href":"https:\/\/temucotelevision.cl\/web\/wp-json\/wp\/v2\/media\/64959"}],"wp:attachment":[{"href":"https:\/\/temucotelevision.cl\/web\/wp-json\/wp\/v2\/media?parent=64958"}],"wp:term":[{"taxonomy":"category","embeddable":true,"href":"https:\/\/temucotelevision.cl\/web\/wp-json\/wp\/v2\/categories?post=64958"},{"taxonomy":"post_tag","embeddable":true,"href":"https:\/\/temucotelevision.cl\/web\/wp-json\/wp\/v2\/tags?post=64958"}],"curies":[{"name":"wp","href":"https:\/\/api.w.org\/{rel}","templated":true}]}}