{"id":64954,"date":"2026-09-05T11:12:16","date_gmt":"2026-09-05T14:12:16","guid":{"rendered":"https:\/\/temucotelevision.cl\/web\/?p=64954"},"modified":"2026-09-05T11:12:16","modified_gmt":"2026-09-05T14:12:16","slug":"paradeportistas-de-teleton-temuco-destacan-en-campeonato-nacional-de-parapowerlifting","status":"publish","type":"post","link":"https:\/\/temucotelevision.cl\/web\/2026\/09\/05\/paradeportistas-de-teleton-temuco-destacan-en-campeonato-nacional-de-parapowerlifting\/","title":{"rendered":"Paradeportistas de Telet\u00f3n Temuco destacan en Campeonato Nacional de Parapowerlifting"},"content":{"rendered":"<div class=\"pvc_clear\"><\/div><p id=\"pvc_stats_64954\" class=\"pvc_stats total_only  \" data-element-id=\"64954\" style=\"\"><i class=\"pvc-stats-icon large\" aria-hidden=\"true\"><svg aria-hidden=\"true\" focusable=\"false\" data-prefix=\"far\" data-icon=\"chart-bar\" role=\"img\" xmlns=\"http:\/\/www.w3.org\/2000\/svg\" viewBox=\"0 0 512 512\" class=\"svg-inline--fa fa-chart-bar fa-w-16 fa-2x\"><path fill=\"currentColor\" d=\"M396.8 352h22.4c6.4 0 12.8-6.4 12.8-12.8V108.8c0-6.4-6.4-12.8-12.8-12.8h-22.4c-6.4 0-12.8 6.4-12.8 12.8v230.4c0 6.4 6.4 12.8 12.8 12.8zm-192 0h22.4c6.4 0 12.8-6.4 12.8-12.8V140.8c0-6.4-6.4-12.8-12.8-12.8h-22.4c-6.4 0-12.8 6.4-12.8 12.8v198.4c0 6.4 6.4 12.8 12.8 12.8zm96 0h22.4c6.4 0 12.8-6.4 12.8-12.8V204.8c0-6.4-6.4-12.8-12.8-12.8h-22.4c-6.4 0-12.8 6.4-12.8 12.8v134.4c0 6.4 6.4 12.8 12.8 12.8zM496 400H48V80c0-8.84-7.16-16-16-16H16C7.16 64 0 71.16 0 80v336c0 17.67 14.33 32 32 32h464c8.84 0 16-7.16 16-16v-16c0-8.84-7.16-16-16-16zm-387.2-48h22.4c6.4 0 12.8-6.4 12.8-12.8v-70.4c0-6.4-6.4-12.8-12.8-12.8h-22.4c-6.4 0-12.8 6.4-12.8 12.8v70.4c0 6.4 6.4 12.8 12.8 12.8z\" class=\"\"><\/path><\/svg><\/i> <img loading=\"lazy\" decoding=\"async\" width=\"16\" height=\"16\" alt=\"Loading\" src=\"https:\/\/temucotelevision.cl\/web\/wp-content\/plugins\/page-views-count\/ajax-loader-2x.gif\" border=0 \/><\/p><div class=\"pvc_clear\"><\/div>\n<p class=\"wp-block-paragraph\">Con importantes resultados regresaron los representantes de&nbsp;<strong>Telet\u00f3n Temuco<\/strong>&nbsp;que participaron en el Campeonato Nacional de Parapowerlifting, realizado el s\u00e1bado 29 de agosto en Santiago, competencia que reuni\u00f3 a deportistas de distintas regiones del pa\u00eds.<\/p>\n\n\n\n<p class=\"wp-block-paragraph\">Entre los protagonistas estuvo&nbsp;<strong>Fernando Espinoza<\/strong>, representante de Villarrica, quien tuvo una sobresaliente actuaci\u00f3n al conseguir el&nbsp;<strong>primer lugar en la categor\u00eda Juvenil hasta 54 kilos<\/strong>&nbsp;y quedarse adem\u00e1s con el&nbsp;<strong>tercer lugar en la categor\u00eda Adulto hasta 54 kilos<\/strong>.<\/p>\n\n\n\n<p class=\"wp-block-paragraph\">A estos resultados se sum\u00f3 la actuaci\u00f3n de&nbsp;<strong>Sof\u00eda Mart\u00ednez<\/strong>, representante de Temuco, quien obtuvo el&nbsp;<strong>tercer lugar en la categor\u00eda Damas hasta 50 kilos<\/strong>, aportando otro podio para la delegaci\u00f3n de La Araucan\u00eda.<\/p>\n\n\n\n<p class=\"wp-block-paragraph\">Ambos deportistas representaron a la&nbsp;<strong>Regi\u00f3n de La Araucan\u00eda<\/strong>&nbsp;y son pacientes de Telet\u00f3n Temuco. Su preparaci\u00f3n deportiva se desarrolla a trav\u00e9s de la&nbsp;<strong>Unidad de Ejercicio y Deporte Adaptado<\/strong>, proceso que cuenta con la direcci\u00f3n y preparaci\u00f3n f\u00edsica de&nbsp;<strong>Manuel V\u00e1squez<\/strong>, preparador f\u00edsico de Pitrufqu\u00e9n.<\/p>\n\n\n\n<p class=\"wp-block-paragraph\">Los resultados obtenidos en Santiago son fruto de un proceso marcado por el&nbsp;<strong>esfuerzo, la disciplina y la perseverancia<\/strong>de los deportistas, junto al acompa\u00f1amiento de sus equipos de preparaci\u00f3n y de las familias que apoyan cada etapa de su desarrollo deportivo.<\/p>\n\n\n\n<p class=\"wp-block-paragraph\">Desde Telet\u00f3n Temuco destacaron que estos logros contribuyen a visibilizar el crecimiento del&nbsp;<strong>deporte adaptado y el paradeporte en La Araucan\u00eda<\/strong>, generando nuevas oportunidades para que ni\u00f1os, j\u00f3venes y adultos puedan desarrollar sus capacidades deportivas y competir en escenarios nacionales.<\/p>\n","protected":false},"excerpt":{"rendered":"<div class=\"pvc_clear\"><\/div>\n<p id=\"pvc_stats_64954\" class=\"pvc_stats total_only  \" data-element-id=\"64954\" style=\"\"><i class=\"pvc-stats-icon large\" aria-hidden=\"true\"><svg aria-hidden=\"true\" focusable=\"false\" data-prefix=\"far\" data-icon=\"chart-bar\" role=\"img\" xmlns=\"http:\/\/www.w3.org\/2000\/svg\" viewBox=\"0 0 512 512\" class=\"svg-inline--fa fa-chart-bar fa-w-16 fa-2x\"><path fill=\"currentColor\" d=\"M396.8 352h22.4c6.4 0 12.8-6.4 12.8-12.8V108.8c0-6.4-6.4-12.8-12.8-12.8h-22.4c-6.4 0-12.8 6.4-12.8 12.8v230.4c0 6.4 6.4 12.8 12.8 12.8zm-192 0h22.4c6.4 0 12.8-6.4 12.8-12.8V140.8c0-6.4-6.4-12.8-12.8-12.8h-22.4c-6.4 0-12.8 6.4-12.8 12.8v198.4c0 6.4 6.4 12.8 12.8 12.8zm96 0h22.4c6.4 0 12.8-6.4 12.8-12.8V204.8c0-6.4-6.4-12.8-12.8-12.8h-22.4c-6.4 0-12.8 6.4-12.8 12.8v134.4c0 6.4 6.4 12.8 12.8 12.8zM496 400H48V80c0-8.84-7.16-16-16-16H16C7.16 64 0 71.16 0 80v336c0 17.67 14.33 32 32 32h464c8.84 0 16-7.16 16-16v-16c0-8.84-7.16-16-16-16zm-387.2-48h22.4c6.4 0 12.8-6.4 12.8-12.8v-70.4c0-6.4-6.4-12.8-12.8-12.8h-22.4c-6.4 0-12.8 6.4-12.8 12.8v70.4c0 6.4 6.4 12.8 12.8 12.8z\" class=\"\"><\/path><\/svg><\/i> <img loading=\"lazy\" decoding=\"async\" width=\"16\" height=\"16\" alt=\"Loading\" src=\"https:\/\/temucotelevision.cl\/web\/wp-content\/plugins\/page-views-count\/ajax-loader-2x.gif\" border=0 \/><\/p>\n<div class=\"pvc_clear\"><\/div>\n<p>Con importantes resultados regresaron los representantes de&nbsp;Telet\u00f3n Temuco&nbsp;que participaron en el Campeonato Nacional de Parapowerlifting, realizado el s\u00e1bado 29 de<\/p>\n","protected":false},"author":1,"featured_media":64956,"comment_status":"open","ping_status":"open","sticky":false,"template":"","format":"standard","meta":{"colormag_page_container_layout":"default_layout","colormag_page_sidebar_layout":"default_layout","advanced_seo_description":"","jetpack_seo_html_title":"","jetpack_seo_noindex":false,"jetpack_seo_schema_type":"","_jetpack_newsletter_access":"","_jetpack_dont_email_post_to_subs":false,"_jetpack_newsletter_tier_id":0,"_jetpack_memberships_contains_paywalled_content":false,"_jetpack_feature_clip_id":0,"_jetpack_memberships_contains_paid_content":false,"footnotes":"","jetpack_publicize_message":"El esfuerzo y la perseverancia dieron frutos para los representantes de Telet\u00f3n Temuco, quienes consiguieron tres podios en el Campeonato Nacional de Parapowerlifting.","jetpack_publicize_feature_enabled":true,"jetpack_social_post_already_shared":false,"jetpack_social_options":{"image_generator_settings":{"template":"highway","default_image_id":0,"font":"","enabled":false},"version":2},"jetpack_post_was_ever_published":false},"categories":[14],"tags":[1989],"class_list":["post-64954","post","type-post","status-publish","format-standard","has-post-thumbnail","hentry","category-temuco","tag-teleton"],"a3_pvc":{"activated":true,"total_views":1172,"today_views":19},"jetpack_publicize_connections":[],"jetpack_sharing_enabled":true,"jetpack_likes_enabled":true,"jetpack_featured_media_url":"https:\/\/temucotelevision.cl\/web\/wp-content\/uploads\/2026\/09\/Deportes.jpg","_links":{"self":[{"href":"https:\/\/temucotelevision.cl\/web\/wp-json\/wp\/v2\/posts\/64954","targetHints":{"allow":["GET"]}}],"collection":[{"href":"https:\/\/temucotelevision.cl\/web\/wp-json\/wp\/v2\/posts"}],"about":[{"href":"https:\/\/temucotelevision.cl\/web\/wp-json\/wp\/v2\/types\/post"}],"author":[{"embeddable":true,"href":"https:\/\/temucotelevision.cl\/web\/wp-json\/wp\/v2\/users\/1"}],"replies":[{"embeddable":true,"href":"https:\/\/temucotelevision.cl\/web\/wp-json\/wp\/v2\/comments?post=64954"}],"version-history":[{"count":1,"href":"https:\/\/temucotelevision.cl\/web\/wp-json\/wp\/v2\/posts\/64954\/revisions"}],"predecessor-version":[{"id":64957,"href":"https:\/\/temucotelevision.cl\/web\/wp-json\/wp\/v2\/posts\/64954\/revisions\/64957"}],"wp:featuredmedia":[{"embeddable":true,"href":"https:\/\/temucotelevision.cl\/web\/wp-json\/wp\/v2\/media\/64956"}],"wp:attachment":[{"href":"https:\/\/temucotelevision.cl\/web\/wp-json\/wp\/v2\/media?parent=64954"}],"wp:term":[{"taxonomy":"category","embeddable":true,"href":"https:\/\/temucotelevision.cl\/web\/wp-json\/wp\/v2\/categories?post=64954"},{"taxonomy":"post_tag","embeddable":true,"href":"https:\/\/temucotelevision.cl\/web\/wp-json\/wp\/v2\/tags?post=64954"}],"curies":[{"name":"wp","href":"https:\/\/api.w.org\/{rel}","templated":true}]}}